{"id":81650,"date":"2023-07-18T22:56:43","date_gmt":"2023-07-18T22:56:43","guid":{"rendered":"https:\/\/www.clarin.com\/deportes\/san-lorenzo-cara-nueva-insua-carlos-auzqui-acordado-sumarse-ciclon-_0_POUzKdCuyu.html"},"modified":"2023-07-18T22:56:43","modified_gmt":"2023-07-18T22:56:43","slug":"san-lorenzo-ya-tiene-una-cara-nueva-para-insua-carlos-auzqui-tiene-todo-acordado-para-sumarse-al-ciclon","status":"publish","type":"post","link":"http:\/\/cordobainforma.info\/index.php\/2023\/07\/18\/san-lorenzo-ya-tiene-una-cara-nueva-para-insua-carlos-auzqui-tiene-todo-acordado-para-sumarse-al-ciclon\/","title":{"rendered":"San Lorenzo ya tiene una cara nueva para Insua: Carlos Auzqui tiene todo acordado para sumarse al &#8216;Cicl\u00f3n&#8217;"},"content":{"rendered":"<p><img src=\"http:\/\/cordobainforma.info\/wp-content\/uploads\/2023\/07\/san-lorenzo-ya-tiene-una-cara-nueva-para-insua-carlos-auzqui-tiene-todo-acordado-para-sumarse-al-ciclon.jpg\"><\/p>\n<div readability=\"32\">\n<div class=\"title check-space\" data-color=\"style='background-color:'\" readability=\"9\">\n<p><h2>El ex delantero de River y Estudiantes de La Plata viene a reemplazar la partida de Andr\u00e9s Vombergar para la disputa de la Copa de la Liga. Todos los detalles.<\/h2>\n<\/p>\n<\/div><\/div>\n<div id=\"entry-body\">\n<p>Una de las urgencias de <strong>Ruben Dar\u00edo Insua<\/strong> es sumar caras nuevas, principalmente en el ataque por la ida de Andr\u00e9s Vombergar y en la defensa por el adi\u00f3s de Federico Gattoni. Esa necesidad est\u00e1 por ser cubierta a medias. Es que San Lorenzo tiene todo acordado de palabra para incorporar a Carlos Auzqui en la delantera y se convertir\u00e1 en las pr\u00f3ximas horas en el primer refuerzo azulgrana del mercado invernal. Mientras tanto, espera resolver la salida de Racing del zaguero central Jonathan Galv\u00e1n para sumarlo a la brevedad.<\/p>\n<p>Auzqui era uno de los apuntados por el Gallego Insua, que insisti\u00f3 por su arribo. Actualmente, el jugador de 32 a\u00f1os act\u00faa en el Ferencv\u00e1rosi Torna de Hungr\u00eda. All\u00ed disput\u00f3 un total de 32 partidos y marc\u00f3 5 goles. Las conversaciones vienen desde hace un par de semanas. En un principio, desde Boedo intentaron ver la manera de sacarlo sin cargo, aunque desde Europa pidieron un resarcimiento por la rescisi\u00f3n anticipada.<\/p>\n<div class=\"sp__Normal embed-box embed-body-photo\" data-index=\"1\">\n<picture class=\"pointer\">\n<img class=\"img-expand\" width=\"100\" height=\"100\" loading=\"lazy\" src=\"http:\/\/cordobainforma.info\/wp-content\/uploads\/2023\/07\/san-lorenzo-ya-tiene-una-cara-nueva-para-insua-carlos-auzqui-tiene-todo-acordado-para-sumarse-al-ciclon-2.jpg\" alt=\"Auzqui dej\u00f3 buenos recuerdos en su paso por Talleres. Foto: EFE\"><br \/>\n<span class=\"bt-expand\"><br \/>\n<svg class=\"ico white_mod\">\n<use class=\"use-expand\" xlink:href=\"#icon-expand\" \/>\n<\/svg><br \/>\n<\/span>\n<\/picture><figcaption>Auzqui dej\u00f3 buenos recuerdos en su paso por Talleres. Foto: EFE <\/figcaption><\/div>\n<p>Hubo acuerdo por el monto, el Cicl\u00f3n pagar\u00e1 130 mil d\u00f3lares y en estos d\u00edas el futbolista que tuvo un paso por Hurac\u00e1n se someter\u00e1 a la revisi\u00f3n m\u00e9dica para firmar v\u00ednculo hasta diciembre de 2025 y luego acoplarse a los entrenamientos y ya estar a disposici\u00f3n del entrenador que quiere utilizarlo de inmediato.<br type=\"_moz\"><\/p>\n<p>De esta manera, el t\u00e9cnico tiene al reemplazante de Vombergar. Le falta un nombre para la \u00faltima l\u00ednea. Y ese nombre es el de Galv\u00e1n, con quien la entidad azul y roja ya tiene todo acordado: llegar\u00e1 a pr\u00e9stamo desde Argentinos Juniors (due\u00f1o de su pase) por 18 meses. El problema es que tiene contrato vigente en La Academia, que pretende un resarcimiento econ\u00f3mico para dejarlo ir con seis meses de anticipaci\u00f3n.<br type=\"_moz\"><\/p>\n<p>Mientras prepara todo para la revancha de los playoffs de la Copa Sudamericana, que ser\u00e1 este mi\u00e9rcoles desde las 21 en el Nuevo Gas\u00f3metro ante Independiente Medell\u00edn (la ida fue triunfo por 1-0), Insua empieza a recibir las buenas noticias que estaba aguardando para nutrir un plantel corto.<br type=\"_moz\"><\/p>\n<\/p><\/div>\n","protected":false},"excerpt":{"rendered":"<p>El ex delantero de River y Estudiantes de La Plata viene a reemplazar la partida de Andr\u00e9s Vombergar para la disputa de la Copa de la Liga. Todos los detalles. Una de las urgencias de Ruben Dar\u00edo Insua es sumar caras nuevas, principalmente en el ataque por la ida de Andr\u00e9s Vombergar y en la [&hellip;]<\/p>\n","protected":false},"author":1,"featured_media":81651,"comment_status":"closed","ping_status":"closed","sticky":false,"template":"","format":"standard","meta":[],"categories":[20],"tags":[],"_links":{"self":[{"href":"http:\/\/cordobainforma.info\/index.php\/wp-json\/wp\/v2\/posts\/81650"}],"collection":[{"href":"http:\/\/cordobainforma.info\/index.php\/wp-json\/wp\/v2\/posts"}],"about":[{"href":"http:\/\/cordobainforma.info\/index.php\/wp-json\/wp\/v2\/types\/post"}],"author":[{"embeddable":true,"href":"http:\/\/cordobainforma.info\/index.php\/wp-json\/wp\/v2\/users\/1"}],"replies":[{"embeddable":true,"href":"http:\/\/cordobainforma.info\/index.php\/wp-json\/wp\/v2\/comments?post=81650"}],"version-history":[{"count":0,"href":"http:\/\/cordobainforma.info\/index.php\/wp-json\/wp\/v2\/posts\/81650\/revisions"}],"wp:featuredmedia":[{"embeddable":true,"href":"http:\/\/cordobainforma.info\/index.php\/wp-json\/wp\/v2\/media\/81651"}],"wp:attachment":[{"href":"http:\/\/cordobainforma.info\/index.php\/wp-json\/wp\/v2\/media?parent=81650"}],"wp:term":[{"taxonomy":"category","embeddable":true,"href":"http:\/\/cordobainforma.info\/index.php\/wp-json\/wp\/v2\/categories?post=81650"},{"taxonomy":"post_tag","embeddable":true,"href":"http:\/\/cordobainforma.info\/index.php\/wp-json\/wp\/v2\/tags?post=81650"}],"curies":[{"name":"wp","href":"https:\/\/api.w.org\/{rel}","templated":true}]}}