{"id":81638,"date":"2023-07-18T09:50:00","date_gmt":"2023-07-18T09:50:00","guid":{"rendered":"http:\/\/cordobainforma.info\/index.php\/2023\/07\/18\/juez-algunos-me-soltaron-la-mano-parecia-que-no-querian-ganar-cordoba\/"},"modified":"2023-07-18T09:50:00","modified_gmt":"2023-07-18T09:50:00","slug":"juez-algunos-me-soltaron-la-mano-parecia-que-no-querian-ganar-cordoba","status":"publish","type":"post","link":"http:\/\/cordobainforma.info\/index.php\/2023\/07\/18\/juez-algunos-me-soltaron-la-mano-parecia-que-no-querian-ganar-cordoba\/","title":{"rendered":"Juez: \u201calgunos me soltaron la mano, parec\u00eda que no quer\u00edan ganar C\u00f3rdoba\u201d"},"content":{"rendered":"<div class=\"media_block\"><\/div>\n<div><img src=\"http:\/\/cordobainforma.info\/wp-content\/uploads\/2023\/07\/juez-algunos-me-soltaron-la-mano-parecia-que-no-querian-ganar-cordoba.jpg\" class=\"ff-og-image-inserted\"><\/div>\n<div readability=\"31\">\n<div class=\"author\" readability=\"7\">\n<p>\nJos\u00e9 Busaniche-Diego Caniglia\n<\/p>\n<\/div>\n<p><time class=\"article__date\" datetime=\"2023-07-18T06:50:00-03:00\"><br \/>\nHoy 06:50<br \/>\n<\/time>\n<\/div>\n<div readability=\"92.629849137931\">\n<p>Luis Juez rompi\u00f3 el silencio en los medios de C\u00f3rdoba, tras la derrota que sufri\u00f3 el 25 de junio liderando la boleta a gobernador por Juntos por el Cambio. En \u201cCon el diario del lunes\u201d, el senador precis\u00f3 que vivi\u00f3 una campa\u00f1a electoral intensa, \u201ccomo nunca lo hab\u00eda hecho. Fueron kil\u00f3metros y kil\u00f3metros recorridos pero no alcanz\u00f3 y mucho tiene que ver con el trabajo, el entramado que est\u00e1 armando el peronismo, sobretodo en la periferia, con m\u00e1s de 25 a\u00f1os en el poder. A eso hay que sumarle los amagues que se comieron los dirigentes de Juntos por el Cambio a nivel nacional\u201d.<\/p>\n<p>\u201cHace rato que lo vengo diciendo y nadie me escucha. \u00bfNos vamos a seguir haciendo los boludos? Lo voy a repetir hasta el hartazgo: en C\u00f3rdoba hay 14 barrios donde se ha formado una peque\u00f1a La Matanza y esos catorce barrios hoy definen una elecci\u00f3n. A m\u00ed no me van a contar lo que pasa en esos lugares porque yo saqu\u00e9 casi el 70% de los votos en elecciones anteriores. Pero hoy una elecci\u00f3n provincial se define ah\u00ed, en eso catorce barrios\u201d.<\/p>\n<p>Consultado respecto a las claves de la derrota, Juez precis\u00f3 que la estrategia de Horacio Rodr\u00edguez Larreta de tratar de sumar a Schiaretti fue perjudicial. \u201cMe reun\u00ed con \u00e9l cuando estuve en Buenos Aires. No quer\u00eda hacerlo, porque estaba de mal humor, pero me insistieron y fui. Sent\u00ed que no confiaron, que se hab\u00edan comido una operaci\u00f3n. Me dio sus explicaciones, pero para m\u00ed me soltaron la mano\u2026 Y despu\u00e9s apareci\u00f3 el audio de Gerardo Morales. Parec\u00eda que no quer\u00edan ganar C\u00f3rdoba. Ahora se est\u00e1n lamentando todos\u201d, precis\u00f3. Y a\u00f1adi\u00f3: \u00abNos vamos a lamentar de tener esta dirigencia pol\u00edtica en los tiempos que se vienen\u00bb.&nbsp;<\/p>\n<p>\u00abMacri se port\u00f3 bien, no puedo decir nada, vino a un lugar complejo para nosotros como es la Bolsa de Comercio, ante los empresarios, a quienes tengo que rendir examen todo el tiempo mientras a otros los aprueban con 9 siempre, aunque no rindan\u00bb, sostuvo sobre el rol del expresidente.&nbsp;<\/p>\n<p>En ese sentido, a\u00f1adi\u00f3 que el resultado de las PASO en Santa Fe demostr\u00f3 que la Regi\u00f3n Centro podr\u00eda ser toda de Juntos por el Cambio. \u201cEn Entre R\u00edos va a ganar Juntos, y en Santa Fe ya se vio lo que pas\u00f3. Ac\u00e1 en C\u00f3rdoba estuvimos 20 d\u00edas explicando que no \u00e9ramos lo mismo que Schiaretti, pero bueno\u2026 ya est\u00e1\u201d.<\/p>\n<p>\u201cSiempre les dije lo mismo a todos: o gano por dos puntos o pierdo por tres, es la historia de mi vida pol\u00edtica. Pero algunos no quisieron escuchar\u201d, a\u00f1adi\u00f3.<\/p>\n<p>Respecto a su escasa participaci\u00f3n en la campa\u00f1a municipal, Juez dijo que era algo l\u00f3gico. \u201cEs l\u00f3gico tomar un poco de distancia. La campa\u00f1a fue muy intensa, recorr\u00ed el interior tres veces y la verdad es que necesitaba parar un poco. De todas maneras, no tengo dudas de que Rodigo (de Loredo) va a ganar\u2026 va a ganar bien\u201d.<\/p>\n<p>\u00abCon todo respeto hacia Daniel (por Passerini) es una persona que no est\u00e1 instalada, no lo conocen y no tengo dudas de que va a ganar Rodrigo el domingo. Hace mucho tiempo que no lo ve\u00eda tan desesperado al peronismo\u00bb, a\u00f1adi\u00f3.<\/p>\n<p>\u00abEl tema del narcotr\u00e1fico en la campa\u00f1a es algo que en alg\u00fan momento la pol\u00edtica lo va a tener que hablar. No nos podemos seguir haciendo los boludos. En los barrios no hay m\u00e1s punteros pol\u00edticos, ahora hay dealers. Es un tema muy complejo\u00bb, sostuvo.&nbsp;&nbsp;<\/p>\n<div class=\"article__tags\">\n<p>En esta Nota<\/p>\n<\/p><\/div>\n<\/div>\n","protected":false},"excerpt":{"rendered":"<p>Jos\u00e9 Busaniche-Diego Caniglia Hoy 06:50 Luis Juez rompi\u00f3 el silencio en los medios de C\u00f3rdoba, tras la derrota que sufri\u00f3 el 25 de junio liderando la boleta a gobernador por Juntos por el Cambio. En \u201cCon el diario del lunes\u201d, el senador precis\u00f3 que vivi\u00f3 una campa\u00f1a electoral intensa, \u201ccomo nunca lo hab\u00eda hecho. Fueron [&hellip;]<\/p>\n","protected":false},"author":1,"featured_media":81639,"comment_status":"closed","ping_status":"closed","sticky":false,"template":"","format":"standard","meta":[],"categories":[2],"tags":[],"_links":{"self":[{"href":"http:\/\/cordobainforma.info\/index.php\/wp-json\/wp\/v2\/posts\/81638"}],"collection":[{"href":"http:\/\/cordobainforma.info\/index.php\/wp-json\/wp\/v2\/posts"}],"about":[{"href":"http:\/\/cordobainforma.info\/index.php\/wp-json\/wp\/v2\/types\/post"}],"author":[{"embeddable":true,"href":"http:\/\/cordobainforma.info\/index.php\/wp-json\/wp\/v2\/users\/1"}],"replies":[{"embeddable":true,"href":"http:\/\/cordobainforma.info\/index.php\/wp-json\/wp\/v2\/comments?post=81638"}],"version-history":[{"count":0,"href":"http:\/\/cordobainforma.info\/index.php\/wp-json\/wp\/v2\/posts\/81638\/revisions"}],"wp:featuredmedia":[{"embeddable":true,"href":"http:\/\/cordobainforma.info\/index.php\/wp-json\/wp\/v2\/media\/81639"}],"wp:attachment":[{"href":"http:\/\/cordobainforma.info\/index.php\/wp-json\/wp\/v2\/media?parent=81638"}],"wp:term":[{"taxonomy":"category","embeddable":true,"href":"http:\/\/cordobainforma.info\/index.php\/wp-json\/wp\/v2\/categories?post=81638"},{"taxonomy":"post_tag","embeddable":true,"href":"http:\/\/cordobainforma.info\/index.php\/wp-json\/wp\/v2\/tags?post=81638"}],"curies":[{"name":"wp","href":"https:\/\/api.w.org\/{rel}","templated":true}]}}