{"id":81627,"date":"2023-07-18T06:28:30","date_gmt":"2023-07-18T06:28:30","guid":{"rendered":"http:\/\/cordobainforma.info\/index.php\/2023\/07\/18\/la-cantidad-de-inmuebles-para-alquilar-en-cordoba-se-achico-mas-del-36-en-dos-anos\/"},"modified":"2023-07-18T06:28:30","modified_gmt":"2023-07-18T06:28:30","slug":"la-cantidad-de-inmuebles-para-alquilar-en-cordoba-se-achico-mas-del-36-en-dos-anos","status":"publish","type":"post","link":"http:\/\/cordobainforma.info\/index.php\/2023\/07\/18\/la-cantidad-de-inmuebles-para-alquilar-en-cordoba-se-achico-mas-del-36-en-dos-anos\/","title":{"rendered":"La cantidad de inmuebles para alquilar en <b>C\u00f3rdoba<\/b> se achic\u00f3 m\u00e1s del 36% en dos a\u00f1os"},"content":{"rendered":"<p>En junio las unidades disponibles fueron el 1,1% del total. Los n\u00fameros del Colegio Profesional de Inmobiliarios. <\/p>\n","protected":false},"excerpt":{"rendered":"<p>En junio las unidades disponibles fueron el 1,1% del total. Los n\u00fameros del Colegio Profesional de Inmobiliarios.<\/p>\n","protected":false},"author":1,"featured_media":0,"comment_status":"closed","ping_status":"closed","sticky":false,"template":"","format":"standard","meta":[],"categories":[23],"tags":[],"_links":{"self":[{"href":"http:\/\/cordobainforma.info\/index.php\/wp-json\/wp\/v2\/posts\/81627"}],"collection":[{"href":"http:\/\/cordobainforma.info\/index.php\/wp-json\/wp\/v2\/posts"}],"about":[{"href":"http:\/\/cordobainforma.info\/index.php\/wp-json\/wp\/v2\/types\/post"}],"author":[{"embeddable":true,"href":"http:\/\/cordobainforma.info\/index.php\/wp-json\/wp\/v2\/users\/1"}],"replies":[{"embeddable":true,"href":"http:\/\/cordobainforma.info\/index.php\/wp-json\/wp\/v2\/comments?post=81627"}],"version-history":[{"count":0,"href":"http:\/\/cordobainforma.info\/index.php\/wp-json\/wp\/v2\/posts\/81627\/revisions"}],"wp:attachment":[{"href":"http:\/\/cordobainforma.info\/index.php\/wp-json\/wp\/v2\/media?parent=81627"}],"wp:term":[{"taxonomy":"category","embeddable":true,"href":"http:\/\/cordobainforma.info\/index.php\/wp-json\/wp\/v2\/categories?post=81627"},{"taxonomy":"post_tag","embeddable":true,"href":"http:\/\/cordobainforma.info\/index.php\/wp-json\/wp\/v2\/tags?post=81627"}],"curies":[{"name":"wp","href":"https:\/\/api.w.org\/{rel}","templated":true}]}}