{"id":81530,"date":"2023-07-17T16:39:21","date_gmt":"2023-07-17T16:39:21","guid":{"rendered":"https:\/\/somoscordobeses.com\/2023\/07\/17\/desde-hoy-no-rige-mas-la-fe-de-vida-para-jubilados-y-pensionados\/"},"modified":"2023-07-17T16:39:21","modified_gmt":"2023-07-17T16:39:21","slug":"desde-hoy-no-rige-mas-la-fe-de-vida-para-jubilados-y-pensionados","status":"publish","type":"post","link":"http:\/\/cordobainforma.info\/index.php\/2023\/07\/17\/desde-hoy-no-rige-mas-la-fe-de-vida-para-jubilados-y-pensionados\/","title":{"rendered":"Desde hoy no rige m\u00e1s la \u00abfe de vida\u00bb para jubilados y pensionados"},"content":{"rendered":"<p><a href=\"https:\/\/curiosidades.com.ar\" rel=\"dofollow\" onmouseover=\"this.style.color='#fff';\" onmouseout=\"this.style.color='#fff';\">sabias que datos curiosos<\/a><br \/>\n<a href=\"https:\/\/elmonterizo.com\" rel=\"dofollow\" onmouseover=\"this.style.color='#fff';\" onmouseout=\"this.style.color='#fff';\">Ultimas Noticias y datos curiosos<\/a> <\/p>\n<div>\n<h2>Este lunes se public\u00f3 el decreto que promulga la eliminaci\u00f3n de este requisito. C\u00f3mo es ahora el tr\u00e1mite para cobrar.<\/h2>\n<p> La eliminaci\u00f3n del tr\u00e1mite de <strong>fe de vida<\/strong> de jubilados, pensionados y titulares de pensiones no contributivas, sancionada el 5 de julio por el Congreso Nacional, <strong>comenz\u00f3 a regir este lunes<\/strong> con la publicaci\u00f3n del decreto que la promulga en el Bolet\u00edn Oficial.<\/p>\n<p> Se trata de la Ley 27.721, promulgada a trav\u00e9s del Decreto 365\/2023, que lleva las firmas del presidente Alberto Fern\u00e1ndez; del jefe de Gabinete, Agust\u00edn Rossi; y de la ministra de Trabajo, Raquel \u2018Kelly\u2019 Kismer de Olmos.<\/p>\n<p> \u00abEn uso de las facultades conferidas por el art\u00edculo 78 de la Constituci\u00f3n Nacional prom\u00falgase la Ley N\u00ba 27.721 sancionada por el Honorable Congreso de la Naci\u00f3n en su sesi\u00f3n del d\u00eda 5 de julio de 2023\u00bb, se\u00f1ala la norma.<\/p>\n<p> La Ley 27.721 deja sin efecto la obligaci\u00f3n de presentar declaraci\u00f3n de supervivencia o fe de vida, y beneficia a jubilados y pensionados tanto del Sistema Integrado Previsional Argentino (SIPA) como beneficiarios de pensiones no contributivas.<\/p>\n<p> El primer art\u00edculo establece que los beneficiarios \u00abquedan eximidos de la obligaci\u00f3n de presentar la declaraci\u00f3n de supervivencia o fe de vida, as\u00ed como cualquier tr\u00e1mite complementario con igual fin, quedando sin efecto toda demostraci\u00f3n de subsistencia a cargo del beneficiario como condici\u00f3n para el cobro de sus haberes y dem\u00e1s beneficios previsionales\u00bb.<\/p>\n<p> La ley -sancionada por 170 votos a favor y 3 en contra- modifica el art\u00edculo 2 de la ley 26.704, y elimina el requisito de realizar acci\u00f3n alguna para acreditar supervivencia.<\/p>\n<h2>Eliminaci\u00f3n de la \u00abfe de vida\u00bb: c\u00f3mo es el tr\u00e1mite ahora para cobrar la jubilaci\u00f3n<\/h2>\n<p> Hasta ahora de los aproximadamente 7,3 millones de jubilados y pensionados, m\u00e1s de 3,2 millones ya no deb\u00edan presentar su fe de vida a partir de acuerdos entre el Estado y algunas entidades bancarias, en su mayor\u00eda, del sector p\u00fablico. Con el proyecto de ley aprobado en Diputados, la iniciativa alcanza a todos los jubilados y pensionados.<\/p>\n<p> Por lo tanto, seg\u00fan establece el art\u00edculo a partir de esta resoluci\u00f3n: \u00ab<strong>En ning\u00fan caso podr\u00e1n requerirse tr\u00e1mites adicionales<\/strong> a cargo del beneficiario y\/o apoderado de la prestaci\u00f3n\u00bb jubilatoria\u00bb m\u00e1s all\u00e1 de las verificaciones realizadas al momento del cobro presencial que eventualmente se realice\u00bb.<\/p>\n<p> La ley dispone que \u00abqueda sin efecto toda demostraci\u00f3n de subsistencia a cargo del beneficiario como condici\u00f3n para el cobro de sus haberes y dem\u00e1s beneficios previsionales\u00bb.<\/p>\n<p> Esto significa que ahora&nbsp;ya no ser\u00e1 necesario hacer el tr\u00e1mite de \u00abfe de vida\u00bb para cobrar el haber en agosto.<\/p>\n<p> Por otro lado, el art\u00edculo detalla que \u00ablas entidades que realicen pagos de jubilaciones y pensiones tienen la obligaci\u00f3n de rendir como impagos los fondos pagados con posterioridad a la fecha de fallecimiento de la persona titular del beneficio\u00bb.<\/p>\n<p> <em>Con datos de T\u00e9lam<\/em><\/p>\n<p> <em>D.D.<\/em><\/p>\n<\/div>\n<nav class=\"navigation post-navigation\" aria-label=\"Continue Reading\">\n<h2 class=\"screen-reader-text\">Continue Reading<\/h2>\n<\/nav>\n","protected":false},"excerpt":{"rendered":"<p>sabias que datos curiosos Ultimas Noticias y datos curiosos Este lunes se public\u00f3 el decreto que promulga la eliminaci\u00f3n de este requisito. C\u00f3mo es ahora el tr\u00e1mite para cobrar. La eliminaci\u00f3n del tr\u00e1mite de fe de vida de jubilados, pensionados y titulares de pensiones no contributivas, sancionada el 5 de julio por el Congreso Nacional, [&hellip;]<\/p>\n","protected":false},"author":1,"featured_media":81531,"comment_status":"closed","ping_status":"closed","sticky":false,"template":"","format":"standard","meta":[],"categories":[2],"tags":[],"_links":{"self":[{"href":"http:\/\/cordobainforma.info\/index.php\/wp-json\/wp\/v2\/posts\/81530"}],"collection":[{"href":"http:\/\/cordobainforma.info\/index.php\/wp-json\/wp\/v2\/posts"}],"about":[{"href":"http:\/\/cordobainforma.info\/index.php\/wp-json\/wp\/v2\/types\/post"}],"author":[{"embeddable":true,"href":"http:\/\/cordobainforma.info\/index.php\/wp-json\/wp\/v2\/users\/1"}],"replies":[{"embeddable":true,"href":"http:\/\/cordobainforma.info\/index.php\/wp-json\/wp\/v2\/comments?post=81530"}],"version-history":[{"count":0,"href":"http:\/\/cordobainforma.info\/index.php\/wp-json\/wp\/v2\/posts\/81530\/revisions"}],"wp:featuredmedia":[{"embeddable":true,"href":"http:\/\/cordobainforma.info\/index.php\/wp-json\/wp\/v2\/media\/81531"}],"wp:attachment":[{"href":"http:\/\/cordobainforma.info\/index.php\/wp-json\/wp\/v2\/media?parent=81530"}],"wp:term":[{"taxonomy":"category","embeddable":true,"href":"http:\/\/cordobainforma.info\/index.php\/wp-json\/wp\/v2\/categories?post=81530"},{"taxonomy":"post_tag","embeddable":true,"href":"http:\/\/cordobainforma.info\/index.php\/wp-json\/wp\/v2\/tags?post=81530"}],"curies":[{"name":"wp","href":"https:\/\/api.w.org\/{rel}","templated":true}]}}