{"id":81528,"date":"2023-07-17T17:39:27","date_gmt":"2023-07-17T17:39:27","guid":{"rendered":"https:\/\/somoscordobeses.com\/2023\/07\/17\/horacio-rodriguez-larreta-vaticino-que-dolar-se-iria-a-6-mil-pesos-si-el-proximo-gobierno-levanta-el-cepo-al-primer-dia-es-un-divague\/"},"modified":"2023-07-17T17:39:27","modified_gmt":"2023-07-17T17:39:27","slug":"horacio-rodriguez-larreta-vaticino-que-dolar-se-iria-a-6-mil-pesos-si-el-proximo-gobierno-levanta-el-cepo-al-primer-dia-es-un-divague","status":"publish","type":"post","link":"http:\/\/cordobainforma.info\/index.php\/2023\/07\/17\/horacio-rodriguez-larreta-vaticino-que-dolar-se-iria-a-6-mil-pesos-si-el-proximo-gobierno-levanta-el-cepo-al-primer-dia-es-un-divague\/","title":{"rendered":"Horacio Rodr\u00edguez Larreta vaticin\u00f3 que d\u00f3lar se ir\u00eda a 6 mil pesos si el pr\u00f3ximo Gobierno levanta el cepo al primer d\u00eda: \u00abEs un divague\u00bb"},"content":{"rendered":"<p><a href=\"https:\/\/curiosidades.com.ar\" rel=\"dofollow\" onmouseover=\"this.style.color='#fff';\" onmouseout=\"this.style.color='#fff';\">sabias que datos curiosos<\/a><br \/>\n<a href=\"https:\/\/elmonterizo.com\" rel=\"dofollow\" onmouseover=\"this.style.color='#fff';\" onmouseout=\"this.style.color='#fff';\">Ultimas Noticias y datos curiosos<\/a> <\/p>\n<div>\n<h2>El precandidato a presidente habl\u00f3 sobre las primeras medidas que tomar\u00eda si gana las elecciones. Habl\u00f3 de reducir ministerios y quitar subsidios a Aerol\u00edneas Argentinas<\/h2>\n<p> Horacio Rodr\u00edguez Larreta neg\u00f3 que tenga en mente salir del cepo al d\u00f3lar en el primer d\u00eda de un eventual gobierno bajo su gesti\u00f3n, y sostuvo que \u00abes mentira\u00bb que se pueda implementar esa medida sin un brusco salto devaluatorio. \u00ab<strong>Se ir\u00eda el d\u00f3lar a 6 mil\u00bb<\/strong>, vaticin\u00f3.<\/p>\n<p> \u00abEl que te diga que vas a salir del cepo el primer d\u00eda es mentira. <strong>Es un divague<\/strong>. Es una falta de respeto a la gente. O aclaralo y decile que <strong>el d\u00f3lar se va a 6 mil<\/strong>. Hay que levantar con d\u00f3lares en el Banco Central. Para eso hay que exportar m\u00e1s:&nbsp;Litio, gas, productos alimenticios\u00bb, sostuvo el precandidato presidencial en declaraciones a Radio 10.<\/p>\n<p> As\u00ed <strong>marc\u00f3 una fuerte diferencia con el equipo econ\u00f3mico de Patricia Bullrich<\/strong>, su rival en la interna de Juntos por el Cambio, que plantea una salida del cepo en los primeros d\u00edas de su gesti\u00f3n.&nbsp;\u00abEs imposible que suceda una devaluaci\u00f3n, el cambio en la econom\u00eda tiene que ir de a poco\u00bb, remarc\u00f3.<\/p>\n<p> No fue el \u00fanico punto en el que busc\u00f3 tomar distancia. \u00abCreo que no es bueno para Argentina el discursito del \u2018anti\u2019 que escuchamos hace 40 a\u00f1os. No es mi actitud\u00bb, respondi\u00f3 ante la consulta del conductor Jorge Rial sobre las chicanas que se escuchan del lado de la ex Ministra de Seguridad.<\/p>\n<p> En esa l\u00ednea puso como ejemplo el caso de Maximiliano Pullaro, el precandidato a gobernador por Santa Fe, que derrot\u00f3 en la interna este fin de semana a Carolina Losada luego de una virulenta campa\u00f1a verbal llevada adelante por la ex periodista. \u00ab<strong>En Santa Fe la gente no se enganch\u00f3 en agresiones <\/strong>y vot\u00f3 al que trabaja, al que tiene propuestas. Me siento identificado con \u00e9l\u00bb, sostuvo.<\/p>\n<p> De cualquier manera, agreg\u00f3 que estar\u00e1n \u00abtodos juntos\u00bb luego de las PASO. \u00abVamos a estar juntos con Patricia, no importa en qu\u00e9 lugar est\u00e9 cada uno\u00bb.<\/p>\n<p> En esa l\u00ednea neg\u00f3 sentir que Mauricio Macri le est\u00e9 jugando en contra.&nbsp;\u00abMauricio siempre va a jugar pol\u00edticamente y ser alguien de consulta. <strong>No siento que me est\u00e9 jugando en contra. <\/strong>En todo caso tiene derecho a elegir qui\u00e9n cree que es mejor candidato\u00bb, remarc\u00f3.<\/p>\n<p> En materia econ\u00f3mica habl\u00f3 de un plan integral de desarrollo, que incluya un \u00abplan de estabilizaci\u00f3n\u00bb y se refiri\u00f3 a algunas medidas concretas en materia laboral, aunque prefiri\u00f3 evitar el r\u00f3tulo de \u00abreforma\u00bb.<\/p>\n<p> \u00abHablar de reforma laboral suena mal, lo que nosotros decimos es que hay que terminar con el curro de los juicios laborales. No le vamos a sacar derechos a los trabajadores. Hay que estudiar c\u00f3mo hacemos para terminar con la industria del juicio laboral porque hoy una PyME no te toma un empleado ni loco. SMATA tiene un convenio colectivo que es muy moderno, genera trabajo y con sueldos altos\u00bb, sostuvo.<\/p>\n<p> Luego habl\u00f3 sobre reducir ministerios como una manera de ajustar el gasto y reducir el d\u00e9ficit. Incluso mencion\u00f3 al Ministerio de la Mujer como un ejemplo de cu\u00e1l quitar al afirmar que \u00abtodos los Ministerios se tienen que ocupar de las mujeres\u00bb. \u00abNosotros en la Ciudad de Buenos Aires gobernamos con la mitad de Ministerios\u00bb, ejemplific\u00f3.<\/p>\n<p> Tambi\u00e9n plante\u00f3 la necesidad de <strong>eliminar los subsidios en Aerol\u00edneas Argentinas<\/strong>. \u00abtiene que funcionar en equilibrio, sin subsidio. Hoy donde mas gasta es en vuelos internacionales. Una familia humilde que paga IVA comprando leche subsidia un viaje a Roma, o pasajes gratis a familiares de los trabajadores de la empresa. Es una injusticia\u00bb, protest\u00f3. <\/p>\n<div>\n<p> Por \u00faltimo pidi\u00f3 que se termine la \u00abjudicializaci\u00f3n de la pol\u00edtica\u00bb. \u00abCreo que tenemos que volver a la divisi\u00f3n de poderes. No puede ser una mec\u00e1nica habitual de la pol\u00edtica que cualquier cosa se mete una denuncia penal\u00bb, agreg\u00f3.<\/p>\n<\/div>\n<\/div>\n<nav class=\"navigation post-navigation\" aria-label=\"Continue Reading\">\n<h2 class=\"screen-reader-text\">Continue Reading<\/h2>\n<\/nav>\n","protected":false},"excerpt":{"rendered":"<p>sabias que datos curiosos Ultimas Noticias y datos curiosos El precandidato a presidente habl\u00f3 sobre las primeras medidas que tomar\u00eda si gana las elecciones. Habl\u00f3 de reducir ministerios y quitar subsidios a Aerol\u00edneas Argentinas Horacio Rodr\u00edguez Larreta neg\u00f3 que tenga en mente salir del cepo al d\u00f3lar en el primer d\u00eda de un eventual gobierno [&hellip;]<\/p>\n","protected":false},"author":1,"featured_media":81529,"comment_status":"closed","ping_status":"closed","sticky":false,"template":"","format":"standard","meta":[],"categories":[2],"tags":[],"_links":{"self":[{"href":"http:\/\/cordobainforma.info\/index.php\/wp-json\/wp\/v2\/posts\/81528"}],"collection":[{"href":"http:\/\/cordobainforma.info\/index.php\/wp-json\/wp\/v2\/posts"}],"about":[{"href":"http:\/\/cordobainforma.info\/index.php\/wp-json\/wp\/v2\/types\/post"}],"author":[{"embeddable":true,"href":"http:\/\/cordobainforma.info\/index.php\/wp-json\/wp\/v2\/users\/1"}],"replies":[{"embeddable":true,"href":"http:\/\/cordobainforma.info\/index.php\/wp-json\/wp\/v2\/comments?post=81528"}],"version-history":[{"count":0,"href":"http:\/\/cordobainforma.info\/index.php\/wp-json\/wp\/v2\/posts\/81528\/revisions"}],"wp:featuredmedia":[{"embeddable":true,"href":"http:\/\/cordobainforma.info\/index.php\/wp-json\/wp\/v2\/media\/81529"}],"wp:attachment":[{"href":"http:\/\/cordobainforma.info\/index.php\/wp-json\/wp\/v2\/media?parent=81528"}],"wp:term":[{"taxonomy":"category","embeddable":true,"href":"http:\/\/cordobainforma.info\/index.php\/wp-json\/wp\/v2\/categories?post=81528"},{"taxonomy":"post_tag","embeddable":true,"href":"http:\/\/cordobainforma.info\/index.php\/wp-json\/wp\/v2\/tags?post=81528"}],"curies":[{"name":"wp","href":"https:\/\/api.w.org\/{rel}","templated":true}]}}