{"id":81526,"date":"2023-07-17T09:26:35","date_gmt":"2023-07-17T09:26:35","guid":{"rendered":"http:\/\/cordobainforma.info\/index.php\/2023\/07\/17\/un-incendio-destruyo-un-colectivo-de-la-empresa-ersa-en-cordoba\/"},"modified":"2023-07-17T09:26:35","modified_gmt":"2023-07-17T09:26:35","slug":"un-incendio-destruyo-un-colectivo-de-la-empresa-ersa-en-cordoba","status":"publish","type":"post","link":"http:\/\/cordobainforma.info\/index.php\/2023\/07\/17\/un-incendio-destruyo-un-colectivo-de-la-empresa-ersa-en-cordoba\/","title":{"rendered":"Un incendio destruy\u00f3 un colectivo de la empresa Ersa en C\u00f3rdoba"},"content":{"rendered":"<div class=\"media_block\"><\/div>\n<div><img src=\"http:\/\/cordobainforma.info\/wp-content\/uploads\/2023\/07\/un-incendio-destruyo-un-colectivo-de-la-empresa-ersa-en-cordoba.jpg\" class=\"ff-og-image-inserted\"><\/div>\n<div readability=\"31\">\n<div class=\"author\" readability=\"7\">\n<p>\nRedacci\u00f3n Perfil C\u00f3rdoba\n<\/p>\n<\/div>\n<p><time class=\"article__date\" datetime=\"2023-07-17T06:26:35-03:00\"><br \/>\nHoy 06:26<br \/>\n<\/time>\n<\/div>\n<div readability=\"35.560975609756\">\n<p>Un incendio provoc\u00f3<strong> da\u00f1os totales<\/strong> en un colectivo de la empresa Ersa del transporte urbano de la ciudad de C\u00f3rdoba, inform\u00f3 la Polic\u00eda.<\/p>\n<p>El siniestro ocurri\u00f3 por causas a\u00fan no determinadas en la madrugada del domingo en un predio de la punta de l\u00ednea de esa compa\u00f1\u00eda ubicado en avenida O\u2019Higgins, en el sur de la capital cordobesa.<\/p>\n<p>Los<strong> bomberos lograron controlar las llamas y as\u00ed evitaron que se propagaran a otras unidades<\/strong>, que fueron retiradas por precauci\u00f3n.<\/p>\n<h2>Sin lesionados<\/h2>\n<p><strong>El fuego destruy\u00f3 el colectivo, que estaba estacionado contra un muro colindante con un barrio privado, pero no hubo personas heridas<\/strong>, se\u00f1alaron fuentes policiales.<\/p>\n<p>El servicio t\u00e9cnico de la fuerza antiincendios realiza el peritaje para determinar la causa del incendio, seg\u00fan publica <em>El Doce<\/em>.<\/p>\n<div class=\"article__tags\">\n<p>En esta Nota<\/p>\n<\/p><\/div>\n<\/div>\n","protected":false},"excerpt":{"rendered":"<p>Redacci\u00f3n Perfil C\u00f3rdoba Hoy 06:26 Un incendio provoc\u00f3 da\u00f1os totales en un colectivo de la empresa Ersa del transporte urbano de la ciudad de C\u00f3rdoba, inform\u00f3 la Polic\u00eda. El siniestro ocurri\u00f3 por causas a\u00fan no determinadas en la madrugada del domingo en un predio de la punta de l\u00ednea de esa compa\u00f1\u00eda ubicado en avenida [&hellip;]<\/p>\n","protected":false},"author":1,"featured_media":81527,"comment_status":"closed","ping_status":"closed","sticky":false,"template":"","format":"standard","meta":[],"categories":[2],"tags":[],"_links":{"self":[{"href":"http:\/\/cordobainforma.info\/index.php\/wp-json\/wp\/v2\/posts\/81526"}],"collection":[{"href":"http:\/\/cordobainforma.info\/index.php\/wp-json\/wp\/v2\/posts"}],"about":[{"href":"http:\/\/cordobainforma.info\/index.php\/wp-json\/wp\/v2\/types\/post"}],"author":[{"embeddable":true,"href":"http:\/\/cordobainforma.info\/index.php\/wp-json\/wp\/v2\/users\/1"}],"replies":[{"embeddable":true,"href":"http:\/\/cordobainforma.info\/index.php\/wp-json\/wp\/v2\/comments?post=81526"}],"version-history":[{"count":0,"href":"http:\/\/cordobainforma.info\/index.php\/wp-json\/wp\/v2\/posts\/81526\/revisions"}],"wp:featuredmedia":[{"embeddable":true,"href":"http:\/\/cordobainforma.info\/index.php\/wp-json\/wp\/v2\/media\/81527"}],"wp:attachment":[{"href":"http:\/\/cordobainforma.info\/index.php\/wp-json\/wp\/v2\/media?parent=81526"}],"wp:term":[{"taxonomy":"category","embeddable":true,"href":"http:\/\/cordobainforma.info\/index.php\/wp-json\/wp\/v2\/categories?post=81526"},{"taxonomy":"post_tag","embeddable":true,"href":"http:\/\/cordobainforma.info\/index.php\/wp-json\/wp\/v2\/tags?post=81526"}],"curies":[{"name":"wp","href":"https:\/\/api.w.org\/{rel}","templated":true}]}}