{"id":81515,"date":"2023-07-17T03:34:34","date_gmt":"2023-07-17T03:34:34","guid":{"rendered":"http:\/\/cordobainforma.info\/index.php\/2023\/07\/17\/mision-argentina-viaja-a-washington-para-cerrar-el-acuerdo-con-el-fmi-enredaccion-cordoba\/"},"modified":"2023-07-17T03:34:34","modified_gmt":"2023-07-17T03:34:34","slug":"mision-argentina-viaja-a-washington-para-cerrar-el-acuerdo-con-el-fmi-enredaccion-cordoba","status":"publish","type":"post","link":"http:\/\/cordobainforma.info\/index.php\/2023\/07\/17\/mision-argentina-viaja-a-washington-para-cerrar-el-acuerdo-con-el-fmi-enredaccion-cordoba\/","title":{"rendered":"Misi\u00f3n argentina viaja a Washington para cerrar el acuerdo con el FMI &#8211; ENREDACCI\u00d3N &#8211; <b>C\u00f3rdoba<\/b>"},"content":{"rendered":"<p>Una delegaci\u00f3n del Ministerio de <b>Econom\u00eda<\/b> viaja a Washington este lunes &#8230; para firmar probablemente el viernes pr\u00f3ximo un <b>nuevo<\/b> acuerdo que le&nbsp;&#8230; <\/p>\n","protected":false},"excerpt":{"rendered":"<p>Una delegaci\u00f3n del Ministerio de Econom\u00eda viaja a Washington este lunes &#8230; para firmar probablemente el viernes pr\u00f3ximo un nuevo acuerdo que le&nbsp;&#8230;<\/p>\n","protected":false},"author":1,"featured_media":0,"comment_status":"closed","ping_status":"closed","sticky":false,"template":"","format":"standard","meta":[],"categories":[23],"tags":[],"_links":{"self":[{"href":"http:\/\/cordobainforma.info\/index.php\/wp-json\/wp\/v2\/posts\/81515"}],"collection":[{"href":"http:\/\/cordobainforma.info\/index.php\/wp-json\/wp\/v2\/posts"}],"about":[{"href":"http:\/\/cordobainforma.info\/index.php\/wp-json\/wp\/v2\/types\/post"}],"author":[{"embeddable":true,"href":"http:\/\/cordobainforma.info\/index.php\/wp-json\/wp\/v2\/users\/1"}],"replies":[{"embeddable":true,"href":"http:\/\/cordobainforma.info\/index.php\/wp-json\/wp\/v2\/comments?post=81515"}],"version-history":[{"count":0,"href":"http:\/\/cordobainforma.info\/index.php\/wp-json\/wp\/v2\/posts\/81515\/revisions"}],"wp:attachment":[{"href":"http:\/\/cordobainforma.info\/index.php\/wp-json\/wp\/v2\/media?parent=81515"}],"wp:term":[{"taxonomy":"category","embeddable":true,"href":"http:\/\/cordobainforma.info\/index.php\/wp-json\/wp\/v2\/categories?post=81515"},{"taxonomy":"post_tag","embeddable":true,"href":"http:\/\/cordobainforma.info\/index.php\/wp-json\/wp\/v2\/tags?post=81515"}],"curies":[{"name":"wp","href":"https:\/\/api.w.org\/{rel}","templated":true}]}}