{"id":81483,"date":"2023-07-17T07:08:58","date_gmt":"2023-07-17T07:08:58","guid":{"rendered":"http:\/\/cordobainforma.info\/index.php\/2023\/07\/17\/rusia-lo-ocurrido-en-el-puente-de-crimea-es-un-atentado-terrorista-de-ucrania\/"},"modified":"2023-07-17T07:08:58","modified_gmt":"2023-07-17T07:08:58","slug":"rusia-lo-ocurrido-en-el-puente-de-crimea-es-un-atentado-terrorista-de-ucrania","status":"publish","type":"post","link":"http:\/\/cordobainforma.info\/index.php\/2023\/07\/17\/rusia-lo-ocurrido-en-el-puente-de-crimea-es-un-atentado-terrorista-de-ucrania\/","title":{"rendered":"Rusia: Lo ocurrido en el puente de Crimea es un atentado terrorista de Ucrania"},"content":{"rendered":"<p><img src=\"http:\/\/cordobainforma.info\/wp-content\/uploads\/2023\/07\/rusia-lo-ocurrido-en-el-puente-de-crimea-es-un-atentado-terrorista-de-ucrania.jpg\"><\/p>\n<div readability=\"32\">\n<p><span>Publicado:<\/span><time class=\"Timestamp-root Timestamp-isBlackColor \" datetime=\"2023-07-17T07:08:58+00:00\"> 17 jul 2023 07:08 GMT <\/time><\/p>\n<\/div>\n<div readability=\"33\">\n<p> Se ha abierto una causa penal en relaci\u00f3n con el incidente y los investigadores est\u00e1n identificando a las personas implicadas en la organizaci\u00f3n y ejecuci\u00f3n del crimen. <\/p>\n<\/div>\n<div readability=\"58.846598202824\">\n<p>Lo ocurrido este lunes en el puente de Crimea es un acto terrorista cometido por Ucrania, <a href=\"https:\/\/sledcom.ru\/news\/item\/1809503\/\" target=\"_blank\" rel=\"nofollow noopener noreferrer\">inform\u00f3<\/a> el Comit\u00e9 de Investigaci\u00f3n de Rusia.<\/p>\n<p>\u00abSeg\u00fan la indagaci\u00f3n, en la noche del 16 al 17 de julio, una de las secciones del puente de Crimea result\u00f3 da\u00f1ada como consecuencia de un acto terrorista cometido por los servicios especiales de Ucrania. Dos civiles \u2014un hombre y una mujer que viajaban por turismo por el puente\u2014 murieron, y su hija menor de edad result\u00f3 herida\u00bb, reza el comunicado del organismo.<\/p>\n<p>Se ha abierto una causa penal en relaci\u00f3n con el incidente y los investigadores est\u00e1n identificando a las personas implicadas en la organizaci\u00f3n y ejecuci\u00f3n del crimen.<\/p>\n<div class=\"ReadMore-root Section-root Section-is1to3-xs_is1to1\" data-widgets=\"ReadMore\">\n<div class=\"Section-container Section-isRow-isTop-isWrap\">\n<article class=\"Card-root Card-is1to1 \">\n<div class=\"Card-imageWrap\">\n<div class=\"Card-picture\"> <picture class=\"Picture-root Picture-default\"><!--[if IE 9]><video style=\"display: none;\"><![endif]--><source media=\"(-webkit-min-device-pixel-ratio: 2) and (min-resolution: 120dpi)\" srcset=\"http:\/\/cordobainforma.info\/wp-content\/uploads\/2023\/07\/rusia-lo-ocurrido-en-el-puente-de-crimea-es-un-atentado-terrorista-de-ucrania-2.jpg 850w, http:\/\/cordobainforma.info\/wp-content\/uploads\/2023\/07\/rusia-lo-ocurrido-en-el-puente-de-crimea-es-un-atentado-terrorista-de-ucrania-3.jpg 1960w\"><source srcset=\"http:\/\/cordobainforma.info\/wp-content\/uploads\/2023\/07\/rusia-lo-ocurrido-en-el-puente-de-crimea-es-un-atentado-terrorista-de-ucrania-2.jpg 460w, http:\/\/cordobainforma.info\/wp-content\/uploads\/2023\/07\/rusia-lo-ocurrido-en-el-puente-de-crimea-es-un-atentado-terrorista-de-ucrania-3.jpg 980w\"><!--[if IE 9]><\/video><![endif]--><img data-sizes=\"auto\" src=\"http:\/\/cordobainforma.info\/wp-content\/uploads\/2023\/07\/rusia-lo-ocurrido-en-el-puente-de-crimea-es-un-atentado-terrorista-de-ucrania-2.jpg\" class=\"Picture-root Picture-default lazyload\" alt=\"Se detiene el tr\u00e1fico en el puente de Crimea debido a una &quot;emergencia&quot;\"><\/picture><!-- noscript pattern --><noscript><img src=\"http:\/\/cordobainforma.info\/wp-content\/uploads\/2023\/07\/rusia-lo-ocurrido-en-el-puente-de-crimea-es-un-atentado-terrorista-de-ucrania-3.jpg\" alt=\"Se detiene el tr\u00e1fico en el puente de Crimea debido a una &quot;emergencia&quot;\"><\/noscript> <\/div><\/div>\n<\/article><\/div><\/div>\n<p>La portavoz del Ministerio de Asuntos Exteriores ruso, Mar\u00eda Zaj\u00e1rova, tambi\u00e9n <a href=\"https:\/\/t.me\/MariaVladimirovnaZakharova\/5836\" target=\"_blank\" rel=\"nofollow noopener noreferrer\">coment\u00f3<\/a> la situaci\u00f3n en sus redes sociales indicando que la decisi\u00f3n de atacar el puente fue tomada con la participaci\u00f3n de los servicios de inteligencia estadounidenses y brit\u00e1nicos.<\/p>\n<p>\u00abEl ataque de hoy en el puente de Crimea fue perpetrado por el r\u00e9gimen de Kiev. Este r\u00e9gimen es un r\u00e9gimen terrorista con todas las caracter\u00edsticas de un grupo delictivo organizado internacional. Las decisiones son tomadas por funcionarios y militares ucranianos con la participaci\u00f3n directa de los servicios de inteligencia y pol\u00edticos estadounidenses y brit\u00e1nicos\u00bb, escribi\u00f3 la vocera.<\/p>\n<p><strong><em>M\u00e1s informaci\u00f3n, en breve.<\/em><\/strong><\/p>\n<\/div>\n","protected":false},"excerpt":{"rendered":"<p>Publicado: 17 jul 2023 07:08 GMT Se ha abierto una causa penal en relaci\u00f3n con el incidente y los investigadores est\u00e1n identificando a las personas implicadas en la organizaci\u00f3n y ejecuci\u00f3n del crimen. Lo ocurrido este lunes en el puente de Crimea es un acto terrorista cometido por Ucrania, inform\u00f3 el Comit\u00e9 de Investigaci\u00f3n de [&hellip;]<\/p>\n","protected":false},"author":1,"featured_media":81484,"comment_status":"closed","ping_status":"closed","sticky":false,"template":"","format":"standard","meta":[],"categories":[22],"tags":[],"_links":{"self":[{"href":"http:\/\/cordobainforma.info\/index.php\/wp-json\/wp\/v2\/posts\/81483"}],"collection":[{"href":"http:\/\/cordobainforma.info\/index.php\/wp-json\/wp\/v2\/posts"}],"about":[{"href":"http:\/\/cordobainforma.info\/index.php\/wp-json\/wp\/v2\/types\/post"}],"author":[{"embeddable":true,"href":"http:\/\/cordobainforma.info\/index.php\/wp-json\/wp\/v2\/users\/1"}],"replies":[{"embeddable":true,"href":"http:\/\/cordobainforma.info\/index.php\/wp-json\/wp\/v2\/comments?post=81483"}],"version-history":[{"count":0,"href":"http:\/\/cordobainforma.info\/index.php\/wp-json\/wp\/v2\/posts\/81483\/revisions"}],"wp:featuredmedia":[{"embeddable":true,"href":"http:\/\/cordobainforma.info\/index.php\/wp-json\/wp\/v2\/media\/81484"}],"wp:attachment":[{"href":"http:\/\/cordobainforma.info\/index.php\/wp-json\/wp\/v2\/media?parent=81483"}],"wp:term":[{"taxonomy":"category","embeddable":true,"href":"http:\/\/cordobainforma.info\/index.php\/wp-json\/wp\/v2\/categories?post=81483"},{"taxonomy":"post_tag","embeddable":true,"href":"http:\/\/cordobainforma.info\/index.php\/wp-json\/wp\/v2\/tags?post=81483"}],"curies":[{"name":"wp","href":"https:\/\/api.w.org\/{rel}","templated":true}]}}