{"id":81418,"date":"2023-07-16T23:39:18","date_gmt":"2023-07-16T23:39:18","guid":{"rendered":"https:\/\/somoscordobeses.com\/2023\/07\/16\/indigno-es-sabotear-a-tu-propio-gobierno-fuerte-pelea-en-redes-entre-diego-bossio-y-mayra-mendoza-por-el-rol-de-maximo-kirchner\/"},"modified":"2023-07-16T23:39:18","modified_gmt":"2023-07-16T23:39:18","slug":"indigno-es-sabotear-a-tu-propio-gobierno-fuerte-pelea-en-redes-entre-diego-bossio-y-mayra-mendoza-por-el-rol-de-maximo-kirchner","status":"publish","type":"post","link":"http:\/\/cordobainforma.info\/index.php\/2023\/07\/16\/indigno-es-sabotear-a-tu-propio-gobierno-fuerte-pelea-en-redes-entre-diego-bossio-y-mayra-mendoza-por-el-rol-de-maximo-kirchner\/","title":{"rendered":"\u00abIndigno es sabotear a tu propio gobierno\u00bb, fuerte pelea en redes entre Diego Bossio y Mayra Mendoza por el rol de M\u00e1ximo Kirchner"},"content":{"rendered":"<p><a href=\"https:\/\/curiosidades.com.ar\" rel=\"dofollow\" onmouseover=\"this.style.color='#fff';\" onmouseout=\"this.style.color='#fff';\">sabias que datos curiosos<\/a><br \/>\n<a href=\"https:\/\/elmonterizo.com\" rel=\"dofollow\" onmouseover=\"this.style.color='#fff';\" onmouseout=\"this.style.color='#fff';\">Ultimas Noticias y datos curiosos<\/a> <\/p>\n<div>\n<p> <strong>Diego Bossio<\/strong> y <strong>Mayra Mendoza<\/strong> se trenzaron en un fuerte cruce por <strong>el rol de M\u00e1ximo Kirchner<\/strong> en la interna del Gobierno del Frente de Todos. El exdiputado arremeti\u00f3 contra la figura del l\u00edder de La C\u00e1mpora, cuyo proyecto dijo no conocer. Le respondi\u00f3 la intendenta de Quilmes, militante de la agrupaci\u00f3n K: dijo que en 2016, despu\u00e9s de la derrota del kirchnerismo, <strong>\u00ablo julepearon\u00bb<\/strong>. Y \u00e9l volvi\u00f3 a la carga: <strong>\u00abIndigno es sabotear a tu propio gobierno\u00bb.<\/strong><\/p>\n<p> Distanciado del actual oficialismo tras la victoria de Mauricio Macri en las elecciones presidenciales 2015, Bossio comparte actualmente \u00f3rbita con<strong> Florencio Randazzo y Juan Schiaretti<\/strong>, por cuyo espacio se postula como precandidato a diputado. Desde esa tribuna, l<strong>ejos del kirchnerismo<\/strong>, cuestion\u00f3 al l\u00edder camporista.<\/p>\n<p> \u00abLas cosas como son: n<strong>adie sabe cu\u00e1l es el proyecto de M\u00e1xim<\/strong>o\u00bb, manifest\u00f3 Bossio en redes sociales, donde comparti\u00f3 un recorte de su paso por \u00abEl loco y el cuerdo\u00bb, el programa de streaming de Flavio Azzaro y Andr\u00e9s Ducatenzeiler de n\u00facleo futbol\u00edstico pero con un costado politiquero.<\/p>\n<p> \u00abNo comparto la idea pol\u00edtica que tiene. Aparte, no la conozco\u00bb, expres\u00f3 Bossio. <strong>\u00ab\u00bfVos la conoc\u00e9s?\u00bb,<\/strong> retruc\u00f3, con una sonrisa en ese video. Tras la respuesta de Ducatenzeiler, redobl\u00f3: \u00abEsta bien, el distribucionismo. Vos dec\u00eds que es distribucionismo. Pero desde 2011 a la fecha no crecemos. Entonces, entre crecer y distribuir, cuando no crec\u00e9s, \u00bfqu\u00e9 ten\u00e9s para distribuir?\u00bb.<\/p>\n<p> Tambi\u00e9n critic\u00f3 al gobernador de la Provincia de Buenos Aires. \u00abEsa es la discusi\u00f3n de fondo con <strong>Kicillof<\/strong>\u00ab, explic\u00f3 Bossio, \u00ab\u00e9l dice que prefiere distribuir y no crecer. \u00bfSab\u00e9s qu\u00e9? Yo quiero crecer y distribuir. Esa es la gran diferencia\u00bb.<\/p>\n<p> <img decoding=\"async\" alt=\"Mayra Mendoza y M\u00e1ximo Kirchner, del n\u00facleo duro kirchnerista a la interna del Frente de Todos. Foto Juano Tesone\" height=\"100\" loading=\"lazy\" src=\"http:\/\/cordobainforma.info\/wp-content\/uploads\/2023\/07\/indigno-es-sabotear-a-tu-propio-gobierno-fuerte-pelea-en-redes-entre-diego-bossio-y-mayra-mendoza-por-el-rol-de-maximo-kirchner.jpg\" width=\"100\"> <\/p><figcaption>Mayra Mendoza y M\u00e1ximo Kirchner, del n\u00facleo duro kirchnerista a la interna del Frente de Todos. Foto Juano Tesone <\/figcaption><p>Su intervenci\u00f3n enfureci\u00f3 a Mendoza. \u00abDiego, <strong>sos indigno hasta para subirte el precio<\/strong> (que ten\u00e9s) en Twitter\u00bb, lo cruz\u00f3 la referente de La C\u00e1mpora. Pero no se qued\u00f3 ah\u00ed.<\/p>\n<p> \u00ab<strong>CFK te dio todo<\/strong>. Fuiste funcionario a\u00f1os. En enero de 2016<strong> te borraste<\/strong>. <strong>Te julepearon<\/strong>. Dec\u00eds que no sabes qu\u00e9 pa\u00eds queremos. \u00bfNo record\u00e1s?\u00bb, sigui\u00f3 la jefa comunal quilme\u00f1a. Remat\u00f3 con <strong>una posdata en clave de chicana futbolera<\/strong>: \u00ab\u00bfSegu\u00eds pensando que la pelota pica por que tiene <strong>un sapo adentro<\/strong>?\u00bb.<\/p>\n<p> <strong>Bossio tampoco se qued\u00f3 callado<\/strong>. Esta vez, apunt\u00f3 directamente a la feroz interna que se desat\u00f3 en el oficialismo luego de la derrota en las PASO 2021, con las renuncias en masa en el gabinete de Alberto Fern\u00e1ndez y las cr\u00edticas a lo que Cristina Kirchner denomin\u00f3 \u00abfuncionarios que no funcionan\u00bb.<\/p>\n<div>\n<p> \u00ab<strong>Indigno es sabotear a tu propio gobierno<\/strong>, tener 115% de inflaci\u00f3n y + de 60% de los chicos pobres. Mejor and\u00e1 a militar a tu candidato, <strong>no sea cosa que te acuerdes tarde, como en 2015<\/strong>\u00ab, contest\u00f3 el exdirector de Anses. Y arrim\u00f3 su propio pelotazo, con fuerte carga pol\u00edtica: \u00abDecile a tu jefe MK <strong>que devuelva la pelota que me regal\u00f3 N\u00e9stor<\/strong>. A \u00e9l le queda <strong>muy grande\u00bb.<\/strong><\/p>\n<\/div>\n<h2>Otro round de la pelea entre Diego Bossio y La C\u00e1mpora<\/h2>\n<p> \u00abEn enero de 2016 te borraste\u00bb, le dijo Mayra Mendoza a Diego Bossio en su \u00faltimo cruce. Esa hoja del calendario, aunque ya viejo, sigue con la marca intacta. Ese mes de aquel a\u00f1o fue el punto de quiebre entre el entonces flamante diputado y el kirchnerismo duro.<\/p>\n<p> Trece legisladores nacionales, entre ellos el exdirector de la Anses, decidieron romper con lo que en aquellos d\u00edas segu\u00eda siendo Frente para la Victoria. Adem\u00e1s de Bossio, del bloque K en la C\u00e1mara baja tambi\u00e9n se distanciaron Guillermo Snopek y Luis Beder Herrera, como integrantes fuertes. La mayor\u00eda ten\u00edan v\u00ednculos con Juan Manuel Urtubey.<\/p>\n<p> Pero el apellido que qued\u00f3 en el centro de la mira camporista fue Bossio, a quien tildaron de \u00abtraidor\u00bb.<\/p>\n<p> <img decoding=\"async\" alt=\"Cristina Kirchner, Axel Kicillof y Diego Bossio, sentados a la misma mesa, en 2015. Foto Diego D\u00edaz archivo\" height=\"100\" loading=\"lazy\" src=\"http:\/\/cordobainforma.info\/wp-content\/uploads\/2023\/07\/indigno-es-sabotear-a-tu-propio-gobierno-fuerte-pelea-en-redes-entre-diego-bossio-y-mayra-mendoza-por-el-rol-de-maximo-kirchner-1.jpg\" width=\"100\"> <\/p><figcaption>Cristina Kirchner, Axel Kicillof y Diego Bossio, sentados a la misma mesa, en 2015. Foto Diego D\u00edaz archivo <\/figcaption><p>\u00ab<em>Te sienta bien el sol, te sienta bien ser cool, te sienta bien el mar, te sienta ser Dios, te sienta bien mentir y decir \u2018que te fuiste yendo de nuestro lugar<\/em>\u00ab, fueron los versos de Vicentico y Los Fabulosos Cadillacs (de su tema \u00abEl sat\u00e1nico Dr. Cadillac\u00bb) que La C\u00e1mpora le dedic\u00f3 al ex director de Anses, otrora un joven pujante en las filas kirchneristas.<\/p>\n<p> Incluso llegaron a publicar el n\u00famero de tel\u00e9fono de Bossio en las redes sociales.<\/p>\n<p> Meses m\u00e1s tarde, apareci\u00f3 otro video que explicaba las razones de la derrota K en las elecciones 2015. Entre columnistas de <em>678<\/em> y Luis D\u2019El\u00eda, aparec\u00eda Andr\u00e9s \u00abCuervo\u00bb Larroque, carta poderosa de La C\u00e1mpora. Aunque no llevaba firma, horas despu\u00e9s de su lanzamiento fue reivindicado por&nbsp;Conciencia Peronista, la agrupaci\u00f3n de Bossio.<\/p>\n<p> En 2018, antes de la formaci\u00f3n del Frente de Todos, Bossio se acerc\u00f3 al \u00abperonismo de centro\u00bb que intentaban construir Sergio Massa, Florencio Randazzo, Juan Manuel Urtubey y Miguel Pichetto. \u00abEl l\u00edmite son Cristina y La C\u00e1mpora\u00bb, dijo Bossio.<\/p>\n<p> Ya en 2023, el exdiputado afin\u00f3 su mira y -como en el mensaje de este fin de semana a Mayra Mendoza- se\u00f1al\u00f3 a la inflaci\u00f3n y al Banco Central como motivos de la crisis econ\u00f3mica argentina. <\/p>\n<div>\n<p> \u00abLa madre de todas las batallas es la inflaci\u00f3n, y para eso hay que hacer un plan de estabilizaci\u00f3n, que requiere ordenar lo fiscal, un Banco Central independiente que tenga objetivos de estabilizar los precios y que acumule reservas, y ordenar los precios relativos\u00bb, expuso en mayo pasado, en la presentaci\u00f3n de su libro <em>Una diagonal al crecimiento, pol\u00edticas econ\u00f3micas para reconstruir la Argentina<\/em>.<\/p>\n<\/div>\n<\/div>\n<nav class=\"navigation post-navigation\" aria-label=\"Continue Reading\">\n<h2 class=\"screen-reader-text\">Continue Reading<\/h2>\n<\/nav>\n","protected":false},"excerpt":{"rendered":"<p>sabias que datos curiosos Ultimas Noticias y datos curiosos Diego Bossio y Mayra Mendoza se trenzaron en un fuerte cruce por el rol de M\u00e1ximo Kirchner en la interna del Gobierno del Frente de Todos. El exdiputado arremeti\u00f3 contra la figura del l\u00edder de La C\u00e1mpora, cuyo proyecto dijo no conocer. Le respondi\u00f3 la intendenta [&hellip;]<\/p>\n","protected":false},"author":1,"featured_media":81419,"comment_status":"closed","ping_status":"closed","sticky":false,"template":"","format":"standard","meta":[],"categories":[2],"tags":[],"_links":{"self":[{"href":"http:\/\/cordobainforma.info\/index.php\/wp-json\/wp\/v2\/posts\/81418"}],"collection":[{"href":"http:\/\/cordobainforma.info\/index.php\/wp-json\/wp\/v2\/posts"}],"about":[{"href":"http:\/\/cordobainforma.info\/index.php\/wp-json\/wp\/v2\/types\/post"}],"author":[{"embeddable":true,"href":"http:\/\/cordobainforma.info\/index.php\/wp-json\/wp\/v2\/users\/1"}],"replies":[{"embeddable":true,"href":"http:\/\/cordobainforma.info\/index.php\/wp-json\/wp\/v2\/comments?post=81418"}],"version-history":[{"count":0,"href":"http:\/\/cordobainforma.info\/index.php\/wp-json\/wp\/v2\/posts\/81418\/revisions"}],"wp:featuredmedia":[{"embeddable":true,"href":"http:\/\/cordobainforma.info\/index.php\/wp-json\/wp\/v2\/media\/81419"}],"wp:attachment":[{"href":"http:\/\/cordobainforma.info\/index.php\/wp-json\/wp\/v2\/media?parent=81418"}],"wp:term":[{"taxonomy":"category","embeddable":true,"href":"http:\/\/cordobainforma.info\/index.php\/wp-json\/wp\/v2\/categories?post=81418"},{"taxonomy":"post_tag","embeddable":true,"href":"http:\/\/cordobainforma.info\/index.php\/wp-json\/wp\/v2\/tags?post=81418"}],"curies":[{"name":"wp","href":"https:\/\/api.w.org\/{rel}","templated":true}]}}