{"id":81416,"date":"2023-07-17T00:39:20","date_gmt":"2023-07-17T00:39:20","guid":{"rendered":"https:\/\/somoscordobeses.com\/2023\/07\/16\/por-el-salto-del-blue-la-brecha-volvio-al-96-aun-esta-lejos-de-su-maximo-en-abril\/"},"modified":"2023-07-17T00:39:20","modified_gmt":"2023-07-17T00:39:20","slug":"por-el-salto-del-blue-la-brecha-volvio-al-96-aun-esta-lejos-de-su-maximo-en-abril","status":"publish","type":"post","link":"http:\/\/cordobainforma.info\/index.php\/2023\/07\/17\/por-el-salto-del-blue-la-brecha-volvio-al-96-aun-esta-lejos-de-su-maximo-en-abril\/","title":{"rendered":"Por el salto del blue, la brecha volvi\u00f3 al 96%: a\u00fan est\u00e1 lejos de su m\u00e1ximo en abril"},"content":{"rendered":"<p><a href=\"https:\/\/curiosidades.com.ar\" rel=\"dofollow\" onmouseover=\"this.style.color='#fff';\" onmouseout=\"this.style.color='#fff';\">sabias que datos curiosos<\/a><br \/>\n<a href=\"https:\/\/elmonterizo.com\" rel=\"dofollow\" onmouseover=\"this.style.color='#fff';\" onmouseout=\"this.style.color='#fff';\">Ultimas Noticias y datos curiosos<\/a> <\/p>\n<div>\n<h2>En la City esperan otras semanas de volatilidad cuando faltan cuatro semanas para las PASO.<\/h2>\n<p> Mientras el reloj corre y la fecha para pagarle al Fondo Monetario se acelera, la semana pasada ante la incertidumbre el mercado cambiario <strong>respondi\u00f3 con subas.<\/strong> Despu\u00e9s de casi dos meses de relativa calma el d\u00f3lar blue \u00abse despert\u00f3\u00bb y en las \u00faltimas cinco ruedas<strong> salt\u00f3 $30, lo que elev\u00f3 la brecha con el d\u00f3lar oficial al 96%.<\/strong><\/p>\n<p> En la City creen que si se concreta la promesa de Sergio Massa de cerrar el acuerdo con el organismo internacional, el panorama podr\u00eda<strong> distenderse pero la cercan\u00eda a las PASO continuar\u00e1 sumando volatilidad<\/strong>. Pese a la suba de los \u00faltimos d\u00edas, el precio del d\u00f3lar en el mercado informal a\u00fan no ha vuelto a <strong>\u00abzona de crisis\u00bb<\/strong>, aunque la brecha podr\u00eda ampliarse si en las pr\u00f3ximas semanas no aparece una se\u00f1al clara de que se cort\u00f3 la sangr\u00eda de reservas del Banco Central.&nbsp;<\/p>\n<p> La semana pasada el Central \u00abcompuso\u00bb por un lado su tenencia de d\u00f3lares, <strong>al lograr comprar US$ 85 millones luego de sus intervenciones<\/strong> en el Mercado \u00danico y Libre de cambios, pero erosion\u00f3 a\u00fan m\u00e1s sus reservas, ya que acumul\u00f3 ventas de m\u00e1s de<strong>&nbsp;US$ 3.900 millones en&nbsp;yuanes,<\/strong> lo que equivale a un resultado negativo de aproximadamente US$ 460 millones. .<\/p>\n<p> \u00abEn lo que va de julio las intervenciones muestran un saldo negativo <strong>cercano a los U$S 946 millones<\/strong>, cerrando la primera quincena m\u00e1s deficitaria para el Banco Central desde septiembre de 2020\u2033, advirtieron en la consultora Delphos al tiempo que hicieron una dura proyecci\u00f3n: estiman que de mantenerse este ritmo de ventas, el organismo llegar\u00eda a las PASO con las<strong> reservas netas negativas, por debajo de los US$ 12.000 millones.<\/strong><\/p>\n<p> Justamente, en la debilidad de las reservas y las dudas sobre la capacidad de negociaci\u00f3n de Sergio Massa con el Fondo es donde se inscribe la<strong> \u00faltima tormenta cambiaria.<\/strong> Los analistas de la City coinciden que si bien tambi\u00e9n el \u00faltimo tramo hacia las primarias del 13 de agosto pr\u00f3ximo pondr\u00e1 presi\u00f3n extra sobre el d\u00f3lar paralelo, el precio del billete a\u00fan se mantiene por<strong> detr\u00e1s de otros momentos de turbulencia.<\/strong><\/p>\n<p> \u00abPara agregar algo de perspectiva al nivel del CCL, en t\u00e9rminos hist\u00f3ricos y despu\u00e9s desajustar por inflaci\u00f3n, el d\u00f3lar financiero<strong> deber\u00eda estar alrededor de $550, <\/strong>el nivel al que nos referimos como el \u00abnivel de tranquilidad macro\u00bb, que representa un per\u00edodo en Argentina cuando el Banco Central acumulaba reservas con constantes super\u00e1vit comerciales (m\u00e1s d\u00f3lares) y el d\u00e9ficit fiscal estaba siendo abordado (menos pesos)\u00bb, explic\u00f3 Javier Casabal, de Adcap.<\/p>\n<p> Sin ir m\u00e1s lejos, la brecha cambiaria, que el viernes volvi\u00f3 al 96%, <strong>se hab\u00eda disparado por encima del 114%<\/strong> en la \u00fatlima corrida contra el peso, en abril pasado. La perspectiva de la City es que, de seguir la volatilidad, puede volver a esos niveles.<\/p>\n<p> \u00abNo lo descartar\u00eda. M\u00e1s si tomamos en cuenta que la cantidad de pesos en funci\u00f3n del&nbsp;CCL <strong>sigue estando alta<\/strong>\u00ab, dijo Pablo Repetto de Aurum Valores. \u00abQuedan muy pocos d\u00f3lares, hay ruido con el FMI y la emisi\u00f3n sigue siendo importante\u00bb, se\u00f1al\u00f3.<\/p>\n<p> Por su parte, Claudio Caprarulo, de Analytica, apunt\u00f3: \u00abLa presi\u00f3n sobre la brecha <strong>va a ir al alza<\/strong> como vimos en los \u00faltimos d\u00edas, el gobierno logr\u00f3 mantenerla estable en los \u00faltimos meses pero por cuestiones estacionales ahora se viene lo m\u00e1s complicado. La oferta de d\u00f3lares va a ser menor y la demanda seguir\u00e1 en ascenso\u00bb.<\/p>\n<div>\n<p> \u00abLa respuesta del FMI ante el incumplimiento de las metas en el primer trimestre<strong> es clave,<\/strong> en particular para que no genere m\u00e1s incertidumbre. En el mejor escenario el gobierno logra desembolsos netos positivos para el resto del a\u00f1o y en el escenario base simplemente un \u201cperd\u00f3n\u201d por el incumplimiento y continuar con el perfil de desembolsos pactado antes de conocerse los efectos de la sequ\u00eda\u00bb, resumi\u00f3 el economista.<\/p>\n<\/div>\n<\/div>\n<nav class=\"navigation post-navigation\" aria-label=\"Continue Reading\">\n<h2 class=\"screen-reader-text\">Continue Reading<\/h2>\n<\/nav>\n","protected":false},"excerpt":{"rendered":"<p>sabias que datos curiosos Ultimas Noticias y datos curiosos En la City esperan otras semanas de volatilidad cuando faltan cuatro semanas para las PASO. Mientras el reloj corre y la fecha para pagarle al Fondo Monetario se acelera, la semana pasada ante la incertidumbre el mercado cambiario respondi\u00f3 con subas. Despu\u00e9s de casi dos meses [&hellip;]<\/p>\n","protected":false},"author":1,"featured_media":81417,"comment_status":"closed","ping_status":"closed","sticky":false,"template":"","format":"standard","meta":[],"categories":[2],"tags":[],"_links":{"self":[{"href":"http:\/\/cordobainforma.info\/index.php\/wp-json\/wp\/v2\/posts\/81416"}],"collection":[{"href":"http:\/\/cordobainforma.info\/index.php\/wp-json\/wp\/v2\/posts"}],"about":[{"href":"http:\/\/cordobainforma.info\/index.php\/wp-json\/wp\/v2\/types\/post"}],"author":[{"embeddable":true,"href":"http:\/\/cordobainforma.info\/index.php\/wp-json\/wp\/v2\/users\/1"}],"replies":[{"embeddable":true,"href":"http:\/\/cordobainforma.info\/index.php\/wp-json\/wp\/v2\/comments?post=81416"}],"version-history":[{"count":0,"href":"http:\/\/cordobainforma.info\/index.php\/wp-json\/wp\/v2\/posts\/81416\/revisions"}],"wp:featuredmedia":[{"embeddable":true,"href":"http:\/\/cordobainforma.info\/index.php\/wp-json\/wp\/v2\/media\/81417"}],"wp:attachment":[{"href":"http:\/\/cordobainforma.info\/index.php\/wp-json\/wp\/v2\/media?parent=81416"}],"wp:term":[{"taxonomy":"category","embeddable":true,"href":"http:\/\/cordobainforma.info\/index.php\/wp-json\/wp\/v2\/categories?post=81416"},{"taxonomy":"post_tag","embeddable":true,"href":"http:\/\/cordobainforma.info\/index.php\/wp-json\/wp\/v2\/tags?post=81416"}],"curies":[{"name":"wp","href":"https:\/\/api.w.org\/{rel}","templated":true}]}}