{"id":81402,"date":"2023-07-16T00:17:52","date_gmt":"2023-07-16T00:17:52","guid":{"rendered":"http:\/\/cordobainforma.info\/index.php\/2023\/07\/16\/massa-cuestiono-a-quienes-llaman-a-implosionar-como-si-no-hubiera-gente\/"},"modified":"2023-07-16T00:17:52","modified_gmt":"2023-07-16T00:17:52","slug":"massa-cuestiono-a-quienes-llaman-a-implosionar-como-si-no-hubiera-gente","status":"publish","type":"post","link":"http:\/\/cordobainforma.info\/index.php\/2023\/07\/16\/massa-cuestiono-a-quienes-llaman-a-implosionar-como-si-no-hubiera-gente\/","title":{"rendered":"Massa cuestion\u00f3 a quienes &quot;llaman a implosionar como si no hubiera gente&quot;"},"content":{"rendered":"<p>El ministro de <b>Econom\u00eda<\/b> y precandidato presidencial de Uni\u00f3n por la Patria (UxP) en &#8230; dijo Massa al inaugurar el <b>nuevo<\/b> paso a nivel Carcara\u00f1\u00e1,&nbsp;&#8230; <\/p>\n","protected":false},"excerpt":{"rendered":"<p>El ministro de Econom\u00eda y precandidato presidencial de Uni\u00f3n por la Patria (UxP) en &#8230; dijo Massa al inaugurar el nuevo paso a nivel Carcara\u00f1\u00e1,&nbsp;&#8230;<\/p>\n","protected":false},"author":1,"featured_media":0,"comment_status":"closed","ping_status":"closed","sticky":false,"template":"","format":"standard","meta":[],"categories":[23],"tags":[],"_links":{"self":[{"href":"http:\/\/cordobainforma.info\/index.php\/wp-json\/wp\/v2\/posts\/81402"}],"collection":[{"href":"http:\/\/cordobainforma.info\/index.php\/wp-json\/wp\/v2\/posts"}],"about":[{"href":"http:\/\/cordobainforma.info\/index.php\/wp-json\/wp\/v2\/types\/post"}],"author":[{"embeddable":true,"href":"http:\/\/cordobainforma.info\/index.php\/wp-json\/wp\/v2\/users\/1"}],"replies":[{"embeddable":true,"href":"http:\/\/cordobainforma.info\/index.php\/wp-json\/wp\/v2\/comments?post=81402"}],"version-history":[{"count":0,"href":"http:\/\/cordobainforma.info\/index.php\/wp-json\/wp\/v2\/posts\/81402\/revisions"}],"wp:attachment":[{"href":"http:\/\/cordobainforma.info\/index.php\/wp-json\/wp\/v2\/media?parent=81402"}],"wp:term":[{"taxonomy":"category","embeddable":true,"href":"http:\/\/cordobainforma.info\/index.php\/wp-json\/wp\/v2\/categories?post=81402"},{"taxonomy":"post_tag","embeddable":true,"href":"http:\/\/cordobainforma.info\/index.php\/wp-json\/wp\/v2\/tags?post=81402"}],"curies":[{"name":"wp","href":"https:\/\/api.w.org\/{rel}","templated":true}]}}