{"id":81398,"date":"2023-07-16T07:39:22","date_gmt":"2023-07-16T07:39:22","guid":{"rendered":"https:\/\/somoscordobeses.com\/2023\/07\/16\/martha-argerich-comenzo-su-festival-en-el-teatro-colon-y-desato-una-fiesta\/"},"modified":"2023-07-16T07:39:22","modified_gmt":"2023-07-16T07:39:22","slug":"martha-argerich-comenzo-su-festival-en-el-teatro-colon-y-desato-una-fiesta","status":"publish","type":"post","link":"http:\/\/cordobainforma.info\/index.php\/2023\/07\/16\/martha-argerich-comenzo-su-festival-en-el-teatro-colon-y-desato-una-fiesta\/","title":{"rendered":"Martha Argerich comenz\u00f3 su festival en el Teatro Col\u00f3n y desat\u00f3 una fiesta"},"content":{"rendered":"<p><a href=\"https:\/\/curiosidades.com.ar\" rel=\"dofollow\" onmouseover=\"this.style.color='#fff';\" onmouseout=\"this.style.color='#fff';\">sabias que datos curiosos<\/a><br \/>\n<a href=\"https:\/\/elmonterizo.com\" rel=\"dofollow\" onmouseover=\"this.style.color='#fff';\" onmouseout=\"this.style.color='#fff';\">Ultimas Noticias y datos curiosos<\/a> <\/p>\n<div>\n<h2>La argentina, una leyenda mundial del piano, recibi\u00f3 una c\u00e1lida ovaci\u00f3n en un sitio donde juega de local.<\/h2>\n<p> Martha Argerich dio inicio a<strong> una verdadera fiesta<\/strong> en el Teatro Col\u00f3n con el concierto de apertura del festival que lleva su nombre, y vuelve a evocar el esp\u00edritu de sus legendarios festivales que hab\u00edan comenzado en el 2001 en el mismo teatro.<\/p>\n<p> Con su sonrisa inigualable, apenas la pianista puso un pie en el escenario<strong> se escucharon las ovaciones estruendosas<\/strong> que tardaron en apaciguarse. El clima de emoci\u00f3n recorri\u00f3 la sala colmada a tope por un p\u00fablico incondicional.<\/p>\n<p> Martha Argerich, <strong>la leyenda viviente del piano<\/strong>, interpret\u00f3 el<em> Quinteto para piano en mi bemol mayor<\/em>, Op. 44, de Robert Schumann, junto a Freddy Varela (viol\u00edn I), Tatiana Glava (viol\u00edn II), Fernando Tojas Huespe (viola), Stanimir Todorov (violonchelo).<\/p>\n<p> La noche abri\u00f3 con Argerich tocando un estreno local de <strong>Josef Rheinberger<\/strong> (1839-1901), un talentoso m\u00fasico de Liechtenstein que despu\u00e9s de su muerte fue injustamente en el olvido.<\/p>\n<p> Se escuch\u00f3 el Noneto Op. 139 para flauta (Fabio Mazzitelli), oboe (Alejandro Lago), clarinete (Guillermo Astudillo), fagot (Abner Da Silva), corno (Gustavo Ibacache), viol\u00edn (Freddy Varela), viola (Adri\u00e1n Felizia), violonchelo (Chao Xu) y contrabajo (Elian Ortiz C\u00e1rdenas).<\/p>\n<h2>Su pr\u00f3xima presentaci\u00f3n<\/h2>\n<p> Martha Argerich<strong> se presentar\u00e1 nuevamente en el segundo concierto del festival, el mi\u00e9rcoles 19<\/strong>, junto con el pianista argentino Nelson Goerner y brindar\u00e1n un recital a dos pianos con<em> En blanc et noir<\/em> CD 142 (1915), de Claude Debussy, la <em>Sonata para dos pianos en re mayor<\/em>, K 448 (1781) de Wolfgang Amadeus Mozart, y las<em> Danzas sinf\u00f3nicas para dos pianos<\/em>, Op. 45b (1940) de Sergei Rachmaninov.<\/p>\n<p> Como siempre, habr\u00e1 una serie de invitados especiales que tendr\u00e1n una presentaci\u00f3n propia, como el tercer concierto el viernes 21, que ser\u00e1 un recital para piano solo de Sergio Tiempo dedicado \u00edntegramente a Chopin.<\/p>\n<p> <img decoding=\"async\" alt=\"Martha Argerich, la pianista n\u00famero 1 de Argentina recibi\u00f3 una estruendosa ovaci\u00f3n al subir al escenario del teatro Col\u00f3n. Foto Federico L\u00f3pez Claro.\" height=\"100\" loading=\"lazy\" src=\"http:\/\/cordobainforma.info\/wp-content\/uploads\/2023\/07\/martha-argerich-comenzo-su-festival-en-el-teatro-colon-y-desato-una-fiesta.jpg\" width=\"100\"> <\/p><figcaption>Martha Argerich, la pianista n\u00famero 1 de Argentina recibi\u00f3 una estruendosa ovaci\u00f3n al subir al escenario del teatro Col\u00f3n. Foto Federico L\u00f3pez Claro. <\/figcaption><p>All\u00ed se escuchar\u00e1 la<em> Sonata N\u00b02 <\/em>en si b menor Op.35, los preludios N\u00b015 en re b mayor, N\u00b08 en fa sostenido menor, N\u00b04 en mi menor, el <em>Nocturno N\u00b04 <\/em>en fa mayor, la <em>Balada N\u00b04<\/em> en fa menor y la<em> Sonata para piano N\u00b03 <\/em>en si menor Op.58.<\/p>\n<p> Al d\u00eda siguiente, el s\u00e1bado 22, Argerich interpretar\u00e1 en el cuarto concierto del festival el Concierto N\u00b01 para piano y trompeta en do menor, Op.35, de Dmtri Shostakovich, junto al trompetista Sergei Nakariakov y la<strong> Orquesta Filarm\u00f3nica de Buenos Aires<\/strong> bajo la direcci\u00f3n de Sylvain Gasan\u00e7on.<\/p>\n<p> El violinista let\u00f3n <strong>Gidon Kremer<\/strong> y la violinista <strong>Madara P\u0113terson<\/strong> tocar\u00e1n una obra de Giya Kancheli, Twilight para dos violines y orquesta de c\u00e1mara. El programa se completa con Metamorfosis de Richard Strauss.<\/p>\n<h2>C\u00f3mo contin\u00faa el Festival<\/h2>\n<p> El lunes 24 contin\u00faa ser\u00e1 el turno del quinto concierto, nuevamente con la presencia de Martha Argerich y el talentos\u00edsimo violinista Gidon Kremer junto con su colega Madara P\u0113tersone.<\/p>\n<p> De Mieczyslaw Weinberg se va a escuchar la<em> Sonata para dos violines<\/em>, Op.69, y la Sonata para viol\u00edn y piano N\u00b05, Op. 53. Y de Franz Schubert, la <em>Sonata para viol\u00edn y piano<\/em> en la mayor, Op. 162. Kremer dedicar\u00e1 el <strong>R\u00e9quiem para viol\u00edn solo<\/strong> de Igor Loboda&nbsp;<strong>a las v\u00edctimas de la guerra en Ucrania<\/strong>.<\/p>\n<p> La Camerata Bariloche se presentara en el sexto concierto el jueves 27 con obras de Bach, Haydn y Mozart. Luego ser\u00e1 el turno de <strong>Nelson Goerner<\/strong>, el s\u00e1bado 29, con la Orquesta Filarm\u00f3nica de Buenos Aires bajo la direcci\u00f3n de Vasily Petrenko. El programa ser\u00e1 la <em>Rapsodia sobre un tema de Paganini<\/em> en la menor de Sergei Rachmaninov y la<em> Sinfon\u00eda Alpina<\/em> Op.64 de Richard Strauss.<\/p>\n<p> El Festival cierra el domingo 30 con<em> Les Noces<\/em> de Igor Stravinky,&nbsp; tiene una particular instrumentaci\u00f3n que incluye cuatro pianos. Junto a Martha van a tocar Marcelo Ayub, Iv\u00e1n Rutkauskas y Alan Kwiek. En el mismo programa se va a escuchar la <em>Fantas\u00eda Coral<\/em> en do menor, Op.80, de Beethoven, para piano, coro y orquesta, con<strong> Charles Dutoit <\/strong>al frente de la Orquesta Estable y Miguel Mart\u00ednez del Coro.<\/p>\n<\/div>\n<nav class=\"navigation post-navigation\" aria-label=\"Continue Reading\">\n<h2 class=\"screen-reader-text\">Continue Reading<\/h2>\n<\/nav>\n","protected":false},"excerpt":{"rendered":"<p>sabias que datos curiosos Ultimas Noticias y datos curiosos La argentina, una leyenda mundial del piano, recibi\u00f3 una c\u00e1lida ovaci\u00f3n en un sitio donde juega de local. Martha Argerich dio inicio a una verdadera fiesta en el Teatro Col\u00f3n con el concierto de apertura del festival que lleva su nombre, y vuelve a evocar el [&hellip;]<\/p>\n","protected":false},"author":1,"featured_media":81399,"comment_status":"closed","ping_status":"closed","sticky":false,"template":"","format":"standard","meta":[],"categories":[2],"tags":[],"_links":{"self":[{"href":"http:\/\/cordobainforma.info\/index.php\/wp-json\/wp\/v2\/posts\/81398"}],"collection":[{"href":"http:\/\/cordobainforma.info\/index.php\/wp-json\/wp\/v2\/posts"}],"about":[{"href":"http:\/\/cordobainforma.info\/index.php\/wp-json\/wp\/v2\/types\/post"}],"author":[{"embeddable":true,"href":"http:\/\/cordobainforma.info\/index.php\/wp-json\/wp\/v2\/users\/1"}],"replies":[{"embeddable":true,"href":"http:\/\/cordobainforma.info\/index.php\/wp-json\/wp\/v2\/comments?post=81398"}],"version-history":[{"count":0,"href":"http:\/\/cordobainforma.info\/index.php\/wp-json\/wp\/v2\/posts\/81398\/revisions"}],"wp:featuredmedia":[{"embeddable":true,"href":"http:\/\/cordobainforma.info\/index.php\/wp-json\/wp\/v2\/media\/81399"}],"wp:attachment":[{"href":"http:\/\/cordobainforma.info\/index.php\/wp-json\/wp\/v2\/media?parent=81398"}],"wp:term":[{"taxonomy":"category","embeddable":true,"href":"http:\/\/cordobainforma.info\/index.php\/wp-json\/wp\/v2\/categories?post=81398"},{"taxonomy":"post_tag","embeddable":true,"href":"http:\/\/cordobainforma.info\/index.php\/wp-json\/wp\/v2\/tags?post=81398"}],"curies":[{"name":"wp","href":"https:\/\/api.w.org\/{rel}","templated":true}]}}