{"id":81302,"date":"2023-07-15T08:39:22","date_gmt":"2023-07-15T08:39:22","guid":{"rendered":"https:\/\/somoscordobeses.com\/2023\/07\/15\/el-amba-volvio-a-imponer-los-candidatos\/"},"modified":"2023-07-15T08:39:22","modified_gmt":"2023-07-15T08:39:22","slug":"el-amba-volvio-a-imponer-los-candidatos","status":"publish","type":"post","link":"http:\/\/cordobainforma.info\/index.php\/2023\/07\/15\/el-amba-volvio-a-imponer-los-candidatos\/","title":{"rendered":"El AMBA volvi\u00f3 a imponer los candidatos"},"content":{"rendered":"<p><a href=\"https:\/\/curiosidades.com.ar\" rel=\"dofollow\" onmouseover=\"this.style.color='#fff';\" onmouseout=\"this.style.color='#fff';\">sabias que datos curiosos<\/a><br \/>\n<a href=\"https:\/\/elmonterizo.com\" rel=\"dofollow\" onmouseover=\"this.style.color='#fff';\" onmouseout=\"this.style.color='#fff';\">Ultimas Noticias y datos curiosos<\/a> <\/p>\n<div>\n<p> De nuevo la angurria del AMBA se queda con las candidaturas. <strong>Es una tendencia desde la reforma de 1994<\/strong>. Agust\u00edn Rossi y Luis Petri son vices de baja intensidad. S\u00f3lo Gerardo Morales aporta fierros \u2013 capilaridad territorial -. Grabois-Abal Medina son testimoniales de lista corta.<\/p>\n<p> El internismo opositor lo fren\u00f3 a Mario Negri para una vice, la Corte volte\u00f3 los sue\u00f1os por competir, en el oficialismo, de Manzur y a U\u00f1ac, y la gesti\u00f3n comprometi\u00f3 a Capitanich. Ped\u00edan <strong>color para competir en nombre del pa\u00eds interior, que volvi\u00f3 a quedarse fuera del juego grande<\/strong>.<\/p>\n<p> La confrontaci\u00f3n por delegaci\u00f3n que significa la PASO provincial de Santa Fe \u2013 una bisagra que puede aclarar el rumbo de la campa\u00f1a en el \u00faltimo tramo \u2013 proyecta las caracter\u00edsticas de este turno electoral.<\/p>\n<p> Una es esta postergaci\u00f3n en las f\u00f3rmulas presidenciales de los dirigentes del pa\u00eds normal: el de las 24 provincias que cerraron el ejercicio 2022 con super\u00e1vit fiscal y cuyos gobernadores tienen asegurado el control territorial y, en caso de que tambaleen, transiciones pac\u00edficas de poder. La otra novedad de estas elecciones es <strong>la unificaci\u00f3n del discurso en todos los candidatos competitivos<\/strong>, que alzan el mismo proyecto reformista de Cambiemos de 2015, palabras m\u00e1s palabras menos.<\/p>\n<h2><strong>Bendita\/Maldita reforma<\/strong><\/h2>\n<p> La reforma de la constituci\u00f3n de 1994 abri\u00f3 <strong>un ciclo nuevo con dos instituciones novedosas que cambiaron las condiciones de la lucha por el poder<\/strong>. Una es el ballotage al gusto de Alfons\u00edn \u2013Menem, de 45% y no de 50% de los votos. El otro fue la elecci\u00f3n de gobierno en el distrito federal de Buenos Aires, que le dio a la ciudad aut\u00f3noma la posibilidad de construir pol\u00edtica propia sin padrinazgos. Desde esa reforma, todos los presidentes han sido del \u00e1rea metropolitana, con predominio de la CABA.<\/p>\n<p> La dirigencia del interior, que ha vivido en tensi\u00f3n con el \u00e1rea metropolitana, tuvo en Menem al \u00faltimo representante, ya que los Kirchner han sido generados por el duhaldismo bonaerense y han gobernado con la misma dirigencia heredada de Duhalde. Las f\u00f3rmulas del peronismo proponen a Sergio Massa y a Juan Grabois, dos <strong>representantes conspicuos de la centralidad del puerto<\/strong>.<\/p>\n<p> Los secundan Agust\u00edn Rossi y Paula Abal Medina. Rossi es un dirigente de Santa Fe pero que no es jefe de su provincia, como tampoco lo es Luis Petri, perdedor de la interna en Mendoza. Larreta hereda a sus precedentes porte\u00f1os-&nbsp;De la R\u00faa, Macri, Alberto, y se hace acompa\u00f1ar por Gerardo Morales, fuerte por ser el presidente de la UCR, pero con una gravitaci\u00f3n electoral de la estatura de Jujuy, provincia que aporta apenas el 1,63% del padr\u00f3n electoral. La postergaci\u00f3n del pa\u00eds del interior en las f\u00f3rmulas presidenciales no extra\u00f1a, porque hay sobradas muestras de la resistencia de los gobernadores peronistas, por ejemplo, a disputar la presidencia.<\/p>\n<h2><strong>El que no quiso, no supo o no pudo<\/strong><\/h2>\n<p> El caso m\u00e1s conspicuo es el de Juan Schiaretti, jefe de la liga de gobernadores. Ha encabezado todos los debates con el gobierno nacional en nombre de sus colegas, pero <strong>a la hora de resolverse a jugar por el cargo, ha eludido el pasamanos de la historia<\/strong>.<\/p>\n<p> En 2018\/19 encabez\u00f3 la Alternativa Federal junto a Sergio Massa, Juan Urtubey, Roberto Lavagna y Miguel Pichetto. Los 4 de C\u00f3rdoba parec\u00edan encarnar un nuevo jugador en la Argentina de tercios. Se diluy\u00f3 despu\u00e9s de ganar la reelecci\u00f3n como gobernador en mayo de 2019 y arri\u00f3 todas las velas. El jefe cordob\u00e9s expresa la idea de que la libido de poder de los gobernadores se agota en el poder territorial.<\/p>\n<p> Alfredo Cornejo, que fue presidente de la UCR, parec\u00eda beberse los vientos para ser presidente, pero tambi\u00e9n ha preferido asegurar su destino con un regreso a la gobernaci\u00f3n de Mendoza. La gente vive en las provincias y <strong>la Naci\u00f3n ofrece la fantas\u00eda de un poder omn\u00edmodo que suele demoler biograf\u00edas pol\u00edticas<\/strong>. Lo ejemplifica la suerte de la mayor\u00eda de los presidentes de la era moderna, como lo ilustra de chanza de Miguel Pichetto: te eligen presidente y apenas te ponen la banda en el Congreso, te suben en un auto sin techo en el que te llevan, de contramano\u2026, a la Casa Rosada por Avenida de Mayo, y de ah\u00ed pas\u00e1s a Comodoro Py.<\/p>\n<h2><strong>Larreta busca un acuerdo con Juez<\/strong><\/h2>\n<p> Tarea de tuneleros, <strong>reabri\u00f3 el stand de Larreta en el santuario en donde naci\u00f3 el PRO: el caf\u00e9 Tabac de Libertador y Coronel D\u00edaz<\/strong>. Fue para un parlamento necesario y que puede ser decisivo: buscar una conciliaci\u00f3n con Luis Juez, el ex candidato de Cambiemos a gobernador de C\u00f3rdoba. Hab\u00edan retirado embajadores desde que se supo de una conversaci\u00f3n de Larreta y Gerardo Morales con Schiaretti, para sondear la posibilidad de un acuerdo para las elecciones nacionales de octubre.<\/p>\n<p> El mo\u00f1o a ese entendimiento lo hab\u00edan cerrado la noche del 31 de mayo Larreta, Morales y Schiaretti en una cena en la casa del jefe porte\u00f1o. Fue un mes antes de las elecciones a gobernador que gan\u00f3 Mart\u00edn Llaryora en nombre del \u00abGringo\u00bb cordobesista, por 3,3 puntos por sobre Juez.<\/p>\n<p> \u00abEsa reuni\u00f3n le quit\u00f3 energ\u00eda a mi campa\u00f1a en el \u00faltimo tramo. Pudo ser la causa de la derrota\u00bb, es el argumento de Juez. Larreta admiti\u00f3 esa trama como parte de un ciclo de conversaciones a puertas cerradas entre dirigentes de Cambiemos. \u00ab- Pero yo no fui quien la hizo p\u00fablica\u00bb \u2013 se disculp\u00f3. \u00bfQui\u00e9n fue? \u00ab- Yo no fui\u201d.<\/p>\n<h2><strong>A qui\u00e9n le conven\u00eda deschavarlo a Schiaretti<\/strong><\/h2>\n<p> Para Juez la publicidad de la reuni\u00f3n pudo ser un ardid de Schiaretti para debilitarlo y mostrarlo d\u00e9bil. Para otros, pudo ser Morales para cumplir con la alianza con el sector Yacobitti-Lousteau, que respald\u00f3 a Rodrigo de Loredo como competidor de Mario Negri en C\u00f3rdoba. Morales ya consinti\u00f3 que De Loredo cree un bloque paralelo en la C\u00e1mara de Diputados con el nombre de la agrupaci\u00f3n lustosista, Evoluci\u00f3n.<\/p>\n<p> Es<strong> la primera vez desde el cisma Frondizi-Balb\u00edn en 1957 que hay dos bloques radicales en el Congreso<\/strong>. La posibilidad de acuerdo con Schiaretti tambi\u00e9n resinti\u00f3 el esfuerzo del radicalismo cordob\u00e9s para que Negri encabezase una lista \u00fanica de candidatos a diputados nacionales. Esa pulseada se extendi\u00f3 hasta la noche del 24 de junio, fecha de cierre de las listas de candidatos. La unidad, seg\u00fan confes\u00f3 Negri en aquel momento, se frustr\u00f3 por la negativa de Patricia Bullrich, representante Mauricio Macri sobre la tierra.<\/p>\n<h2><strong>Cu\u00e1nto valen 800 mil votos<\/strong><\/h2>\n<p> La reuni\u00f3n Larreta -Juez avanz\u00f3 hacia el que puede ser <strong>un primer acuerdo posPASO en distritos importantes<\/strong>. Larreta desarroll\u00f3 su inter\u00e9s en que Juez se acerque a su lista. Sabe que Macri, patrocinante principal de Bullrich, nunca quiso que Juez fuera candidato a gobernador. Lleg\u00f3 a molestarse en ir, en persona, al estudio de Juez en la ciudad de C\u00f3rdoba a convencerlo de que dejase la candidatura. Argument\u00f3 razones proselitistas.<\/p>\n<p> Pero <strong>Juez sabe que Macri nunca le ha perdonado \u00ablo que le hizo a Germ\u00e1n\u00bb<\/strong>, en referencia a las acusaciones que formul\u00f3 en su momento Juez contra Germ\u00e1n Kammerath por su gesti\u00f3n en el municipio de la capital, a quien sucedi\u00f3 en 2003. En 1999 Macri, que era presidente de Boca, asisti\u00f3 al acto de asunci\u00f3n como intendente de C\u00f3rdoba de Kammerath, que ha debido cumplir una sentencia de prisi\u00f3n por decisiones como funcionario del \u00e1rea de comunicaciones de Carlos Menem.<\/p>\n<p> Ese acuerdo, del cual es valedor el diputado nacional \u00c1lvaro Gonz\u00e1lez, que estaba en el desayuno del mi\u00e9rcoles pasado en Tabac, no tiene letra, pero Larreta ya se lo tarare\u00f3 a Juez: si sacaste 800 mil en C\u00f3rdoba, ese capital es de Cambiemos y lo vamos a sumar para la campa\u00f1a y para un futuro gobierno. La fuerza que reuni\u00f3 Juez en C\u00f3rdoba, los 800 mil votos, \u201cte aseguran una participaci\u00f3n en mi gobierno\u201d.<\/p>\n<h2><strong>C\u00f3mo monetizar en votos la buena imagen<\/strong><\/h2>\n<p> Estas constancias se discutieron en la ma\u00f1ana del mi\u00e9rcoles en el bunker de Larreta de la calle Olaz\u00e1bal, en una mesa amplia donde se sentaron el candidato \u2013 en representaci\u00f3n tambi\u00e9n de Morales que no pudo llegar -, Maxi Ferraro, Mart\u00edn Lousteau, Diego Santilli, Miguel Pichetto, el estratego Fernando Di Benedetto y algunos m\u00e1s.<\/p>\n<p> Hubo <strong>repaso de encuestas y detecci\u00f3n de bolsones en donde la f\u00f3rmula larretista puede crecer<\/strong>. El esfuerzo que m\u00e1s la compromete es el propio distrito en donde gobierna. El candidato tiene un 60% de imagen positiva en las encuestas, pero ese valor no se monetiza aun en intenci\u00f3n de voto. La brecha se puede achicar con algunas mancias t\u00e1cticas. Una de ella es el coaching ontol\u00f3gico, como el que justific\u00f3 el encierro de la noche del jueves de Larreta con su gabinete y legisladores. Candidatos y funcionarios para darle un meneo inspiracional y llamarlos a la pelea. Ocurri\u00f3 en La Rural.<\/p>\n<h2><strong>El orden vs. el miedo<\/strong><\/h2>\n<p> Qued\u00f3 pendiente para la pr\u00f3xima el desarrollo del contra mensaje, para responder a la intenci\u00f3n del bullrichismo de capturar el voto del p\u00fablico que en todos los procesos electorales pide orden y mano dura: la l\u00ednea del voto pistolero que hizo grande a los Patti, Rico y Ruckauf, que<strong> m\u00e1s que una franja ideol\u00f3gica es un temperamentos que se transmite al voto<\/strong>.<\/p>\n<p> Descansa en el diagn\u00f3stico discepoliano sobre la Argentina como pa\u00eds fracasado, triste, inviable, insoportable, y que reclama un electroshock de fuerza. Ese diagn\u00f3stico cunde mejor en el \u00e1rea metropolitana, <strong>el pa\u00eds anormal administrado por gobiernos que fracasan, pero no se extiende el resto del pa\u00eds<\/strong>, que mira el esperpento porte\u00f1o por la TV cable que exhibe al centenar de protestones rentados que podr\u00eda manifestarse dentro del Obelisco, no afuera, de pocos que son.<\/p>\n<p> La respuesta es poner de relieve el aire de consenso que transmite el llamado de Larreta a ampliar alianzas opciones y a conciliar con los contrarios. El recurso para aprovechar es el miedo que despierta en el p\u00fablico, aun el que pide orden, cuando le prometen mano dura. \u00bfMano dura hasta d\u00f3nde? \u00bfM\u00e1s polic\u00eda en un pa\u00eds en donde detr\u00e1s de todo delito importante hay un polic\u00eda? Es sutil el filo argumental, pero necesario, porque <strong>el im\u00e1n de la derechona es fuerte en todas las elecciones que transcurren en un clima de crisis e inestabilidad<\/strong>.<\/p>\n<p> La salida para descontar diferencias es proponer que la guerra ha terminado, como alternativa al vamos a la guerra, que traduce la idea de \u201cSi no es todo, es nada\u201d. Pichetto, el memorioso, la arrincon\u00f3 a Patricia con el recuerdo del libro \u201cTodo o nada\u201d de Mar\u00eda Seoane sobre Mario Santucho. \u201cEra todo o nada\u201d, dir\u00eda Seoane para describir a la generaci\u00f3n de los insurgentes de la que algunos se acuerdan y otros se olvidan, o se arrepienten.<\/p>\n<h2><strong>Bullrich por la cornisa del populismo<\/strong><\/h2>\n<p> Patricia cuenta con el envi\u00f3n que le da el gobierno, que busca localizarla como challenger y montar all\u00ed una pulseada con la extrema derecha, que ella busca representar con su llamado al orden. Para los campa\u00f1\u00f3logos de Sergio Massa, llevarlo al ministro a simular una representaci\u00f3n de la izquierda es un exceso de confianza.<\/p>\n<p> No menor al llamado de Patricia al orden con el lema populista de que \u201cEl cambio se defiende en las calles\u201d, que se copia de la misma consigna entonada hace pocas semanas por Wado de Pedro \u2013 c\u00f3mo se va a aponer Vargas Llosa cuando se entere. Wado dijo antes que \u00abla democracia siempre se defiende en las calles\u00bb.<\/p>\n<p> El populismo<strong> busca saltarse la mediaci\u00f3n de las instituciones republicanas para llevar adelante el romance en el caudillo y la plaza<\/strong>. El sujeto \u201cpueblo\u201d que enarbola el manual del neopopulismo que leen los cristinistas (el de Laclau- Chantal Mouffe), lleva el conflicto a la calle. El pensamiento republicano que pacific\u00f3 a Occidente fue quien retir\u00f3 a la pol\u00edtica de la calle. Laclau-Mouffe inspiran ahora tambi\u00e9n a Patricia, despu\u00e9s de haber intentado imponer esas consignas en las universidades de Essex y de Westminster sin mucha suerte. Quiz\u00e1s porque en esos claustros creen que las Malvinas son inglesas.<\/p>\n<h2><strong>La lucha clave por la colina de Santa Fe<\/strong><\/h2>\n<p> Estas escaramuzas de bares y confiter\u00edas buscan descontar las diferencias estrechas que admiten larretistas y bullrichista en la puja por la candidatura presidencial. Para ese empe\u00f1o <strong>lo m\u00e1s importante es la pelea de este domingo <\/strong>para tomar la colina de Santa Fe. El resultado que arroje la PASO a gobernador por la oposici\u00f3n entre Carolina Losada y Maxi Pullaro dar\u00e1 a la campa\u00f1a una marca ganadora previa al 13 de agosto.<\/p>\n<p> Si gana Pullaro le llevar\u00e1 tranquilidad a Larreta, que asume ya como ganada la provincia de Buenos Aires con Diego Santilli. Si gana Losada, ser\u00e1 dif\u00edcil bajarla del alambrado a Bullrich que cantar\u00e1 victoria por adelantado. El filo que los separa a los dos postulantes cuenta hoy con la ausencia de Macri, que extender\u00e1 su viaje fuera del pa\u00eds hasta fin de mes como una construcci\u00f3n a la neutralidad \u2013 hacia afuera, porque <strong>hacia adentro sigue reclamando apoyos en el PRO para su delegada Patricia<\/strong>.<\/p>\n<\/div>\n<nav class=\"navigation post-navigation\" aria-label=\"Continue Reading\">\n<h2 class=\"screen-reader-text\">Continue Reading<\/h2>\n<\/nav>\n","protected":false},"excerpt":{"rendered":"<p>sabias que datos curiosos Ultimas Noticias y datos curiosos De nuevo la angurria del AMBA se queda con las candidaturas. Es una tendencia desde la reforma de 1994. Agust\u00edn Rossi y Luis Petri son vices de baja intensidad. S\u00f3lo Gerardo Morales aporta fierros \u2013 capilaridad territorial -. Grabois-Abal Medina son testimoniales de lista corta. El [&hellip;]<\/p>\n","protected":false},"author":1,"featured_media":81303,"comment_status":"closed","ping_status":"closed","sticky":false,"template":"","format":"standard","meta":[],"categories":[2],"tags":[],"_links":{"self":[{"href":"http:\/\/cordobainforma.info\/index.php\/wp-json\/wp\/v2\/posts\/81302"}],"collection":[{"href":"http:\/\/cordobainforma.info\/index.php\/wp-json\/wp\/v2\/posts"}],"about":[{"href":"http:\/\/cordobainforma.info\/index.php\/wp-json\/wp\/v2\/types\/post"}],"author":[{"embeddable":true,"href":"http:\/\/cordobainforma.info\/index.php\/wp-json\/wp\/v2\/users\/1"}],"replies":[{"embeddable":true,"href":"http:\/\/cordobainforma.info\/index.php\/wp-json\/wp\/v2\/comments?post=81302"}],"version-history":[{"count":0,"href":"http:\/\/cordobainforma.info\/index.php\/wp-json\/wp\/v2\/posts\/81302\/revisions"}],"wp:featuredmedia":[{"embeddable":true,"href":"http:\/\/cordobainforma.info\/index.php\/wp-json\/wp\/v2\/media\/81303"}],"wp:attachment":[{"href":"http:\/\/cordobainforma.info\/index.php\/wp-json\/wp\/v2\/media?parent=81302"}],"wp:term":[{"taxonomy":"category","embeddable":true,"href":"http:\/\/cordobainforma.info\/index.php\/wp-json\/wp\/v2\/categories?post=81302"},{"taxonomy":"post_tag","embeddable":true,"href":"http:\/\/cordobainforma.info\/index.php\/wp-json\/wp\/v2\/tags?post=81302"}],"curies":[{"name":"wp","href":"https:\/\/api.w.org\/{rel}","templated":true}]}}