{"id":81300,"date":"2023-07-15T11:39:29","date_gmt":"2023-07-15T11:39:29","guid":{"rendered":"https:\/\/somoscordobeses.com\/2023\/07\/15\/boleta-unica-mucha-competencia-y-boom-de-periodistas-el-extrano-mundo-electoral-de-santa-fe\/"},"modified":"2023-07-15T11:39:29","modified_gmt":"2023-07-15T11:39:29","slug":"boleta-unica-mucha-competencia-y-boom-de-periodistas-el-extrano-mundo-electoral-de-santa-fe","status":"publish","type":"post","link":"http:\/\/cordobainforma.info\/index.php\/2023\/07\/15\/boleta-unica-mucha-competencia-y-boom-de-periodistas-el-extrano-mundo-electoral-de-santa-fe\/","title":{"rendered":"Boleta Unica, mucha competencia y boom de periodistas, el \u00abextra\u00f1o\u00bb mundo electoral de Santa Fe"},"content":{"rendered":"<p><a href=\"https:\/\/curiosidades.com.ar\" rel=\"dofollow\" onmouseover=\"this.style.color='#fff';\" onmouseout=\"this.style.color='#fff';\">sabias que datos curiosos<\/a><br \/>\n<a href=\"https:\/\/elmonterizo.com\" rel=\"dofollow\" onmouseover=\"this.style.color='#fff';\" onmouseout=\"this.style.color='#fff';\">Ultimas Noticias y datos curiosos<\/a> <\/p>\n<div>\n<p> &nbsp;En la provincia de Santa Fe, si hay que hacer PASO, parece que se la toman muy en serio. <strong>Nada de estar escatimando boleta<\/strong>, y si se intenta, poco se nota en los resultados.<\/p>\n<p> En las primarias abiertas, simult\u00e1neas y obligatorias de este domingo, en la categor\u00eda para gobernador compiten nada menos que 3 precandidatos en el \u201cfrente de frentes\u201d opositor (Juntos por el Cambio, los socialistas y otros partidos) y 4 precandidatos en el frente PJ-Kirchnerismo. La Izquierda trotskista, mesurada, va&nbsp;con 2 precandidatos.<\/p>\n<p> \u00bfY los intendentes? El estr\u00e9s del matancero Fernando Espinoza a quien, como cont\u00f3 <strong>Clar\u00edn<\/strong>, se le metieron dos en competencia, podr\u00eda ser motivo de envidia por ejemplo para el rosarino Pablo Javkin (de JxC), quien<strong>&nbsp;busca su reelecci\u00f3n y en la interna compite contra 5 rivales<\/strong> (Miguel Tessandori, Enrique Estevez, Carlos Cardozo, Gabriel Sarla y Mart\u00edn Malaponte). Hay que decir que hace cuatro a\u00f1os, Javkin gan\u00f3 a su vez una muy dif\u00edcil interna para llegar donde lleg\u00f3.<\/p>\n<p> Ni que hablar de la categor\u00eda de diputados provinciales: <strong>7 listas de JxC-socialistas; 8 (s\u00ed, ocho) del PJ-Kirchnerismo, 3 de los liberales<\/strong> (le tributan, pero Javier Milei no da apoyo oficial a ninguna). Para ser gobernador santafesino, hay que tener humildad: Omar Perotti -a la chilena, aqu\u00ed no hay reelecci\u00f3n en el siguiente turno- <strong>es cabeza de una de las 8 listas oficialistas.<\/strong><\/p>\n<p> <img decoding=\"async\" alt=\"PASO EN SANTA FE. La boleta \u00fanica para gobernador y vice.\" height=\"100\" loading=\"lazy\" src=\"http:\/\/cordobainforma.info\/wp-content\/uploads\/2023\/07\/boleta-unica-mucha-competencia-y-boom-de-periodistas-el-extrano-mundo-electoral-de-santa-fe.jpg\" width=\"100\"> <\/p><figcaption>PASO EN SANTA FE. La boleta \u00fanica para gobernador y vice. <\/figcaption><p>\u00bfC\u00f3mo se resuelve tanto despliegue de nombres? Como en C\u00f3rdoba,<strong> en Santa Fe rige la Boleta Unica de Papel. La particularidad es que es por categor\u00edas.<\/strong> Este domingo en el cuatro oscuro<strong> habr\u00e1 cinco grandes boletas con cinco colores distintos, y el elector marca una cruz sobre la lista -en cada una de ellas- de su preferencia.<\/strong><\/p>\n<p> <strong>Son: gobernador y vice; diputados provinciales; senadores provinciales; intendente; y otra por separado para concejales.<\/strong><\/p>\n<h2>Proyecto fallido\u200b<\/h2>\n<p> El sistema de Santa Fe fue una de las <strong>referencias <\/strong>-junto con C\u00f3rdoba- cuando la oposici\u00f3n unida al Frente de Todos forz\u00f3 en 2022 en Diputados<strong> el debate nacional por la Boleta Unica de Papel (BUP),<\/strong> que tuvo media sanci\u00f3n con 132 votos afirmativos. En el Senado, el proyecto fue cajoneado.<\/p>\n<p> <img decoding=\"async\" alt=\"Rosario 14 de Julio 2023 Carteler\u00eda para las PASO del domingo 16 en Santa Fe. Foto: JUAN JOSE GARCIA\" height=\"100\" loading=\"lazy\" src=\"http:\/\/cordobainforma.info\/wp-content\/uploads\/2023\/07\/boleta-unica-mucha-competencia-y-boom-de-periodistas-el-extrano-mundo-electoral-de-santa-fe-1.jpg\" width=\"100\"> <\/p><figcaption>Rosario 14 de Julio 2023 Carteler\u00eda para las PASO del domingo 16 en Santa Fe. Foto: JUAN JOSE GARCIA <\/figcaption><p>Aqu\u00ed en esta provincia, no todo son rosas. <strong>\u201cHay que fiscalizar igual muy bien. No te robar\u00e1n boleta, pero te pueden poner una cruz en otro casillero y anularlo\u201d,<\/strong> dicen cerca de la precandidata Carolina Losada.<\/p>\n<p> <strong>Germ\u00e1n Mart\u00ednez,<\/strong> jefe del bloque del Frente de Todos en Diputados, que en aquel debate se opuso a la BUP, explica que los partidos y frentes aliados en la campa\u00f1a se ven obligados<strong> a \u201cconstruir\u201d la s\u00e1bana imaginaria<\/strong>, las alianzas entre las distintas categor\u00edas, <strong>en la cabeza de los votantes.<\/strong><\/p>\n<p> <strong>Esto se hace en actos, afiches y carteler\u00eda, en los discursos p\u00fablicos, razona Mart\u00ednez, y coinciden en las otras fuerzas.<\/strong><\/p>\n<p> \u201cEl sistema tiene sus cosas buenas y malas\u201d, dice otra fuente pol\u00edtica local. \u201cCon una estructura chica, una persona puede competir. Claro que eso le complica la vida&nbsp;a los partidos\u201d.<\/p>\n<p> <img decoding=\"async\" alt=\"PASO EN SANTA FE. La Boleta Unica para Intendente de Rosario.\" height=\"100\" loading=\"lazy\" src=\"http:\/\/cordobainforma.info\/wp-content\/uploads\/2023\/07\/boleta-unica-mucha-competencia-y-boom-de-periodistas-el-extrano-mundo-electoral-de-santa-fe-2.jpg\" width=\"100\"> <\/p><figcaption>PASO EN SANTA FE. La Boleta Unica para Intendente de Rosario. <\/figcaption><h2>Boom de periodistas<\/h2>\n<p> Muchos atribuyen en buena parte al sistema electoral,&nbsp;<strong>la proliferaci\u00f3n de periodistas reconocidos en las listas.<\/strong><\/p>\n<p> \u201cLa pol\u00edtica est\u00e1 a la caza de periodistas y\/o artistas, conocidos\u201d, afirman, tambi\u00e9n por el caso de actores como el ex Midachi Miguel del Sel, que estuvo a tiro de ser gobernador en 2015. Es cierto que sucede en muchos distritos. Pero en Santa Fe, es muy significativo.<\/p>\n<p> Dos senadores nacionales protagonistas de la elecci\u00f3n este domingo, son periodistas: <strong>Carolina Losada<\/strong> (Am\u00e9rica Noticias, Intratables) y <strong>Marcelo Lewandowski <\/strong>(una de las \u201cvoces federales\u201d de F\u00fatbol para Todos). <strong>Miguel Tessandori y Charly Cardozo<\/strong>, dos de los retadores de Javkin, son concejales y periodistas (Tessandori era el columnista deportivo del muy visto noticiero del mediod\u00eda de Canal 3).<\/p>\n<p> Hace unos pocos a\u00f1os el macrismo sum\u00f3 a la conductora<strong>&nbsp;Anita Mart\u00ednez<\/strong> (hoy concejala de Rosario), y el massismo a&nbsp;<strong>Alejandro Grandinetti. Ambos fueron diputados nacionales.<\/strong><\/p>\n<p> <strong>El socialista Emilio Jat\u00f3n, actual intendente de Santa Fe capital, es un periodista con 30 a\u00f1os de carrera.<\/strong><\/p>\n<p> <img decoding=\"async\" alt=\"PASO EN SANTA FE. La Boleta Unica para diputados provinciales.\" height=\"100\" loading=\"lazy\" src=\"http:\/\/cordobainforma.info\/wp-content\/uploads\/2023\/07\/boleta-unica-mucha-competencia-y-boom-de-periodistas-el-extrano-mundo-electoral-de-santa-fe-3.jpg\" width=\"100\"> <\/p><figcaption>PASO EN SANTA FE. La Boleta Unica para diputados provinciales. <\/figcaption><p><strong>\u201cEl Concejo Municipal de Rosario es panelismo puro\u201d,<\/strong> exagera otra fuente consultada. Es que all\u00ed se cruzan adem\u00e1s de Tessandori,&nbsp;Charly Cardoso&nbsp;y Anita Mart\u00ednez, <strong>Lisandro Cavatorta y Ciro Seisas.<\/strong> Pero todos ellos no van de relleno <strong>sino que han sido protagonistas y entre los m\u00e1s votados<\/strong>. En 2021 Seisas por el Frente Progresista encabez\u00f3 la lista m\u00e1s votada, seguido por Cavatorta, por el oficialismo de Perotti. Y cuarto se meti\u00f3 el \u201coutsider\u201d Tessandori, tras jubilarse de la tele.<\/p>\n<p> En esto de la importancia del conocimiento y la llegada a la gente, y a falta del \u201carrastre\u201d de la lista s\u00e1bana, el caso de la modelo y panelista <strong>Amalia Granata<\/strong> es muy ilustrativo. Fue la tercera candidata m\u00e1s votada para legisladora provincial en 2019. <strong>Ahora busca otro mandato y con \u201cboleta corta\u201d, sin gobernador. Aqu\u00ed, no se necesita.<\/strong><\/p>\n<p> <strong><em>Rosario. Enviado especial.<\/em><\/strong><\/p>\n<\/div>\n<nav class=\"navigation post-navigation\" aria-label=\"Continue Reading\">\n<h2 class=\"screen-reader-text\">Continue Reading<\/h2>\n<\/nav>\n","protected":false},"excerpt":{"rendered":"<p>sabias que datos curiosos Ultimas Noticias y datos curiosos &nbsp;En la provincia de Santa Fe, si hay que hacer PASO, parece que se la toman muy en serio. Nada de estar escatimando boleta, y si se intenta, poco se nota en los resultados. En las primarias abiertas, simult\u00e1neas y obligatorias de este domingo, en la [&hellip;]<\/p>\n","protected":false},"author":1,"featured_media":81301,"comment_status":"closed","ping_status":"closed","sticky":false,"template":"","format":"standard","meta":[],"categories":[2],"tags":[],"_links":{"self":[{"href":"http:\/\/cordobainforma.info\/index.php\/wp-json\/wp\/v2\/posts\/81300"}],"collection":[{"href":"http:\/\/cordobainforma.info\/index.php\/wp-json\/wp\/v2\/posts"}],"about":[{"href":"http:\/\/cordobainforma.info\/index.php\/wp-json\/wp\/v2\/types\/post"}],"author":[{"embeddable":true,"href":"http:\/\/cordobainforma.info\/index.php\/wp-json\/wp\/v2\/users\/1"}],"replies":[{"embeddable":true,"href":"http:\/\/cordobainforma.info\/index.php\/wp-json\/wp\/v2\/comments?post=81300"}],"version-history":[{"count":0,"href":"http:\/\/cordobainforma.info\/index.php\/wp-json\/wp\/v2\/posts\/81300\/revisions"}],"wp:featuredmedia":[{"embeddable":true,"href":"http:\/\/cordobainforma.info\/index.php\/wp-json\/wp\/v2\/media\/81301"}],"wp:attachment":[{"href":"http:\/\/cordobainforma.info\/index.php\/wp-json\/wp\/v2\/media?parent=81300"}],"wp:term":[{"taxonomy":"category","embeddable":true,"href":"http:\/\/cordobainforma.info\/index.php\/wp-json\/wp\/v2\/categories?post=81300"},{"taxonomy":"post_tag","embeddable":true,"href":"http:\/\/cordobainforma.info\/index.php\/wp-json\/wp\/v2\/tags?post=81300"}],"curies":[{"name":"wp","href":"https:\/\/api.w.org\/{rel}","templated":true}]}}