{"id":81285,"date":"2023-07-15T01:38:20","date_gmt":"2023-07-15T01:38:20","guid":{"rendered":"http:\/\/cordobainforma.info\/index.php\/2023\/07\/15\/se-sembro-un-20-menos-de-trigo-en-los-campos-de-cordoba-perfil\/"},"modified":"2023-07-15T01:38:20","modified_gmt":"2023-07-15T01:38:20","slug":"se-sembro-un-20-menos-de-trigo-en-los-campos-de-cordoba-perfil","status":"publish","type":"post","link":"http:\/\/cordobainforma.info\/index.php\/2023\/07\/15\/se-sembro-un-20-menos-de-trigo-en-los-campos-de-cordoba-perfil\/","title":{"rendered":"Se sembr\u00f3 un 20% menos de trigo en los campos de <b>C\u00f3rdoba<\/b> | Perfil"},"content":{"rendered":"<p>La Bolsa de Cereales de <b>C\u00f3rdoba<\/b>, en junio realiz\u00f3 una <b>nueva<\/b> estimaci\u00f3n de la proyecci\u00f3n de siembra de trigo en la provincia. <\/p>\n","protected":false},"excerpt":{"rendered":"<p>La Bolsa de Cereales de C\u00f3rdoba, en junio realiz\u00f3 una nueva estimaci\u00f3n de la proyecci\u00f3n de siembra de trigo en la provincia.<\/p>\n","protected":false},"author":1,"featured_media":0,"comment_status":"closed","ping_status":"closed","sticky":false,"template":"","format":"standard","meta":[],"categories":[23],"tags":[],"_links":{"self":[{"href":"http:\/\/cordobainforma.info\/index.php\/wp-json\/wp\/v2\/posts\/81285"}],"collection":[{"href":"http:\/\/cordobainforma.info\/index.php\/wp-json\/wp\/v2\/posts"}],"about":[{"href":"http:\/\/cordobainforma.info\/index.php\/wp-json\/wp\/v2\/types\/post"}],"author":[{"embeddable":true,"href":"http:\/\/cordobainforma.info\/index.php\/wp-json\/wp\/v2\/users\/1"}],"replies":[{"embeddable":true,"href":"http:\/\/cordobainforma.info\/index.php\/wp-json\/wp\/v2\/comments?post=81285"}],"version-history":[{"count":0,"href":"http:\/\/cordobainforma.info\/index.php\/wp-json\/wp\/v2\/posts\/81285\/revisions"}],"wp:attachment":[{"href":"http:\/\/cordobainforma.info\/index.php\/wp-json\/wp\/v2\/media?parent=81285"}],"wp:term":[{"taxonomy":"category","embeddable":true,"href":"http:\/\/cordobainforma.info\/index.php\/wp-json\/wp\/v2\/categories?post=81285"},{"taxonomy":"post_tag","embeddable":true,"href":"http:\/\/cordobainforma.info\/index.php\/wp-json\/wp\/v2\/tags?post=81285"}],"curies":[{"name":"wp","href":"https:\/\/api.w.org\/{rel}","templated":true}]}}