{"id":81245,"date":"2023-07-14T12:20:14","date_gmt":"2023-07-14T12:20:14","guid":{"rendered":"https:\/\/www.mujerhoy.com\/moda\/no-te-pierdas\/reina-letizia-vestido-blanco-perfecto-look-verano-elegante-20230714130420-nt.html"},"modified":"2023-07-14T12:20:14","modified_gmt":"2023-07-14T12:20:14","slug":"la-reina-letizia-tiene-el-vestido-blanco-perfecto-asi-es-el-look-mas-elegante-y-estilizador-que-ha-lucido-en-madrid","status":"publish","type":"post","link":"http:\/\/cordobainforma.info\/index.php\/2023\/07\/14\/la-reina-letizia-tiene-el-vestido-blanco-perfecto-asi-es-el-look-mas-elegante-y-estilizador-que-ha-lucido-en-madrid\/","title":{"rendered":"La reina Letizia tiene el vestido blanco perfecto: as\u00ed es el look m\u00e1s elegante y estilizador que ha lucido en Madrid"},"content":{"rendered":"<p><!-- AUTHOR --><\/p>\n<div class=\"voc-author-timesocial \"><!-- AUTHOR --><\/p>\n<div class=\"voc-author-timesocial__signature\"><!-- IMAGE AUTHOR --><picture class=\"voc-image-signature\"><img class=\"voc-image-signature__img\" src=\"http:\/\/cordobainforma.info\/wp-content\/uploads\/2023\/07\/la-reina-letizia-tiene-el-vestido-blanco-perfecto-asi-es-el-look-mas-elegante-y-estilizador-que-ha-lucido-en-madrid.jpg\" alt=\"Raquel Rodr\u00edguez\"><\/picture><!-- INFO AUTHOR --><\/div>\n<\/div>\n<p><!-- COMPONENTS --><\/p>\n<p class=\"voc-paragraph\">Da igual que llegue el verano y haga un calor infernal, <a data-voc-vtm-id=\"in-text-traffic\" href=\"https:\/\/www.mujerhoy.com\/temas\/personajes\/reina-dona-letizia.html\" title=\"www.mujerhoy.com\">la reina Letizia<\/a> desprende estilo y elegancia y saber <strong>c\u00f3mo sacarse el mejor partido <\/strong>sea la \u00e9poca del a\u00f1o que sea. Y aunque las altas temperaturas hacen dif\u00edcil lo de ir fresquita, c\u00f3moda y a la \u00faltima, la monarca ense\u00f1a trucos de estilo en cada aparici\u00f3n p\u00fablica y un buen ejemplo es <a data-voc-vtm-id=\"in-text-traffic\" href=\"https:\/\/www.mujerhoy.com\/moda\/no-te-pierdas\/reina-letizia-repite-vestido-lunares-made-in-spain-copia-zara-barata-agotada-20230712115220-nt.html\" title=\"www.mujerhoy.com\">este \u00faltimo vestido de lunares <\/a>que ha lucido.\n<\/p>\n<p class=\"voc-paragraph\">Y aunque <a data-voc-vtm-id=\"in-text-traffic\" href=\"https:\/\/www.mujerhoy.com\/moda\/no-te-pierdas\/reina-letizia-blusa-bordada-ucrania-look-comodo-pantalon-blanco-20230710113625-nt.html\" title=\"www.mujerhoy.com\">esta blusa estampada estilo hippie<\/a> era m\u00e1s primaveral que veraniega, lo cierto es que do\u00f1a Letizia es toda una <strong>inspiraci\u00f3n <\/strong>para los d\u00edas estivales. E incluso cuando aparece con sus dos hijas, la princesa Leonor y la infanta Sof\u00eda, sigue acaparando todo el protagonismo y convirti\u00e9ndose en la mejor vestida.\n<\/p>\n<p class=\"voc-paragraph\">Un vez m\u00e1s, los reyes de Espa\u00f1a han estado acompa\u00f1ados de sus hijas en su \u00faltimo acto de la agenda real. Durante estas \u00faltimas semanas, Casa Real ha querido <strong>dar protagonismo a las dos j\u00f3venes <\/strong>y ha dejado claro que el papel como heredera al trono es cada vez m\u00e1s importante en la instituci\u00f3n.\n<\/p>\n<p class=\"voc-paragraph\">De esta forma, han acompa\u00f1ado a los monarcas a<br \/>\n<strong> recibir en audiencia<\/strong> al Patronato de la Fundaci\u00f3n Comit\u00e9 Espa\u00f1ol de los Colegios del Mundo Unido, que acudieron a la cita junto con los patrocinadores de Becas y los alumnos que vuelven tras sus dos a\u00f1os de experiencia.\n<\/p>\n<div class=\"voc-detail-photo-zoom\"><picture data-toggle=\"modal\" data-target=\"#photoZoomModal-25\" target=\"modal\">\n<div class=\"voc-img-icon-link\"><img loading=\"lazy\" data-original=\"\/\/static1.mujerhoy.com\/www\/multimedia\/202307\/14\/media\/cortadas\/familia-real-espana-juntos-kNZH--460x637@MujerHoy.JPG\" class=\"lazy\" alt=\"Los reyes y sus hijas durante la audiencia de hoy en La Zarzuela. \/ LIMITED PICTURES\"><noscript><img src=\"http:\/\/cordobainforma.info\/wp-content\/uploads\/2023\/07\/la-reina-letizia-tiene-el-vestido-blanco-perfecto-asi-es-el-look-mas-elegante-y-estilizador-que-ha-lucido-en-madrid-1.jpg\" alt=\"Los reyes y sus hijas durante la audiencia de hoy en La Zarzuela. \/ LIMITED PICTURES\"><\/noscript><i class=\"voc-icons zoom voc-multimedia-box voc-ico-l\"><\/i><\/div><figcaption class=\"figure-caption\">Los reyes y sus hijas durante la audiencia de hoy en La Zarzuela. \/ LIMITED PICTURES<\/figcaption><\/picture><\/div>\n<div id=\"photoZoomModal-25\" class=\"voc-lightbox modal fade voc-lightbox--photo-zoom\" role=\"dialog\" data-voc-photozoom-lightbox>\n<div class=\"voc-lightbox__dialog\" role=\"document\">\n<div class=\"voc-lightbox__content\"><!-- Modal header --><!-- Modal content --><\/p>\n<div class=\"voc-lightbox__photo-container\"><picture class><img loading=\"lazy\" data-original=\"\/\/static1.mujerhoy.com\/www\/multimedia\/202307\/14\/media\/cortadas\/familia-real-espana-juntos-kNZH--460x637@MujerHoy.JPG\" alt=\"Los reyes y sus hijas durante la audiencia de hoy en La Zarzuela. \/ LIMITED PICTURES\" class=\"lazy\"><noscript><img src=\"http:\/\/cordobainforma.info\/wp-content\/uploads\/2023\/07\/la-reina-letizia-tiene-el-vestido-blanco-perfecto-asi-es-el-look-mas-elegante-y-estilizador-que-ha-lucido-en-madrid-1.jpg\" alt=\"Los reyes y sus hijas durante la audiencia de hoy en La Zarzuela. \/ LIMITED PICTURES\"><\/noscript><\/picture><\/div>\n<\/div>\n<\/div>\n<\/div>\n<p class=\"voc-paragraph\">Y aunque como decimos, se ha querido <strong>mantener en un segundo plano<\/strong> con prendas discretas que no destacaban entre los looks coloridos de la princesa Leonor y la infanta Sof\u00eda, la reina Letizia ha derrochado elegancia, una vez m\u00e1s, con un vestido blanco perfecto.\n<\/p>\n<p class=\"voc-paragraph\">Se trata de un modelo que ha rescatado de su armario y que le hemos visto en otras ocasiones. Un dise\u00f1o de <strong>Hugo Boss<\/strong>, una de sus firmas de cabecera, que tiene uno de esos cortes que no pueden sentar mejor. Es un vestido con falda l\u00e1piz y cintur\u00f3n que marca la figura y define la silueta sacando as\u00ed su mejor versi\u00f3n.\n<\/p>\n<div class=\"voc-detail-photo-zoom\"><picture data-toggle=\"modal\" data-target=\"#photoZoomModal-176\" target=\"modal\">\n<div class=\"voc-img-icon-link\"><img loading=\"lazy\" data-original=\"\/\/static1.mujerhoy.com\/www\/multimedia\/202307\/14\/media\/cortadas\/letizia-felipe-pareja-kF8E--460x637@MujerHoy.JPG\" class=\"lazy\" alt=\"El rey y la reina, de espaldas. \/ LIMITED PICTURES\"><noscript><img src=\"http:\/\/cordobainforma.info\/wp-content\/uploads\/2023\/07\/la-reina-letizia-tiene-el-vestido-blanco-perfecto-asi-es-el-look-mas-elegante-y-estilizador-que-ha-lucido-en-madrid-2.jpg\" alt=\"El rey y la reina, de espaldas. \/ LIMITED PICTURES\"><\/noscript><i class=\"voc-icons zoom voc-multimedia-box voc-ico-l\"><\/i><\/div><figcaption class=\"figure-caption\">El rey y la reina, de espaldas. \/ LIMITED PICTURES<\/figcaption><\/picture><\/div>\n<div id=\"photoZoomModal-176\" class=\"voc-lightbox modal fade voc-lightbox--photo-zoom\" role=\"dialog\" data-voc-photozoom-lightbox>\n<div class=\"voc-lightbox__dialog\" role=\"document\">\n<div class=\"voc-lightbox__content\"><!-- Modal header --><!-- Modal content --><\/p>\n<div class=\"voc-lightbox__photo-container\"><picture class><img loading=\"lazy\" data-original=\"\/\/static1.mujerhoy.com\/www\/multimedia\/202307\/14\/media\/cortadas\/letizia-felipe-pareja-kF8E--460x637@MujerHoy.JPG\" alt=\"El rey y la reina, de espaldas. \/ LIMITED PICTURES\" class=\"lazy\"><noscript><img src=\"http:\/\/cordobainforma.info\/wp-content\/uploads\/2023\/07\/la-reina-letizia-tiene-el-vestido-blanco-perfecto-asi-es-el-look-mas-elegante-y-estilizador-que-ha-lucido-en-madrid-2.jpg\" alt=\"El rey y la reina, de espaldas. \/ LIMITED PICTURES\"><\/noscript><\/picture><\/div>\n<\/div>\n<\/div>\n<\/div>\n<p class=\"voc-paragraph\">De cuello redondo, manga sisa, largo midi y un fit ajustado que deja entrever el cuerpazo de do\u00f1a Letizia, la monarca ha lucido espectacular. Y s\u00ed, lo ha hecho con un look con el que ha confirmado que, a veces, <strong>el menos es m\u00e1s <\/strong>al combinar este vestido con complementos negros.\n<\/p>\n<p class=\"voc-paragraph\">A\u00f1adi\u00f3 unos salones destalonados de tac\u00f3n fino y bajo de <strong>Massimo Dutti<\/strong> y unos <strong>pendientes de perlas<\/strong>. Apostando as\u00ed todo a la sencillez y demostrando que nuestra reina tiene un poder estil\u00edstico del que pocas pueden presumir. Nos quedamos esta idea de look working girl para verano. \u00a1Estaba ideal!\n<\/p>\n<p><!-- TOPICS --><\/p>\n","protected":false},"excerpt":{"rendered":"<p>Da igual que llegue el verano y haga un calor infernal, la reina Letizia desprende estilo y elegancia y saber c\u00f3mo sacarse el mejor partido sea la \u00e9poca del a\u00f1o que sea. Y aunque las altas temperaturas hacen dif\u00edcil lo de ir fresquita, c\u00f3moda y a la \u00faltima, la monarca ense\u00f1a trucos de estilo en [&hellip;]<\/p>\n","protected":false},"author":1,"featured_media":81246,"comment_status":"closed","ping_status":"closed","sticky":false,"template":"","format":"standard","meta":[],"categories":[24],"tags":[],"_links":{"self":[{"href":"http:\/\/cordobainforma.info\/index.php\/wp-json\/wp\/v2\/posts\/81245"}],"collection":[{"href":"http:\/\/cordobainforma.info\/index.php\/wp-json\/wp\/v2\/posts"}],"about":[{"href":"http:\/\/cordobainforma.info\/index.php\/wp-json\/wp\/v2\/types\/post"}],"author":[{"embeddable":true,"href":"http:\/\/cordobainforma.info\/index.php\/wp-json\/wp\/v2\/users\/1"}],"replies":[{"embeddable":true,"href":"http:\/\/cordobainforma.info\/index.php\/wp-json\/wp\/v2\/comments?post=81245"}],"version-history":[{"count":0,"href":"http:\/\/cordobainforma.info\/index.php\/wp-json\/wp\/v2\/posts\/81245\/revisions"}],"wp:featuredmedia":[{"embeddable":true,"href":"http:\/\/cordobainforma.info\/index.php\/wp-json\/wp\/v2\/media\/81246"}],"wp:attachment":[{"href":"http:\/\/cordobainforma.info\/index.php\/wp-json\/wp\/v2\/media?parent=81245"}],"wp:term":[{"taxonomy":"category","embeddable":true,"href":"http:\/\/cordobainforma.info\/index.php\/wp-json\/wp\/v2\/categories?post=81245"},{"taxonomy":"post_tag","embeddable":true,"href":"http:\/\/cordobainforma.info\/index.php\/wp-json\/wp\/v2\/tags?post=81245"}],"curies":[{"name":"wp","href":"https:\/\/api.w.org\/{rel}","templated":true}]}}