{"id":81184,"date":"2023-07-14T21:39:18","date_gmt":"2023-07-14T21:39:18","guid":{"rendered":"https:\/\/somoscordobeses.com\/2023\/07\/14\/san-lorenzo-talleres-y-lanus-la-otra-lucha-de-la-liga-profesional-ser-segundo-y-aspirar-al-trofeo-de-campeones\/"},"modified":"2023-07-14T21:39:18","modified_gmt":"2023-07-14T21:39:18","slug":"san-lorenzo-talleres-y-lanus-la-otra-lucha-de-la-liga-profesional-ser-segundo-y-aspirar-al-trofeo-de-campeones","status":"publish","type":"post","link":"http:\/\/cordobainforma.info\/index.php\/2023\/07\/14\/san-lorenzo-talleres-y-lanus-la-otra-lucha-de-la-liga-profesional-ser-segundo-y-aspirar-al-trofeo-de-campeones\/","title":{"rendered":"San Lorenzo, Talleres y Lan\u00fas, la otra lucha de la Liga Profesional: ser segundo y aspirar al Trofeo de Campeones"},"content":{"rendered":"<p><a href=\"https:\/\/curiosidades.com.ar\" rel=\"dofollow\" onmouseover=\"this.style.color='#fff';\" onmouseout=\"this.style.color='#fff';\">sabias que datos curiosos<\/a><br \/>\n<a href=\"https:\/\/elmonterizo.com\" rel=\"dofollow\" onmouseover=\"this.style.color='#fff';\" onmouseout=\"this.style.color='#fff';\">Ultimas Noticias y datos curiosos<\/a> <\/p>\n<div>\n<h2>En caso de que River se corone campe\u00f3n y repita en la Copa de la Liga, el que sea subcampe\u00f3n tendr\u00e1 la chance de pelear por un t\u00edtulo como el que logr\u00f3 Racing en 2022.<\/h2>\n<p> La<strong> Liga Profesional de F\u00fatbol <\/strong>(LPF) est\u00e1 llegando a su fin y todo parece indicar que la coronaci\u00f3n de <strong>River Plate <\/strong>es solamente cuesti\u00f3n de tiempo. Pero m\u00e1s all\u00e1 de la definici\u00f3n del torneo, que puede definirse este viernes (si Talleres no le gana a Hurac\u00e1n), en lo que resta del certamen habr\u00e1&nbsp;una disputa secundaria para seguir de cerca: buscar el segundo puesto, quedar bien posicionado para obtener cupos a copas internacionales y la aspiraci\u00f3n a una posible clasificaci\u00f3n al <strong>Trofeo de Campeones 2023<\/strong>. <\/p>\n<p> A pesar de que <strong>Talleres de C\u00f3rdoba<\/strong> es el \u00fanico perseguidor de River que tiene chances matem\u00e1ticas pero m\u00ednimas de pelearle el t\u00edtulo, en caso de no conseguir campeonar, no debe desatender la posibilidad de asegurarse la segunda posici\u00f3n en la tabla. Es que el subcampe\u00f3n puede gozar de un beneficio a futuro: <strong>pelear un t\u00edtulo.<\/strong><\/p>\n<p> Justamente, es por ello que junto a&nbsp;<strong>San Lorenzo<\/strong>&nbsp;y<strong>&nbsp;Lan\u00fas, <\/strong>al igual que<strong>&nbsp;Defensa y Justicia<\/strong>, y m\u00e1s atr\u00e1s&nbsp;<strong>Estudiantes<\/strong>,<strong> Rosario Central<\/strong> y <strong>Godoy Cruz<\/strong>,&nbsp;todos ellos tendr\u00e1n una lucha de tres fechas para ser segundos. <\/p>\n<p> A&nbsp;pesar de que hay una falacia en el deporte que asegura que del segundo \u00abno se acuerda nadie\u00bb, la moraleja la dio Racing en 2022, cuando se qued\u00f3 en las puertas de la Liga Profesional superado por Boca pero termin\u00f3 festejando frente al Xeneize en el&nbsp;<strong>Trofeo de Campeones<\/strong>\u200b, t\u00edtulo que enfrenta a los campeones de la Liga y de la Copa de la Liga de cada a\u00f1o. <\/p>\n<p> La Academia de Fernando Gago debi\u00f3 jugar un desempate contra Tigre (subcampe\u00f3n de la Copa de la Liga 2022) debido que Boca se qued\u00f3 con ambos trofeos, para determinar qui\u00e9n&nbsp;ser\u00eda el rival del equipo dirigido por Hugo Benjam\u00edn Ibarra. Los de Avellaneda primero le ganaron al Matador y luego hicieron lo propio con los de azul y oro, en un partido disputado en San Luis que se termin\u00f3 con 10 expulsiones y esc\u00e1ndalo.<\/p>\n<p> <img decoding=\"async\" alt=\"Racing y el d\u00eda que le gan\u00f3 a Boca. Foto: JUAN JOSE GARCIA - FTP CLARIN\" height=\"100\" loading=\"lazy\" src=\"http:\/\/cordobainforma.info\/wp-content\/uploads\/2023\/07\/san-lorenzo-talleres-y-lanus-la-otra-lucha-de-la-liga-profesional-ser-segundo-y-aspirar-al-trofeo-de-campeones.jpg\" width=\"100\"> <\/p><figcaption>Racing y el d\u00eda que le gan\u00f3 a Boca. Foto: JUAN JOSE GARCIA \u2013 FTP CLARIN <\/figcaption><p>Por eso, <strong><\/strong>e<strong>n caso de que River termine consagr\u00e1ndose en el actual&nbsp;torneo y repita en&nbsp;la Copa de la Liga<\/strong> (competencia a disputarse en el segundo semestre),<strong> <\/strong>los dos subcampeones de cada torneo&nbsp;se medir\u00edan en una hipot\u00e9tica \u00absemifinal\u00bb <strong>para establecer al rival del Millonario en el Trofeo de Campeones 2023<\/strong>.<\/p>\n<p> <strong>\u200b<\/strong>A falta de tres fechas por disputarse, los \u00fanicos clubes que cuentan con chances matem\u00e1ticas de arrebatarle la medalla de plata a Talleres son San Lorenzo, Lan\u00fas, Defensa y Justicia, Estudiantes de La Plata, Rosario Central y Godoy Cruz.<\/p>\n<h2><strong>La pelea de&nbsp;arriba: puntos y diferencia de gol<\/strong><\/h2>\n<p> <strong>River 54 puntos (+27)<\/strong>Talleres 45 puntos (+18)San Lorenzo 43 puntos (+13)Lan\u00fas 41 puntos (+10)Defensa y Justicia 40 puntos (+12)Estudiantes 39 puntos (+8)Rosario Central 39 puntos (+7)Godoy Cruz 37 puntos (+5) <\/p>\n<h2><strong>Fecha por fecha, qu\u00e9 le queda a Talleres<\/strong><\/h2>\n<p> <strong>\u200bFecha 25<\/strong>: visitante vs&nbsp;Hurac\u00e1n<\/p>\n<p> <strong>Fecha 26<\/strong>: local vs&nbsp;Gimnasia<\/p>\n<p> <strong>Fecha 27<\/strong>: visitante vs&nbsp;Newell\u2019s<\/p>\n<p> <img decoding=\"async\" alt=\"Javier Gandolfi, DT de Talleres. Foto: Federico Lopez Claro - FTP CLARIN\" height=\"100\" loading=\"lazy\" src=\"http:\/\/cordobainforma.info\/wp-content\/uploads\/2023\/07\/san-lorenzo-talleres-y-lanus-la-otra-lucha-de-la-liga-profesional-ser-segundo-y-aspirar-al-trofeo-de-campeones-1.jpg\" width=\"100\"> <\/p><figcaption>Javier Gandolfi, DT de Talleres. Foto: Federico Lopez Claro \u2013 FTP CLARIN <\/figcaption><h2><strong>El camino de San Lorenzo<\/strong><\/h2>\n<p> <strong>\u200bFecha 25<\/strong>: visitante vs&nbsp;Belgrano<\/p>\n<p> <strong>Fecha 26<\/strong>: local vs&nbsp;Argentinos<\/p>\n<p> <strong>Fecha 27<\/strong>: visitante vs&nbsp;Tigre<\/p>\n<p> <img decoding=\"async\" alt=\"El Gallego Insua levant\u00f3 a San Lorenzo. Foto: Juano Tesone.\" height=\"100\" loading=\"lazy\" src=\"http:\/\/cordobainforma.info\/wp-content\/uploads\/2023\/07\/san-lorenzo-talleres-y-lanus-la-otra-lucha-de-la-liga-profesional-ser-segundo-y-aspirar-al-trofeo-de-campeones-2.jpg\" width=\"100\"> <\/p><figcaption>El Gallego Insua levant\u00f3 a San Lorenzo. Foto: Juano Tesone. <\/figcaption><h2><strong>Lo que le falta a Lan\u00fas<\/strong><\/h2>\n<p> <strong>\u200bFecha 25<\/strong>: local vs&nbsp;Banfield<\/p>\n<p> <strong>Fecha 26<\/strong>: visitante vs&nbsp;Instituto<\/p>\n<p> <strong>Fecha 27<\/strong>: local vs&nbsp;Barracas Central<\/p>\n<p> <img decoding=\"async\" alt=\"Frank Kudelka, t\u00e9cnico de Lan\u00fas. Foto: MARCELO CARROL\" height=\"100\" loading=\"lazy\" src=\"http:\/\/cordobainforma.info\/wp-content\/uploads\/2023\/07\/san-lorenzo-talleres-y-lanus-la-otra-lucha-de-la-liga-profesional-ser-segundo-y-aspirar-al-trofeo-de-campeones-3.jpg\" width=\"100\"> <\/p><figcaption>Frank Kudelka, t\u00e9cnico de Lan\u00fas. Foto: MARCELO CARROL <\/figcaption><h2><strong>El tramo final para Defensa y Justicia<\/strong><\/h2>\n<p> <strong>\u200bFecha 25<\/strong>: visitante vs&nbsp;Godoy Cruz<\/p>\n<p> <strong>Fecha 26<\/strong>: local vs&nbsp;Sarmiento <\/p>\n<p> <strong>Fecha 27<\/strong>: visitante vs&nbsp;Uni\u00f3n<\/p>\n<p> <img decoding=\"async\" alt=\"Uvita Fern\u00e1ndez, goleador de Defensa y Justicia.\" height=\"100\" loading=\"lazy\" src=\"http:\/\/cordobainforma.info\/wp-content\/uploads\/2023\/07\/san-lorenzo-talleres-y-lanus-la-otra-lucha-de-la-liga-profesional-ser-segundo-y-aspirar-al-trofeo-de-campeones-4.jpg\" width=\"100\"> <\/p><figcaption>Uvita Fern\u00e1ndez, goleador de Defensa y Justicia. <\/figcaption><h2><strong>Lo que le queda a Estudiantes<\/strong><\/h2>\n<p> <strong>\u200bFecha 25<\/strong>: visitante vs&nbsp;River Plate<\/p>\n<p> <strong>Fecha 26<\/strong>: local vs&nbsp;Belgrano<\/p>\n<p> <strong>Fecha 27<\/strong>: visitante vs&nbsp;Argentinos<\/p>\n<p> <img decoding=\"async\" alt=\"Estudiantes busca terminar la Liga de la mejor forma. Foto: JUAN MABROMATA \/ AFP.\" height=\"100\" loading=\"lazy\" src=\"http:\/\/cordobainforma.info\/wp-content\/uploads\/2023\/07\/san-lorenzo-talleres-y-lanus-la-otra-lucha-de-la-liga-profesional-ser-segundo-y-aspirar-al-trofeo-de-campeones-5.jpg\" width=\"100\"> <\/p><figcaption>Estudiantes busca terminar la Liga de la mejor forma. Foto: JUAN MABROMATA \/ AFP. <\/figcaption><h2><strong>La recta final para Rosario Central<\/strong><\/h2>\n<p> <strong>Fecha 25<\/strong>: visitante vs&nbsp;Racing<\/p>\n<p> <strong>Fecha 26<\/strong>: local vs&nbsp;River<\/p>\n<p> <strong>Fecha 27<\/strong>: visitante vs&nbsp;Belgrano<\/p>\n<p> <img decoding=\"async\" alt=\"Rosario Central sue\u00f1a con acercarse a puestos de Copa Libertadores. Foto: Liga Profesional.\" height=\"100\" loading=\"lazy\" src=\"http:\/\/cordobainforma.info\/wp-content\/uploads\/2023\/07\/san-lorenzo-talleres-y-lanus-la-otra-lucha-de-la-liga-profesional-ser-segundo-y-aspirar-al-trofeo-de-campeones-6.jpg\" width=\"100\"> <\/p><figcaption>Rosario Central sue\u00f1a con acercarse a puestos de Copa Libertadores. Foto: Liga Profesional. <\/figcaption><h2><strong>Los \u00faltimos rivales de Godoy Cruz<\/strong><\/h2>\n<p> <strong>\u200bFecha 25<\/strong>: local vs&nbsp;Defensa y Justicia<\/p>\n<p> <strong>Fecha 26<\/strong>: visitante vs&nbsp;Banfield<\/p>\n<p> <strong>Fecha 27<\/strong>: local vs&nbsp;Instituto<\/p>\n<\/div>\n<nav class=\"navigation post-navigation\" aria-label=\"Continue Reading\">\n<h2 class=\"screen-reader-text\">Continue Reading<\/h2>\n<\/nav>\n","protected":false},"excerpt":{"rendered":"<p>sabias que datos curiosos Ultimas Noticias y datos curiosos En caso de que River se corone campe\u00f3n y repita en la Copa de la Liga, el que sea subcampe\u00f3n tendr\u00e1 la chance de pelear por un t\u00edtulo como el que logr\u00f3 Racing en 2022. La Liga Profesional de F\u00fatbol (LPF) est\u00e1 llegando a su fin [&hellip;]<\/p>\n","protected":false},"author":1,"featured_media":81185,"comment_status":"closed","ping_status":"closed","sticky":false,"template":"","format":"standard","meta":[],"categories":[20,2],"tags":[],"_links":{"self":[{"href":"http:\/\/cordobainforma.info\/index.php\/wp-json\/wp\/v2\/posts\/81184"}],"collection":[{"href":"http:\/\/cordobainforma.info\/index.php\/wp-json\/wp\/v2\/posts"}],"about":[{"href":"http:\/\/cordobainforma.info\/index.php\/wp-json\/wp\/v2\/types\/post"}],"author":[{"embeddable":true,"href":"http:\/\/cordobainforma.info\/index.php\/wp-json\/wp\/v2\/users\/1"}],"replies":[{"embeddable":true,"href":"http:\/\/cordobainforma.info\/index.php\/wp-json\/wp\/v2\/comments?post=81184"}],"version-history":[{"count":0,"href":"http:\/\/cordobainforma.info\/index.php\/wp-json\/wp\/v2\/posts\/81184\/revisions"}],"wp:featuredmedia":[{"embeddable":true,"href":"http:\/\/cordobainforma.info\/index.php\/wp-json\/wp\/v2\/media\/81185"}],"wp:attachment":[{"href":"http:\/\/cordobainforma.info\/index.php\/wp-json\/wp\/v2\/media?parent=81184"}],"wp:term":[{"taxonomy":"category","embeddable":true,"href":"http:\/\/cordobainforma.info\/index.php\/wp-json\/wp\/v2\/categories?post=81184"},{"taxonomy":"post_tag","embeddable":true,"href":"http:\/\/cordobainforma.info\/index.php\/wp-json\/wp\/v2\/tags?post=81184"}],"curies":[{"name":"wp","href":"https:\/\/api.w.org\/{rel}","templated":true}]}}