{"id":81182,"date":"2023-07-14T08:30:00","date_gmt":"2023-07-14T08:30:00","guid":{"rendered":"http:\/\/cordobainforma.info\/index.php\/2023\/07\/14\/domingo-cavallo-massa-esta-muy-enredado-con-las-ideas-que-kicillof-le-metio-en-la-cabeza-a-cristina-kirchner\/"},"modified":"2023-07-14T08:30:00","modified_gmt":"2023-07-14T08:30:00","slug":"domingo-cavallo-massa-esta-muy-enredado-con-las-ideas-que-kicillof-le-metio-en-la-cabeza-a-cristina-kirchner","status":"publish","type":"post","link":"http:\/\/cordobainforma.info\/index.php\/2023\/07\/14\/domingo-cavallo-massa-esta-muy-enredado-con-las-ideas-que-kicillof-le-metio-en-la-cabeza-a-cristina-kirchner\/","title":{"rendered":"Domingo Cavallo: \u00abMassa est\u00e1 muy enredado con las ideas que Kicillof le meti\u00f3 en la cabeza a Cristina Kirchner\u00bb"},"content":{"rendered":"<div class=\"media_block\"><\/div>\n<p>El exministro de Econom\u00eda, <strong><a target=\"_blank\" href=\"https:\/\/www.perfil.com\/noticias\/ecologia\/cavallo-alerto-por-una-explosion-hiperinflacionaria-si-el-nuevo-gobierno-elimina-el-cepo-el-10-de-diciembre.phtml\" rel=\"noopener noreferrer\">Domingo Cavallo<\/a><\/strong>, afirm\u00f3 este jueves por la noche que la cifra de la inflaci\u00f3n de junio, de <strong>6%, \u201ces muy alta, pero no es algo que se pueda achacar a una medida de los \u00faltimos meses<\/strong>. Tiene que ver con toda la historia del 2022 y 2023\u201d. Tambi\u00e9n respald\u00f3 el pago al FMI en yuanes y opin\u00f3 que <a target=\"_blank\" href=\"https:\/\/www.perfil.com\/noticias\/modo-fontevecchia\/ex-director-del-fmi-dice-que-massa-mintio-sobre-el-gasoducto-modof.phtml\" rel=\"noopener noreferrer\">Sergio Massa<\/a> no comparte la visi\u00f3n econ\u00f3mica del kirchnerismo.<\/p>\n<p>\u201c<strong>Creo que est\u00e1 bien que Massa use los yuanes<\/strong> para no dejar caer la relaci\u00f3n con el Fondo Monetario Internacional. Peor ser\u00eda que lisa y llanamente no hubieran cumplido, porque hubieran ca\u00eddo en default\u201d, analiz\u00f3 Cavallo y agreg\u00f3 que la estrategia del ministro es \u201cjugar\u201d con la preocupaci\u00f3n de Estados Unidos respecto a la relaci\u00f3n de Argentina con China. \u201cPero <strong>yo dir\u00eda que es v\u00e1lido<\/strong>, dada la situaci\u00f3n en la que estamos\u201d, coment\u00f3.<\/p>\n<p>En entrevista con<em> Luis Majul<\/em> en <em>LN+<\/em>, Domingo Cavallo opin\u00f3 que <strong>no devaluar \u201ces correcto<\/strong>, porque aqu\u00ed lo que hay que pensar es c\u00f3mo se unifica el mercado cambiario\u201d. Tambi\u00e9n indic\u00f3 que una \u201cdevaluaci\u00f3n suelta, como la del 2002, es totalmente desorganizadora de la econom\u00eda\u201d y <strong>le recomend\u00f3 al ministro actual \u201cdecir que realmente est\u00e1 haciendo un ajuste fiscal\u201d<\/strong>.<\/p>\n<div>\n<figure class=\"image\"><img alt=\"Massa y Cavallo\" src=\"http:\/\/cordobainforma.info\/wp-content\/uploads\/2023\/07\/domingo-cavallo-massa-esta-muy-enredado-con-las-ideas-que-kicillof-le-metio-en-la-cabeza-a-cristina-kirchner-1.jpg\" loading=\"lazy\"><figcaption>Cavallo respald\u00f3 a Massa y opin\u00f3 que no devaluar \u201ces correcto\u00bb<\/figcaption><\/figure>\n<\/div>\n<p>\u201cDecirlo es notable, porque s\u00ed se est\u00e1 haciendo. <strong>Miren cu\u00e1nto han bajado las jubilaciones en t\u00e9rminos reales<\/strong>. Lo que deber\u00eda decir \u00e9l es \u2018el ajuste fiscal que vamos a hacer <strong>ya no ser\u00e1 a costa de una aceleraci\u00f3n inflacionaria<\/strong> que golpea a los salarios, sino una <strong>verdadera reestructuraci\u00f3n del sector p\u00fablico<\/strong>, un achicamiento de actividades sobredimensionadas\u2019\u201d, propuso Cavallo.<\/p>\n<p>Respecto a la postulaci\u00f3n de Sergio Massa como precandidato a presidente por Uni\u00f3n por la Patria, que defini\u00f3 como una \u201climitaci\u00f3n tremenda\u201d, el ministro de Carlos Menem decidi\u00f3 recordar el caso del pol\u00edtico brasile\u00f1o <a target=\"_blank\" href=\"https:\/\/www.perfil.com\/noticias\/modo-fontevecchia\/las-vidas-paralelas-de-fernando-enrique-cardoso-y-sergio-massa-modof.phtml\" rel=\"noopener noreferrer\">Fernando Henrique Cardoso<\/a>: \u201c\u00c9l personalmente no era economista y cuando decidieron lanzar el Plan Real, <strong>renunci\u00f3 al ministerio de Hacienda para hacer campa\u00f1a<\/strong>. Por supuesto que el \u00e9xito que empez\u00f3 a tener su plan le vali\u00f3 para ser elegido\u201d, sugiri\u00f3.<\/p>\n<p class=\"destacadoNota\"><a target=\"_blank\" href=\"https:\/\/www.perfil.com\/noticias\/bloomberg\/bc-massa-no-sabe-si-seguira-en-el-cargo-durante-eleccion-argentina.phtml\" rel=\"noopener noreferrer\">Massa no sabe si seguir\u00e1 siendo ministro de Econom\u00eda durante la campa\u00f1a electoral<\/a><\/p>\n<p>Asimismo, <strong>aleg\u00f3 que Massa \u201cno piensa\u201d como el kirchnerismo \u201cen materia econ\u00f3mica<\/strong>, pero el discurso que est\u00e1 haciendo est\u00e1 condicionado por esa mala interpretaci\u00f3n por la historia y la realidad econ\u00f3mica argentina\u201d.&nbsp;<\/p>\n<p>Cavallo cree que Massa \u201cest\u00e1 muy enredado\u201d con<strong> las ideas \u201cque Kicillof le meti\u00f3 en la cabeza a Cristina Kirchner<\/strong> y que est\u00e1n en mi libro <em>Camino a la estabilidad<\/em>, que son las ideas de <a target=\"_blank\" href=\"https:\/\/www.perfil.com\/noticias\/modo-fontevecchia\/alfredo-zaiat-la-oposicion-busca-que-el-estallido-sea-antes-para-avanzar-sobre-tierra-arrasada-modof.phtml\" rel=\"noopener noreferrer\">Zaiat<\/a> y est\u00e1n totalmente equivocadas\u201d. Por \u00faltimo, postul\u00f3 que esas ideas \u201chan enmarcado al gobierno de Alberto Fern\u00e1ndez, quien lo que hizo fue decir \u2018s\u00ed, Cristina\u2019 y adopt\u00f3 ese pensamiento, que es ruinoso para el pa\u00eds\u201d.<\/p>\n<h2>Seg\u00fan el INDEC, la inflaci\u00f3n de junio fue del 6%<\/h2>\n<p>La inflaci\u00f3n de junio se ubic\u00f3 en el 6%, de acuerdo con lo informado por el INDEC este jueves, marcando <strong>el segundo descenso consecutivo<\/strong> desde el pico de 8,4% registrado en abril. En mayo, alcanz\u00f3 el 7,8%.<\/p>\n<p>Este dato <strong>es el primero desde el anuncio de la candidatura<\/strong> del ministro de Econom\u00eda <strong>y el \u00faltimo en conocerse antes de las Primarias<\/strong> Abiertas, Simult\u00e1neas y Obligatorias (PASO) que se realizar\u00e1n el domingo 13 de agosto, ya que la inflaci\u00f3n de julio se dar\u00e1 a conocer el martes 15. La inflaci\u00f3n acumul\u00f3 una variaci\u00f3n de 50,7% en el primer semestre de 2023, mientras que <strong>en la comparaci\u00f3n interanual, el incremento alcanz\u00f3 el 115,6%.<\/strong><\/p>\n<p class=\"destacadoNota\"><a target=\"_blank\" href=\"https:\/\/www.perfil.com\/noticias\/politica\/el-pronostico-economico-de-domingo-cavallo-hasta-las-paso.phtml\" rel=\"noopener noreferrer\">Domingo Cavallo advirti\u00f3 que la inflaci\u00f3n podr\u00eda saltar hasta el 9% mensual luego de las PASO<\/a><\/p>\n<p>Seg\u00fan el INDEC, la divisi\u00f3n de mayor aumento en junio fue <strong>Comunicaciones<\/strong> (10,5%), producto de la suba de servicios de telefon\u00eda e internet. Le siguieron <strong>Salud <\/strong>(8,6%) \u2014por aumentos en medicamentos y en las cuotas de empresas de medicina prepaga\u2014 y <strong>Vivienda<\/strong>, agua, electricidad, gas y otros combustibles (8,1%), principalmente por las subas en electricidad.<\/p>\n<p>En todas las regiones, la divisi\u00f3n con mayor incidencia fue Alimentos y bebidas no alcoh\u00f3licas (4,1%). Dentro de esta divisi\u00f3n impact\u00f3 la suba de Pan y cereales y Leche, productos l\u00e1cteos y huevos.<\/p>\n<p>Por su parte, las dos divisiones que registraron las menores variaciones en junio fueron Alimentos y bebidas no alcoh\u00f3licas (4,1%) y Prendas de vestir y calzado (4,2%).<\/p>\n<p><em>ML \/ ED<\/em><\/p>\n<div class=\"article__tags\">\n<p>En esta Nota<\/p>\n<\/p><\/div>\n","protected":false},"excerpt":{"rendered":"<p>El exministro de Econom\u00eda, Domingo Cavallo, afirm\u00f3 este jueves por la noche que la cifra de la inflaci\u00f3n de junio, de 6%, \u201ces muy alta, pero no es algo que se pueda achacar a una medida de los \u00faltimos meses. Tiene que ver con toda la historia del 2022 y 2023\u201d. Tambi\u00e9n respald\u00f3 el pago [&hellip;]<\/p>\n","protected":false},"author":1,"featured_media":81183,"comment_status":"closed","ping_status":"closed","sticky":false,"template":"","format":"standard","meta":[],"categories":[2],"tags":[],"_links":{"self":[{"href":"http:\/\/cordobainforma.info\/index.php\/wp-json\/wp\/v2\/posts\/81182"}],"collection":[{"href":"http:\/\/cordobainforma.info\/index.php\/wp-json\/wp\/v2\/posts"}],"about":[{"href":"http:\/\/cordobainforma.info\/index.php\/wp-json\/wp\/v2\/types\/post"}],"author":[{"embeddable":true,"href":"http:\/\/cordobainforma.info\/index.php\/wp-json\/wp\/v2\/users\/1"}],"replies":[{"embeddable":true,"href":"http:\/\/cordobainforma.info\/index.php\/wp-json\/wp\/v2\/comments?post=81182"}],"version-history":[{"count":0,"href":"http:\/\/cordobainforma.info\/index.php\/wp-json\/wp\/v2\/posts\/81182\/revisions"}],"wp:featuredmedia":[{"embeddable":true,"href":"http:\/\/cordobainforma.info\/index.php\/wp-json\/wp\/v2\/media\/81183"}],"wp:attachment":[{"href":"http:\/\/cordobainforma.info\/index.php\/wp-json\/wp\/v2\/media?parent=81182"}],"wp:term":[{"taxonomy":"category","embeddable":true,"href":"http:\/\/cordobainforma.info\/index.php\/wp-json\/wp\/v2\/categories?post=81182"},{"taxonomy":"post_tag","embeddable":true,"href":"http:\/\/cordobainforma.info\/index.php\/wp-json\/wp\/v2\/tags?post=81182"}],"curies":[{"name":"wp","href":"https:\/\/api.w.org\/{rel}","templated":true}]}}