{"id":81171,"date":"2023-07-14T04:12:49","date_gmt":"2023-07-14T04:12:49","guid":{"rendered":"http:\/\/cordobainforma.info\/index.php\/2023\/07\/14\/cierre-de-la-campana-de-soja-se-produjo-59-menos-de-lo-que-se-esperaba-por-la-sequia\/"},"modified":"2023-07-14T04:12:49","modified_gmt":"2023-07-14T04:12:49","slug":"cierre-de-la-campana-de-soja-se-produjo-59-menos-de-lo-que-se-esperaba-por-la-sequia","status":"publish","type":"post","link":"http:\/\/cordobainforma.info\/index.php\/2023\/07\/14\/cierre-de-la-campana-de-soja-se-produjo-59-menos-de-lo-que-se-esperaba-por-la-sequia\/","title":{"rendered":"Cierre de la campa\u00f1a de soja: se produjo 59% menos de lo que se esperaba por la sequ\u00eda"},"content":{"rendered":"<p>En el Norte de <b>C\u00f3rdoba<\/b>, los promedios de rendimiento alcanzaron apenas 11 &#8230; Las recientes lluvias han brindado una <b>nueva<\/b> oportunidad de siembra&nbsp;&#8230; <\/p>\n","protected":false},"excerpt":{"rendered":"<p>En el Norte de C\u00f3rdoba, los promedios de rendimiento alcanzaron apenas 11 &#8230; Las recientes lluvias han brindado una nueva oportunidad de siembra&nbsp;&#8230;<\/p>\n","protected":false},"author":1,"featured_media":0,"comment_status":"closed","ping_status":"closed","sticky":false,"template":"","format":"standard","meta":[],"categories":[23],"tags":[],"_links":{"self":[{"href":"http:\/\/cordobainforma.info\/index.php\/wp-json\/wp\/v2\/posts\/81171"}],"collection":[{"href":"http:\/\/cordobainforma.info\/index.php\/wp-json\/wp\/v2\/posts"}],"about":[{"href":"http:\/\/cordobainforma.info\/index.php\/wp-json\/wp\/v2\/types\/post"}],"author":[{"embeddable":true,"href":"http:\/\/cordobainforma.info\/index.php\/wp-json\/wp\/v2\/users\/1"}],"replies":[{"embeddable":true,"href":"http:\/\/cordobainforma.info\/index.php\/wp-json\/wp\/v2\/comments?post=81171"}],"version-history":[{"count":0,"href":"http:\/\/cordobainforma.info\/index.php\/wp-json\/wp\/v2\/posts\/81171\/revisions"}],"wp:attachment":[{"href":"http:\/\/cordobainforma.info\/index.php\/wp-json\/wp\/v2\/media?parent=81171"}],"wp:term":[{"taxonomy":"category","embeddable":true,"href":"http:\/\/cordobainforma.info\/index.php\/wp-json\/wp\/v2\/categories?post=81171"},{"taxonomy":"post_tag","embeddable":true,"href":"http:\/\/cordobainforma.info\/index.php\/wp-json\/wp\/v2\/tags?post=81171"}],"curies":[{"name":"wp","href":"https:\/\/api.w.org\/{rel}","templated":true}]}}