{"id":81135,"date":"2023-07-14T06:12:43","date_gmt":"2023-07-14T06:12:43","guid":{"rendered":"http:\/\/cordobainforma.info\/index.php\/2023\/07\/14\/putin-juridicamente-el-grupo-wagner-no-existe\/"},"modified":"2023-07-14T06:12:43","modified_gmt":"2023-07-14T06:12:43","slug":"putin-juridicamente-el-grupo-wagner-no-existe","status":"publish","type":"post","link":"http:\/\/cordobainforma.info\/index.php\/2023\/07\/14\/putin-juridicamente-el-grupo-wagner-no-existe\/","title":{"rendered":"Putin: \u00abJur\u00eddicamente, el grupo Wagner no existe\u00bb"},"content":{"rendered":"<p><img src=\"http:\/\/cordobainforma.info\/wp-content\/uploads\/2023\/07\/putin-juridicamente-el-grupo-wagner-no-existe.jpg\"><\/p>\n<div readability=\"32\">\n<p><span>Publicado:<\/span><time class=\"Timestamp-root Timestamp-isBlackColor \" datetime=\"2023-07-14T06:12:43+00:00\"> 14 jul 2023 06:12 GMT <\/time><\/p>\n<\/div>\n<div readability=\"33\">\n<p> El presidente ruso ha revelado detalles de su reciente reuni\u00f3n con un grupo de dirigentes de la compa\u00f1\u00eda militar privada. <\/p>\n<\/div>\n<div readability=\"70.557114228457\">\n<p>El presidente de Rusia, Vlad\u00edmir Putin, ha ofrecido detalles este jueves de su <a href=\"https:\/\/actualidad.rt.com\/actualidad\/472799-putin-reunirse-jefe-grupo-wagner\" target=\"_blank\" rel=\"noopener noreferrer\">reuni\u00f3n<\/a> con 35 dirigentes del grupo Wagner, que se produjo d\u00edas despu\u00e9s del intento de insurrecci\u00f3n armada de la compa\u00f1\u00eda militar privada.<\/p>\n<p>\u00abPor un lado, en la reuni\u00f3n les di mi evaluaci\u00f3n de lo que hab\u00edan hecho en el campo de batalla, por otro lado, de lo que hicieron durante los acontecimientos del 24 de junio\u00bb, fecha en que se produjo el intento de rebeli\u00f3n, <a href=\"https:\/\/www.kommersant.ru\/doc\/6098572\" target=\"_blank\" rel=\"noopener noreferrer\">asegur\u00f3<\/a> Putin al diario Kommersant.<\/p>\n<div class=\"ReadMore-root Section-root Section-is1to3-xs_is1to1\" data-widgets=\"ReadMore\">\n<div class=\"Section-container Section-isRow-isTop-isWrap\">\n<article class=\"Card-root Card-is1to1 \">\n<div class=\"Card-imageWrap\">\n<div class=\"Card-picture\"> <picture class=\"Picture-root Picture-default\"><!--[if IE 9]><video style=\"display: none;\"><![endif]--><source media=\"(-webkit-min-device-pixel-ratio: 2) and (min-resolution: 120dpi)\" srcset=\"http:\/\/cordobainforma.info\/wp-content\/uploads\/2023\/07\/putin-juridicamente-el-grupo-wagner-no-existe-2.jpg 850w, http:\/\/cordobainforma.info\/wp-content\/uploads\/2023\/07\/putin-juridicamente-el-grupo-wagner-no-existe-3.jpg 1960w\"><source srcset=\"http:\/\/cordobainforma.info\/wp-content\/uploads\/2023\/07\/putin-juridicamente-el-grupo-wagner-no-existe-2.jpg 460w, http:\/\/cordobainforma.info\/wp-content\/uploads\/2023\/07\/putin-juridicamente-el-grupo-wagner-no-existe-3.jpg 980w\"><!--[if IE 9]><\/video><![endif]--><img data-sizes=\"auto\" src=\"http:\/\/cordobainforma.info\/wp-content\/uploads\/2023\/07\/putin-juridicamente-el-grupo-wagner-no-existe-2.jpg\" class=\"Picture-root Picture-default lazyload\" alt=\"VIDEO: El grupo Wagner entrega armas y equipo pesado al Ministerio de Defensa ruso\"><\/picture><!-- noscript pattern --><noscript><img src=\"http:\/\/cordobainforma.info\/wp-content\/uploads\/2023\/07\/putin-juridicamente-el-grupo-wagner-no-existe-3.jpg\" alt=\"VIDEO: El grupo Wagner entrega armas y equipo pesado al Ministerio de Defensa ruso\"><\/noscript> <\/div><\/div>\n<\/article><\/div><\/div>\n<p>\u00abAdem\u00e1s, les mostr\u00e9 las posibles opciones de su futura realizaci\u00f3n del servicio militar, incluido su uso en los combates\u00bb, agreg\u00f3.<\/p>\n<p>Al ser preguntado sobre la posibilidad de que el grupo \u00absea preservado como una unidad de combate\u00bb, el mandatario respondi\u00f3: \u00abPero la empresa militar privada Wagner no existe\u00bb. \u00abNo tenemos legislaci\u00f3n respecto a las organizaciones militares privadas, [as\u00ed que] simplemente no existe\u00bb, matiz\u00f3.<\/p>\n<p>\u00abS\u00ed hay un grupo, pero jur\u00eddicamente no existe\u00bb, aclar\u00f3 Putin. \u00abEs un tema separado, vinculado con la legalizaci\u00f3n real. Pero es un tema que debe ser discutido en la Duma Estatal, en el Gobierno. No es una cuesti\u00f3n f\u00e1cil\u00bb, dijo.<\/p>\n<p>Asimismo, Putin agreg\u00f3 que los combatientes del grupo \u00abhab\u00edan luchado con dignidad\u00bb y \u00abda pena que hayan sido arrastrados a estos acontecimientos\u00bb.<\/p>\n<ul>\n<li>El conflicto entre el Ministerio de Defensa de Rusia y Prigozhin se agrav\u00f3 en la noche del 24 de junio.&nbsp;El grupo Wagner&nbsp;<a href=\"https:\/\/actualidad.rt.com\/actualidad\/471125-minuto-munuto-grupo-wagner-rebela\" target=\"_blank\" rel=\"noopener noreferrer\">asegur\u00f3<\/a>&nbsp;que hab\u00eda ocupado el edificio del Estado Mayor del Distrito Militar del Sur en la ciudad rusa de Rostov del Don e inform\u00f3 que se dirig\u00eda hacia Mosc\u00fa.<\/li>\n<\/ul>\n<ul>\n<li>Por su parte, Vlad\u00edmir Putin&nbsp;<a href=\"https:\/\/actualidad.rt.com\/actualidad\/471118-putin-mensaje-nacion-situacion-rusia\" target=\"_blank\" rel=\"noopener noreferrer\">calific\u00f3<\/a>&nbsp;los actos de Prigozhin de \u00absublevaci\u00f3n militar\u00bb y asegur\u00f3 que \u00ablas acciones para proteger a la patria\u00bb de esa amenaza ser\u00e1n \u00abcontundentes\u00bb.<\/li>\n<\/ul>\n<ul>\n<li>Posteriormente, Prigozhin&nbsp;<a href=\"https:\/\/actualidad.rt.com\/actualidad\/471207-lukashenko-prigozhin-acepto-propuesta-medidas\" target=\"_blank\" rel=\"noopener noreferrer\">acept\u00f3<\/a>&nbsp;detener el movimiento de sus fuerzas en territorio ruso y acord\u00f3 tomar medidas para rebajar las tensiones tras mantener conversaciones con el presidente bielorruso, Alex\u00e1nder Lukashenko.<\/li>\n<\/ul>\n<\/div>\n","protected":false},"excerpt":{"rendered":"<p>Publicado: 14 jul 2023 06:12 GMT El presidente ruso ha revelado detalles de su reciente reuni\u00f3n con un grupo de dirigentes de la compa\u00f1\u00eda militar privada. El presidente de Rusia, Vlad\u00edmir Putin, ha ofrecido detalles este jueves de su reuni\u00f3n con 35 dirigentes del grupo Wagner, que se produjo d\u00edas despu\u00e9s del intento de insurrecci\u00f3n [&hellip;]<\/p>\n","protected":false},"author":1,"featured_media":81136,"comment_status":"closed","ping_status":"closed","sticky":false,"template":"","format":"standard","meta":[],"categories":[22],"tags":[],"_links":{"self":[{"href":"http:\/\/cordobainforma.info\/index.php\/wp-json\/wp\/v2\/posts\/81135"}],"collection":[{"href":"http:\/\/cordobainforma.info\/index.php\/wp-json\/wp\/v2\/posts"}],"about":[{"href":"http:\/\/cordobainforma.info\/index.php\/wp-json\/wp\/v2\/types\/post"}],"author":[{"embeddable":true,"href":"http:\/\/cordobainforma.info\/index.php\/wp-json\/wp\/v2\/users\/1"}],"replies":[{"embeddable":true,"href":"http:\/\/cordobainforma.info\/index.php\/wp-json\/wp\/v2\/comments?post=81135"}],"version-history":[{"count":0,"href":"http:\/\/cordobainforma.info\/index.php\/wp-json\/wp\/v2\/posts\/81135\/revisions"}],"wp:featuredmedia":[{"embeddable":true,"href":"http:\/\/cordobainforma.info\/index.php\/wp-json\/wp\/v2\/media\/81136"}],"wp:attachment":[{"href":"http:\/\/cordobainforma.info\/index.php\/wp-json\/wp\/v2\/media?parent=81135"}],"wp:term":[{"taxonomy":"category","embeddable":true,"href":"http:\/\/cordobainforma.info\/index.php\/wp-json\/wp\/v2\/categories?post=81135"},{"taxonomy":"post_tag","embeddable":true,"href":"http:\/\/cordobainforma.info\/index.php\/wp-json\/wp\/v2\/tags?post=81135"}],"curies":[{"name":"wp","href":"https:\/\/api.w.org\/{rel}","templated":true}]}}