{"id":81131,"date":"2023-07-13T12:06:55","date_gmt":"2023-07-13T12:06:55","guid":{"rendered":"https:\/\/www.mujerhoy.com\/vivir\/ocio\/camino-de-santiago-mejores-rutas-segun-peregrino-que-ver-etapas-20230713094900-nt.html"},"modified":"2023-07-13T12:06:55","modified_gmt":"2023-07-13T12:06:55","slug":"que-ruta-del-camino-de-santiago-2023-elegir-segun-el-tipo-de-peregrino-que-seas","status":"publish","type":"post","link":"http:\/\/cordobainforma.info\/index.php\/2023\/07\/13\/que-ruta-del-camino-de-santiago-2023-elegir-segun-el-tipo-de-peregrino-que-seas\/","title":{"rendered":"Qu\u00e9 ruta del Camino de Santiago 2023 elegir seg\u00fan el tipo de peregrino que seas"},"content":{"rendered":"<p><!-- AUTHOR --><\/p>\n<div class=\"voc-author-timesocial \"><!-- AUTHOR --><\/p>\n<div class=\"voc-author-timesocial__signature\"><!-- IMAGE AUTHOR --><picture class=\"voc-image-signature\"><img class=\"voc-image-signature__img\" src=\"http:\/\/cordobainforma.info\/wp-content\/uploads\/2023\/07\/que-ruta-del-camino-de-santiago-2023-elegir-segun-el-tipo-de-peregrino-que-seas.jpg\" alt=\"Ana Calvo\"><\/picture><!-- INFO AUTHOR --><\/p>\n<div class=\"voc-author-timesocial__info\">\n<div class=\"voc-author-info\"><author><a title=\"ANA CALVO\" href=\"https:\/\/www.mujerhoy.com\/autor\/ana-calvo-1186.html\" class=\"voc-author\">ANA CALVO <\/a><\/author><time data-voc-date-modified class=\"mdamp-article-time\" itemprop=\"dateModified\" datetime=\"2023-07-13T14:06:55+02:00\" data-timestamp>Actualizado \u00b7 <span data-voc-date-modified-short>13 de julio de 2023, 14:06 h<\/span><\/time><\/div>\n<\/div>\n<\/div>\n<\/div>\n<p><!-- COMPONENTS --><\/p>\n<p class=\"voc-paragraph\">El verano de 2023 est\u00e1 marcado por las Elecciones Generales del 23J, no lo podemos negar. Pero hay vida m\u00e1s all\u00e1 de los cambios de fechas de vacaciones de \u00faltima hora, los ajustes de calendario y reservas y los votos por correo. Y es que puede que la cita con las urnas haya trastocado un poco tu agenda, pero si entre tus planes de estas vacaciones est\u00e1 coger el bast\u00f3n de peregrina y hacer el <strong>Camino de Santiago<\/strong>, estas ideas te van a gustar. <\/p>\n<p class=\"voc-paragraph\">Hacer el Camino de Santiago es, sin duda, uno de los planes favoritos del verano para miles de visitantes de todo el mundo. En 2022, <strong>m\u00e1s de medio mill\u00f3n de peregrinos<\/strong> completaron las diferentes rutas que recorren la Pen\u00ednsula, la mayor\u00eda de ellos a pie, para conseguir la ansiada Compostela. <\/p>\n<div class=\"voc-detail__cmp\">\n<div class=\"voc-article-container\">\n<article class=\"voc-article voc-article--cmp-related voc-article--photo-left voc-article--photo-left--right-xs voc-home-tit-st\">\n<div class=\"voc-img-container \"><picture><a href=\"https:\/\/www.mujerhoy.com\/vivir\/ocio\/rutas-senderismo-espana-preciosas-naturaleza-mar-caminos-bosque-historia-20230616091745-nt.html#vca=modulos&amp;vso=mujerhoy&amp;vmc=noticias-rel-cmp&amp;vli=cultura%20y%20viajes\" class=\"voc-horizontal voc-img-icon-link\"><img alt=\"Las 5 rutas de senderismo m\u00e1s bonitas de Espa\u00f1a que ning\u00fan amante de la naturaleza se puede perder\" class=\"lazy\" loading=\"lazy\" data-original=\" \/\/static.mujerhoy.com\/www\/multimedia\/202306\/15\/media\/cortadas\/borosa-portada-senderismo-ksxC-U200563253031PM-624x624@MujerHoy.jpg \"><\/a><\/picture><\/div>\n<\/article>\n<\/div>\n<\/div>\n<p class=\"voc-paragraph\">Pero m\u00e1s all\u00e1 de su significaci\u00f3n religiosa y espiritual, el Camino de Santiago es <strong>una experiencia vital<\/strong> que transforma. Y para contribuir a que esa aventura sea a\u00fan m\u00e1s rica, te proponemos diferentes planes a lo largo de las etapas de tu camino para completar tu ruta elegida y llegar a Santiago de Compostela de una forma \u00fanica y diferente.\n<\/p>\n<p><h3 class=\"voc-detail__title\"> Las Estrellas del Camino Ingl\u00e9s<br \/>\n<\/h3>\n<\/p>\n<p class=\"voc-paragraph\">Nuestra primera propuesta para hacer el Camino de Santiago es ir recorriendo &#8216;<br \/>\n<strong>Las Estrellas del Camino<\/strong>&#8216; que, un a\u00f1o m\u00e1s, propone Estrella Galicia. Y no nos referimos (solo) a ir tom\u00e1ndose una cerveza en cada parada, sino en visitar a lo largo del Camino Ingl\u00e9s las diferentes <strong>intervenciones de arte urbano<\/strong> de estos kil\u00f3metros expositivos que buscan mostrar \u00abhistorias representadas por personas reales que, de alguna manera, han puesto su granito de arena en la conservaci\u00f3n y promoci\u00f3n del Camino\u00bb.\n<\/p>\n<div class=\"voc-detail__cmp\">\n<div class=\"voc-article-container\">\n<article class=\"voc-article voc-article--cmp-photo-text\">\n<div class=\"voc-img-container\"><picture>\n<div class=\"voc-horizontal voc-img-icon-link\"><img class=\"lazy\" loading=\"lazy\" data-original=\"\/\/static3.mujerhoy.com\/www\/multimedia\/202307\/13\/media\/cortadas\/camino-reading-kljE-U20075891671823D-624x385@MujerHoy.jpg\" alt=\"Mural de Reading.\"><\/div>\n<\/picture>\n<p class=\"figure-caption \"> Mural de Reading. \/ <span class=\"voc-photo-author\"> DR <\/span><\/p>\n<\/div>\n<\/article>\n<\/div>\n<\/div>\n<p class=\"voc-paragraph\">Aunque tiene ejemplos en el Camino Portugu\u00e9s (nueve murales) y en el Franc\u00e9s (siete), este a\u00f1o Las Estrellas del Camino dan protagonismo a la muestra de arte urbano que este a\u00f1o incorpora <strong>cinco nuevos murales<\/strong>&nbsp;repartidos a lo largo de 126 kil\u00f3metros&nbsp;distribuidos en varias etapas del Camino Ingl\u00e9s. Siguiendo los senderos de peregrinaci\u00f3n que se utilizaban en la \u00e9poca medieval, da el salto internacional y empieza en la localidad de Reading (Reino Unido),continuando con obras en Ferrol, Neda, Mi\u00f1o y Ordes.\n<\/p>\n<div class=\"voc-detail__cmp\">\n<div class=\"voc-article-container\">\n<article class=\"voc-article voc-article--cmp-photo-text\">\n<div class=\"voc-img-container\"><picture>\n<div class=\"voc-horizontal voc-img-icon-link\"><img class=\"lazy\" loading=\"lazy\" data-original=\"\/\/static3.mujerhoy.com\/www\/multimedia\/202307\/13\/media\/cortadas\/camino-ferrol-kljE-U2007589167189lH-624x385@MujerHoy.jpg\" alt=\"Mural de Ferrol. \"><\/div>\n<\/picture>\n<p class=\"figure-caption \"> Mural de Ferrol. \/ <span class=\"voc-photo-author\"> DR <\/span><\/p>\n<\/div>\n<\/article>\n<\/div>\n<\/div>\n<p><h3 class=\"voc-detail__title\"> La mejor arquitectura religiosa, en el Camino Franc\u00e9s<br \/>\n<\/h3>\n<\/p>\n<p class=\"voc-paragraph\">El Camino Franc\u00e9s, tambi\u00e9n llamado Calle Mayor de Europa y declarado hace m\u00e1s de 20 a\u00f1os Patrimonio Mundial de la UNESCO, es <strong>el favorito de los peregrinos<\/strong> para llegar a Santiago de Compostela y en 2022 fue el m\u00e1s transitado (226.887 personas lo recorrieron).\n<\/p>\n<p class=\"voc-paragraph\">Aunque en los \u00faltimos a\u00f1os ha tenido una fuerte competencia en el resto de rutas jacobeas que recorren la Pen\u00ednsula, los valores art\u00edsticos de las villas que recorre el Camino Franc\u00e9s lo hacen \u00fanico. Por eso, merece la pena que te des un ba\u00f1o de <strong>arquitectura religiosa<\/strong> a lo largo de los m\u00e1s de 700 kil\u00f3metros que recorre y organices paradas en Fr\u00f3mistra y Carri\u00f3n de los Condes (grandes ejemplos de rom\u00e1nico en la provincia de Palencia); visites las catedrales de Burgos y Le\u00f3n (quiz\u00e1 dos de los ejemplos m\u00e1s bellos de g\u00f3tico en nuestro pa\u00eds) y descubras los tesoros de arte mudejar en las Iglesias de San Tirso y San Lorenzo, en Sahag\u00fan.\n<\/p>\n<p><h3 class=\"voc-detail__title\"> La experiencia gastron\u00f3mica del Camino Portugu\u00e9s<br \/>\n<\/h3>\n<\/p>\n<p class=\"voc-paragraph\">El Camino Portugu\u00e9s, el segundo en cuanto a afluencia (acoge a casi 100.00o peregrinos al a\u00f1o) es una oportunidad \u00fanica no solo para descubrir alguna de las localidades m\u00e1s bellas del pa\u00eds vecino (de Lisboa a Oporto, sin olvidar Valen\u00e7a o Braga), sino para disfrutar de <strong>su mejor gastronom\u00eda t\u00edpica<\/strong>.\n<\/p>\n<div class=\"voc-detail__cmp\">\n<div class=\"voc-article-container\">\n<article class=\"voc-article voc-article--cmp-photo-text\" readability=\"26.5\">\n<div class=\"voc-img-container\" readability=\"8\"><picture>\n<div class=\"voc-horizontal voc-img-icon-link\"><img class=\"lazy\" loading=\"lazy\" data-original=\"\/\/static1.mujerhoy.com\/www\/multimedia\/202307\/13\/media\/cortadas\/oporto-knHC-U200758916718qh-624x385@MujerHoy.jpg\" alt=\"Imagen de la ciudad de Oporto, uno de los puntos clave para empezar el Camino Portugu\u00e9s.\"><\/div>\n<\/picture>\n<p class=\"figure-caption \"> Imagen de la ciudad de Oporto, uno de los puntos clave para empezar el Camino Portugu\u00e9s. <span class=\"voc-photo-author\"><\/span><\/p>\n<\/div>\n<\/article>\n<\/div>\n<\/div>\n<p class=\"voc-paragraph\">A lo largo de su largu\u00edsimo recorrido, podremos probar los famosos past\u00e9is de nata de Bel\u00e9m, el bacalhau en las diferentes formas que se elabora en la cocina t\u00edpica portuguesa (a la parrilla, con crema, como pastel, \u00e0 bras&#8230;), la sopa de caldo verde, las famosas francesinhas de Oporto, los pasteles de Tent\u00fagal y el leit\u00e3o \u00e0 bairrada en la regi\u00f3n de Coimbra o el rissois (un bocadillo t\u00edpico de pescado en pan de media luna). Todo, regado con vinho verde, con un Oporto o con una ginginha, un licor amargo de cereza.\n<\/p>\n<p><h3 class=\"voc-detail__title\"> El valor paisaj\u00edstico e hist\u00f3rico del Camino Primitivo<br \/>\n<\/h3>\n<\/p>\n<p class=\"voc-paragraph\">\u00abEl nombre del Camino Primitivo se debe a ser una de las rutas con mayor valor paisaj\u00edstico del Camino de Santiago y por ser <strong>el trayecto de peregrinaci\u00f3n original<\/strong> que usaban los antiguos monarcas asturianos para llegar hasta los restos del Ap\u00f3stol. Discurre por el interior de Asturias partiendo desde Oviedo, pasando por la provincia de Lugo y fusion\u00e1ndose con el Camino Franc\u00e9s en sus \u00faltimos kil\u00f3metros hasta Santiago\u00ab, resumen desde ViveCamino.com.\n<\/p>\n<div class=\"voc-detail__cmp\">\n<div class=\"voc-article-container\">\n<article class=\"voc-article voc-article--cmp-photo-text\" readability=\"26.5\">\n<div class=\"voc-img-container\" readability=\"8\"><picture>\n<div class=\"voc-horizontal voc-img-icon-link\"><img class=\"lazy\" loading=\"lazy\" data-original=\"\/\/static.mujerhoy.com\/www\/multimedia\/202307\/13\/media\/cortadas\/camino-primitivo-knHC-U200758916718rH-624x385@MujerHoy.jpg\" alt=\"Imagen de Santa Mar\u00eda del Naranco, en Oviedo.\"><\/div>\n<\/picture>\n<p class=\"figure-caption \"> Imagen de Santa Mar\u00eda del Naranco, en Oviedo. <span class=\"voc-photo-author\"><\/span><\/p>\n<\/div>\n<\/article>\n<\/div>\n<\/div>\n<p class=\"voc-paragraph\">A lo largo de sus m\u00e1s de 300 kil\u00f3metros de duro recorrido dividido en 14 etapas se atraviesa una de las zonas con <strong>mayor valor paisaj\u00edstico de Espa\u00f1a<\/strong>, todo un deleite para los sentidos que nos har\u00e1 experimentar en primera persona el s\u00edndrome de Stendhal. M\u00e1s all\u00e1 de sus valles, monta\u00f1as y prados de intenso verde, antes de llegar a Santiago hacemos parada en puntos clave como Salas, con su colegiata y su palacio; Pola de Allande; Grandas de Salime y su imponente embalse, la majestuosa Oviedo; A Fonsagrada, con su fuente milagrosa y su Museo Etnogr\u00e1fico; la fortificada y amurallada Lugo; o Melide, con el Monasterio de Sobrado dos Monxes y el Castillo de Pambre.\n<\/p>\n<p><!-- TOPICS --><\/p>\n","protected":false},"excerpt":{"rendered":"<p>ANA CALVO Actualizado \u00b7 13 de julio de 2023, 14:06 h El verano de 2023 est\u00e1 marcado por las Elecciones Generales del 23J, no lo podemos negar. Pero hay vida m\u00e1s all\u00e1 de los cambios de fechas de vacaciones de \u00faltima hora, los ajustes de calendario y reservas y los votos por correo. Y es [&hellip;]<\/p>\n","protected":false},"author":1,"featured_media":81132,"comment_status":"open","ping_status":"closed","sticky":false,"template":"","format":"standard","meta":[],"categories":[18],"tags":[],"_links":{"self":[{"href":"http:\/\/cordobainforma.info\/index.php\/wp-json\/wp\/v2\/posts\/81131"}],"collection":[{"href":"http:\/\/cordobainforma.info\/index.php\/wp-json\/wp\/v2\/posts"}],"about":[{"href":"http:\/\/cordobainforma.info\/index.php\/wp-json\/wp\/v2\/types\/post"}],"author":[{"embeddable":true,"href":"http:\/\/cordobainforma.info\/index.php\/wp-json\/wp\/v2\/users\/1"}],"replies":[{"embeddable":true,"href":"http:\/\/cordobainforma.info\/index.php\/wp-json\/wp\/v2\/comments?post=81131"}],"version-history":[{"count":0,"href":"http:\/\/cordobainforma.info\/index.php\/wp-json\/wp\/v2\/posts\/81131\/revisions"}],"wp:featuredmedia":[{"embeddable":true,"href":"http:\/\/cordobainforma.info\/index.php\/wp-json\/wp\/v2\/media\/81132"}],"wp:attachment":[{"href":"http:\/\/cordobainforma.info\/index.php\/wp-json\/wp\/v2\/media?parent=81131"}],"wp:term":[{"taxonomy":"category","embeddable":true,"href":"http:\/\/cordobainforma.info\/index.php\/wp-json\/wp\/v2\/categories?post=81131"},{"taxonomy":"post_tag","embeddable":true,"href":"http:\/\/cordobainforma.info\/index.php\/wp-json\/wp\/v2\/tags?post=81131"}],"curies":[{"name":"wp","href":"https:\/\/api.w.org\/{rel}","templated":true}]}}