{"id":81085,"date":"2023-07-14T00:11:41","date_gmt":"2023-07-14T00:11:41","guid":{"rendered":"https:\/\/www.clarin.com\/deportes\/marcos-rojo-miami-boca-regreso_0_2wDq1pCVDx.html"},"modified":"2023-07-14T00:11:41","modified_gmt":"2023-07-14T00:11:41","slug":"boca-marcos-rojo-volvio-de-miami-y-hablo-sobre-las-chances-de-jugar-los-octavos-de-final-de-la-libertadores","status":"publish","type":"post","link":"http:\/\/cordobainforma.info\/index.php\/2023\/07\/14\/boca-marcos-rojo-volvio-de-miami-y-hablo-sobre-las-chances-de-jugar-los-octavos-de-final-de-la-libertadores\/","title":{"rendered":"Boca: Marcos Rojo volvi\u00f3 de Miami y habl\u00f3 sobre las chances de jugar los octavos de final de la Libertadores"},"content":{"rendered":"<p><img src=\"http:\/\/cordobainforma.info\/wp-content\/uploads\/2023\/07\/boca-marcos-rojo-volvio-de-miami-y-hablo-sobre-las-chances-de-jugar-los-octavos-de-final-de-la-libertadores.jpg\"><\/p>\n<div readability=\"32.5\">\n<div class=\"title check-space\" data-color=\"style='background-color:'\" readability=\"10\">\n<p><h2>Tras su pol\u00e9mica estad\u00eda en Estados Unidos, el capit\u00e1n xeneize se presentar\u00e1 este viernes en el club y evaluar\u00e1n su situaci\u00f3n f\u00edsica.<\/h2>\n<\/p>\n<\/div><\/div>\n<div id=\"entry-body\">\n<p><strong>Termin\u00f3 un viaje pol\u00e9mico. Ahora, empieza otra historia. Marcos Rojo est\u00e1 de vuelta en el pa\u00eds tras los diez d\u00edas que pas\u00f3 en Miami,<\/strong> una excursi\u00f3n que lo puso en el centro de escena por el contexto en el que se dio (un nuevo desgarro, el freno en la renovaci\u00f3n de su contrato y dem\u00e1s) y por todo lo que dej\u00f3 en el medio: la dur\u00edsima cr\u00edtica del doctor Jorge Batista, jefe del cuerpo m\u00e9dico de Boca, para el tratamiento que hizo el defensor en EE.UU.<\/p>\n<p>Pues bien, lo concreto es que el capit\u00e1n se fue sin la aprobaci\u00f3n de los m\u00e9dicos del club, aunque volvi\u00f3 en la fecha que hab\u00eda anticipado: este jueves, por la tarde, aterriz\u00f3 en Ezeiza. <strong>Por lo que a partir de este viernes se sumar\u00e1 a sus compa\u00f1eros y, seguramente, evaluar\u00e1 con el cuerpo m\u00e9dico y t\u00e9cnico los pasos a seguir. <\/strong><\/p>\n<p>\u00ab\u00bfC\u00f3mo est\u00e1s, Marcos? \u00bfEst\u00e1s para jugar pronto?\u00bb, le consultaron en TyC Sports. Y el defensor, a la pasada, dej\u00f3 una sensaci\u00f3n: <strong>\u00abBien, eso espero\u00bb, lleg\u00f3 a responder, antes de subirse a un auto particular, acompa\u00f1ado por el encargado de prensa del plantel.<\/strong><\/p>\n<h2><strong>Rojo y las chances de llegar a los octavos de la Copa<\/strong><\/h2>\n<p>El \u00faltimo parte m\u00e9dico de Boca, que confirm\u00f3 la lesi\u00f3n muscular grado I en el gemelo de la pierna izquierda del defensor, es del 30 de junio. <strong>Por lo cual, Rojo reci\u00e9n lleva dos semanas de evoluci\u00f3n.<\/strong> Es decir que, de m\u00ednima, le queda una m\u00e1s para poder sumarse a los trabajos con sus compa\u00f1eros, por m\u00e1s tratamiento que haya realizado en EE.UU.<strong> \u00abNo es que all\u00e1 lo van a curar, no son magos\u00bb, dijo Almir\u00f3n, por caso.<\/strong><\/p>\n<div class=\"sp__Normal embed-box embed-body-photo\" data-index=\"1\">\n<picture class=\"pointer\">\n<img class=\"img-expand\" width=\"100\" height=\"100\" loading=\"lazy\" src=\"http:\/\/cordobainforma.info\/wp-content\/uploads\/2023\/07\/boca-marcos-rojo-volvio-de-miami-y-hablo-sobre-las-chances-de-jugar-los-octavos-de-final-de-la-libertadores-2.jpg\" alt=\"El defensor, rodeado de hinchas. \"><br \/>\n<span class=\"bt-expand\"><br \/>\n<svg class=\"ico white_mod\">\n<use class=\"use-expand\" xlink:href=\"#icon-expand\" \/>\n<\/svg><br \/>\n<\/span>\n<\/picture><figcaption>El defensor, rodeado de hinchas. <\/figcaption><\/div>\n<p>Sin embargo, a su situaci\u00f3n f\u00edsica, hay que sumarle un agravante por la zona de la lesi\u00f3n: <strong>este desgarro es en un m\u00fasculo que suele llevar m\u00e1s tiempo de recuperaci\u00f3n<\/strong> y al que hay que sumarle toda la inactividad que arrastra (nueve meses, desde su lesi\u00f3n de ligamentos cruzados de la rodilla).<\/p>\n<p> Por lo tanto, y teniendo en cuenta que viene de dos desgarros al hilo, <strong>es dif\u00edcil que Rojo est\u00e9 en condiciones futbol\u00edsticas de estar a disposici\u00f3n de Almir\u00f3n al menos en el primer choque de octavos, ante Nacional, el 2 de agosto, en Montevideo.<\/strong> Pero lo concreto es que, con su llegada, comienza otra historia, la de su carrera para volver a jugar.<\/p>\n<h2><strong>Qu\u00e9 dijo el profesional que lo trat\u00f3 en Miami<\/strong><\/h2>\n<p><strong>Aunque el viaje de Rojo pareci\u00f3 m\u00e1s a unas vacaciones en familia -Almir\u00f3n blanque\u00f3 la necesidad que ten\u00eda el defensor de un descanso mental-&nbsp;que a una excursi\u00f3n sanitaria hecha y derecha<\/strong>, el defensor igualmente realiz\u00f3 trabajos en un gimnasio de Miami y el profesional que lo trat\u00f3, m\u00e1s all\u00e1 de ser cuestionado duramente por el doctor Batista, habl\u00f3 sobre la situaci\u00f3n del defensor&#8230;<\/p>\n<div class=\"sp__Normal embed-box embed-body-photo\" data-index=\"2\">\n<picture class=\"pointer\">\n<img class=\"img-expand\" width=\"100\" height=\"100\" loading=\"lazy\" src=\"http:\/\/cordobainforma.info\/wp-content\/uploads\/2023\/07\/boca-marcos-rojo-volvio-de-miami-y-hablo-sobre-las-chances-de-jugar-los-octavos-de-final-de-la-libertadores-3.jpg\" alt=\"Resumen de la excursi\u00f3n del defensor en Miami.\"><br \/>\n<span class=\"bt-expand\"><br \/>\n<svg class=\"ico white_mod\">\n<use class=\"use-expand\" xlink:href=\"#icon-expand\" \/>\n<\/svg><br \/>\n<\/span>\n<\/picture><figcaption>Resumen de la excursi\u00f3n del defensor en Miami. <\/figcaption><\/div>\n<p>\u00abVen\u00eda con una molestia en el gemelo izquierdo. Lo veo muy bien, ya no siente dolor en la pantorrilla. Le vino bien estar unos d\u00edas ac\u00e1. <strong>Se est\u00e1 recuperando muy bien y creo que va a llegar bien a los octavos de la Libertadores\u00bb,<\/strong> dijo Julio C\u00e9sar Murillo, poni\u00e9ndole fecha al regreso del capit\u00e1n xeneize.<\/p>\n<p>Ahora, esto deber\u00e1 ser contrastado por el cuerpo m\u00e9dico y t\u00e9cnico de Boca, a partir de este viernes, cuando Rojo vuelva a sumarse a los entrenamientos con el Xeneize. Con su regreso, adem\u00e1s, volver\u00e1 a entrar en escena la postergada renovaci\u00f3n de su contrato, que vence en diciembre y que se demor\u00f3 por las dudas que existen en el estado f\u00edsico del defensor.<\/p>\n<p> <span class=\"title-related\">Mir\u00e1 tambi\u00e9n<\/span> <\/div>\n","protected":false},"excerpt":{"rendered":"<p>Tras su pol\u00e9mica estad\u00eda en Estados Unidos, el capit\u00e1n xeneize se presentar\u00e1 este viernes en el club y evaluar\u00e1n su situaci\u00f3n f\u00edsica. Termin\u00f3 un viaje pol\u00e9mico. Ahora, empieza otra historia. Marcos Rojo est\u00e1 de vuelta en el pa\u00eds tras los diez d\u00edas que pas\u00f3 en Miami, una excursi\u00f3n que lo puso en el centro de [&hellip;]<\/p>\n","protected":false},"author":1,"featured_media":81086,"comment_status":"closed","ping_status":"closed","sticky":false,"template":"","format":"standard","meta":[],"categories":[20],"tags":[],"_links":{"self":[{"href":"http:\/\/cordobainforma.info\/index.php\/wp-json\/wp\/v2\/posts\/81085"}],"collection":[{"href":"http:\/\/cordobainforma.info\/index.php\/wp-json\/wp\/v2\/posts"}],"about":[{"href":"http:\/\/cordobainforma.info\/index.php\/wp-json\/wp\/v2\/types\/post"}],"author":[{"embeddable":true,"href":"http:\/\/cordobainforma.info\/index.php\/wp-json\/wp\/v2\/users\/1"}],"replies":[{"embeddable":true,"href":"http:\/\/cordobainforma.info\/index.php\/wp-json\/wp\/v2\/comments?post=81085"}],"version-history":[{"count":0,"href":"http:\/\/cordobainforma.info\/index.php\/wp-json\/wp\/v2\/posts\/81085\/revisions"}],"wp:featuredmedia":[{"embeddable":true,"href":"http:\/\/cordobainforma.info\/index.php\/wp-json\/wp\/v2\/media\/81086"}],"wp:attachment":[{"href":"http:\/\/cordobainforma.info\/index.php\/wp-json\/wp\/v2\/media?parent=81085"}],"wp:term":[{"taxonomy":"category","embeddable":true,"href":"http:\/\/cordobainforma.info\/index.php\/wp-json\/wp\/v2\/categories?post=81085"},{"taxonomy":"post_tag","embeddable":true,"href":"http:\/\/cordobainforma.info\/index.php\/wp-json\/wp\/v2\/tags?post=81085"}],"curies":[{"name":"wp","href":"https:\/\/api.w.org\/{rel}","templated":true}]}}