{"id":81083,"date":"2023-07-14T02:15:37","date_gmt":"2023-07-14T02:15:37","guid":{"rendered":"https:\/\/www.clarin.com\/deportes\/lionel-messi-siente-casa-miami-compras-hijos-saco-fotos-gente_0_sMBHRn19ED.html"},"modified":"2023-07-14T02:15:37","modified_gmt":"2023-07-14T02:15:37","slug":"lionel-messi-ya-se-siente-como-en-casa-en-miami-se-fue-de-compras-con-sus-hijos-y-se-saco-fotos-con-la-gente","status":"publish","type":"post","link":"http:\/\/cordobainforma.info\/index.php\/2023\/07\/14\/lionel-messi-ya-se-siente-como-en-casa-en-miami-se-fue-de-compras-con-sus-hijos-y-se-saco-fotos-con-la-gente\/","title":{"rendered":"Lionel Messi ya se siente como en casa en Miami: se fue de compras con sus hijos y se sac\u00f3 fotos con la gente"},"content":{"rendered":"<p><img src=\"http:\/\/cordobainforma.info\/wp-content\/uploads\/2023\/07\/lionel-messi-ya-se-siente-como-en-casa-en-miami-se-fue-de-compras-con-sus-hijos-y-se-saco-fotos-con-la-gente.jpg\"><\/p>\n<div readability=\"32\">\n<div class=\"title check-space\" data-color=\"style='background-color:'\" readability=\"9\">\n<p><h2>El rosarino estuvo en un centro comercial junto a su familia y sorprendi\u00f3 a todos en Fort Lauderdale.<\/h2>\n<\/p>\n<\/div><\/div>\n<div id=\"entry-body\">\n<p><strong>Lionel Messi <\/strong>lleg\u00f3 este mi\u00e9rcoles a Estados Unidos y apenas 24 horas despu\u00e9s ya se siente como en casa. Este jueves estuvo a cargo de las compras de la casa y <strong>se lo vio al mando del carrito en un supermercado de Fort Lauderdale<\/strong>, en Florida.<\/p>\n<p>El rosarino estuvo acompa\u00f1ado por <strong>Thiago, Mateo y Ciro<\/strong>, sus tres hijos. Compr\u00f3 cereales y todo lo necesario para llenar la heladera y la alacena en sus primeras horas en Miami.<\/p>\n<p>Acudi\u00f3 a un local de la cadena Publix, al norte de Fort Lauderdale, en Florida. All\u00ed est\u00e1 el estadio de Inter Miami, su nueva casa en la MLS de Estados Unidos. Este viernes firmar\u00e1 su contrato con la franquicia que tiene como uno de los accionistas al ingl\u00e9s David Beckham y su debut est\u00e1 previsto para el viernes 21 por la Leagues Cup, ante Cruz Azul.<\/p>\n<div class=\"sp__Normal embed-box embed-body-photo\" data-index=\"1\">\n<picture class=\"pointer\">\n<img class=\"img-expand\" width=\"100\" height=\"100\" loading=\"lazy\" src=\"http:\/\/cordobainforma.info\/wp-content\/uploads\/2023\/07\/lionel-messi-ya-se-siente-como-en-casa-en-miami-se-fue-de-compras-con-sus-hijos-y-se-saco-fotos-con-la-gente-2.jpg\" alt=\"Messi posa para la foto con una ni\u00f1a, mientras sus hijos juegan de fondo.\"><br \/>\n<span class=\"bt-expand\"><br \/>\n<svg class=\"ico white_mod\">\n<use class=\"use-expand\" xlink:href=\"#icon-expand\" \/>\n<\/svg><br \/>\n<\/span>\n<\/picture><figcaption>Messi posa para la foto con una ni\u00f1a, mientras sus hijos juegan de fondo. <\/figcaption><\/div>\n<p>Seg\u00fan un hombre que se fotografi\u00f3 con Messi, <strong>\u00abal principio estaba un poco molesto\u00bb<\/strong>, pero despu\u00e9s le exhibi\u00f3 un \u00abpulgar arriba\u00bb y pudo acceder a la foto. \u00abEstaba estacionado y lo veo salir con su carrito para las compas\u00bb, escribi\u00f3 el hombre.<\/p>\n<p>El clan Messi se acomod\u00f3 r\u00e1pido a la vida en Miami.&nbsp;En la noche del mi\u00e9rcoles, fue a comer junto con Antonela Roccuzzo, sus tres hijos, y su padre Jorge. Eligi\u00f3 Caf\u00e9 Prima Pasta, donde se celebraba el cumplea\u00f1os de Gerardo Cea, el due\u00f1o del lugar. Leo cen\u00f3 con los suyos en un sector del sal\u00f3n preparado especialmente para ellos. En una de las im\u00e1genes que trascendieron en redes sociales se lo ve a Leo junto a una guitarra el\u00e9ctrica, al igual que otra donde Thiago se anim\u00f3 a sentarse en una bater\u00eda para marcar el ritmo, lo que despert\u00f3 una sonrisa en su pap\u00e1. Lo anecd\u00f3tico de la toma tambi\u00e9n es el detr\u00e1s de c\u00e1mara, ya que la foto la sac\u00f3 el cantante Diego Torres.<\/p>\n<div class=\"sp__Normal embed-box embed-body-photo\" data-index=\"0\">\n<picture class=\"pointer\">\n<img class=\"img-expand\" width=\"100\" height=\"100\" loading=\"lazy\" src=\"http:\/\/cordobainforma.info\/wp-content\/uploads\/2023\/07\/lionel-messi-ya-se-siente-como-en-casa-en-miami-se-fue-de-compras-con-sus-hijos-y-se-saco-fotos-con-la-gente-3.jpg\" alt=\"Leo Messi en un supermercado de Fort Lauderdale.\"><br \/>\n<span class=\"bt-expand\"><br \/>\n<svg class=\"ico white_mod\">\n<use class=\"use-expand\" xlink:href=\"#icon-expand\" \/>\n<\/svg><br \/>\n<\/span>\n<\/picture><figcaption>Leo Messi en un supermercado de Fort Lauderdale. <\/figcaption><\/div>\n<p>Messi es novedad en Miami por estas horas y se siente a gusto. Lejos de la frialdad que sufri\u00f3 en Par\u00eds y tambi\u00e9n del calor de Argentina y Barcelona, donde no puede caminar por la calle por el clamor de la gente, parece que Leo encontr\u00f3 en la Florida un espacio para compartir en familia. Seguramente sea la primera de muchas im\u00e1genes de la vida cotidiana de los Messi en esta nueva etapa que ya asoma como un <em>reality show<\/em>.<\/p>\n<p> <span class=\"title-related\">Mir\u00e1 tambi\u00e9n<\/span> <\/div>\n","protected":false},"excerpt":{"rendered":"<p>El rosarino estuvo en un centro comercial junto a su familia y sorprendi\u00f3 a todos en Fort Lauderdale. Lionel Messi lleg\u00f3 este mi\u00e9rcoles a Estados Unidos y apenas 24 horas despu\u00e9s ya se siente como en casa. Este jueves estuvo a cargo de las compras de la casa y se lo vio al mando del [&hellip;]<\/p>\n","protected":false},"author":1,"featured_media":81084,"comment_status":"closed","ping_status":"closed","sticky":false,"template":"","format":"standard","meta":[],"categories":[20],"tags":[],"_links":{"self":[{"href":"http:\/\/cordobainforma.info\/index.php\/wp-json\/wp\/v2\/posts\/81083"}],"collection":[{"href":"http:\/\/cordobainforma.info\/index.php\/wp-json\/wp\/v2\/posts"}],"about":[{"href":"http:\/\/cordobainforma.info\/index.php\/wp-json\/wp\/v2\/types\/post"}],"author":[{"embeddable":true,"href":"http:\/\/cordobainforma.info\/index.php\/wp-json\/wp\/v2\/users\/1"}],"replies":[{"embeddable":true,"href":"http:\/\/cordobainforma.info\/index.php\/wp-json\/wp\/v2\/comments?post=81083"}],"version-history":[{"count":0,"href":"http:\/\/cordobainforma.info\/index.php\/wp-json\/wp\/v2\/posts\/81083\/revisions"}],"wp:featuredmedia":[{"embeddable":true,"href":"http:\/\/cordobainforma.info\/index.php\/wp-json\/wp\/v2\/media\/81084"}],"wp:attachment":[{"href":"http:\/\/cordobainforma.info\/index.php\/wp-json\/wp\/v2\/media?parent=81083"}],"wp:term":[{"taxonomy":"category","embeddable":true,"href":"http:\/\/cordobainforma.info\/index.php\/wp-json\/wp\/v2\/categories?post=81083"},{"taxonomy":"post_tag","embeddable":true,"href":"http:\/\/cordobainforma.info\/index.php\/wp-json\/wp\/v2\/tags?post=81083"}],"curies":[{"name":"wp","href":"https:\/\/api.w.org\/{rel}","templated":true}]}}