{"id":81081,"date":"2023-07-14T03:39:16","date_gmt":"2023-07-14T03:39:16","guid":{"rendered":"https:\/\/somoscordobeses.com\/2023\/07\/14\/boca-agita-el-mercado-de-pases-mientras-esperan-por-cavani-hay-acuerdo-con-janson-y-tambien-llegaria-blondel\/"},"modified":"2023-07-14T03:39:16","modified_gmt":"2023-07-14T03:39:16","slug":"boca-agita-el-mercado-de-pases-mientras-esperan-por-cavani-hay-acuerdo-con-janson-y-tambien-llegaria-blondel","status":"publish","type":"post","link":"http:\/\/cordobainforma.info\/index.php\/2023\/07\/14\/boca-agita-el-mercado-de-pases-mientras-esperan-por-cavani-hay-acuerdo-con-janson-y-tambien-llegaria-blondel\/","title":{"rendered":"Boca agita el mercado de pases: mientras esperan por Cavani, hay acuerdo con Janson y tambi\u00e9n llegar\u00eda Blondel"},"content":{"rendered":"<p><a href=\"https:\/\/curiosidades.com.ar\" rel=\"dofollow\" onmouseover=\"this.style.color='#fff';\" onmouseout=\"this.style.color='#fff';\">sabias que datos curiosos<\/a><br \/>\n<a href=\"https:\/\/elmonterizo.com\" rel=\"dofollow\" onmouseover=\"this.style.color='#fff';\" onmouseout=\"this.style.color='#fff';\">Ultimas Noticias y datos curiosos<\/a> <\/p>\n<div>\n<h2>Weigandt ir\u00eda a V\u00e9lez, a pr\u00e9stamo. Ofrecieron a Batallini y Cruzeiro pregunt\u00f3 por Valdez. \u00bfRomero por Orellano?<\/h2>\n<p> 13\/07\/2023 21:28<\/p>\n<p> <strong>Clar\u00edn.com<\/strong> Deportes Actualizado al 13\/07\/2023 21:28 <\/p>\n<p> <strong>Boca<\/strong> empez\u00f3 a moverse fuerte en el mercado de pases. Las llegadas <strong>Lucas Janson<\/strong> y <strong>Lucas Blondel <\/strong>est\u00e1n a un paso mientras esperan el empuj\u00f3n final a las gestiones con el uruguayo<strong> Edinson Cavani<\/strong>. <\/p>\n<div>\n<p> Ya hay acuerdo con el delantero de V\u00e9lez quien acept\u00f3 un contrato de cuatro a\u00f1os y s\u00f3lo falta s\u00f3lo limar algunas diferencias econ\u00f3micas con el club de Liniers. La operaci\u00f3n por el delantero se har\u00eda en 3 millones de d\u00f3lares. Janson no viaj\u00f3 con el plantel a Jun\u00edn, donde este viernes el Fort\u00edn, apremiado por sumar puntos para evitar sufrir con el descenso, enfrenta a Sarmiento.<\/p>\n<\/div>\n<p> <img decoding=\"async\" alt=\"Lucas Janson tiene todo arreglado para llegar a Boca.\" height=\"100\" loading=\"lazy\" src=\"http:\/\/cordobainforma.info\/wp-content\/uploads\/2023\/07\/boca-agita-el-mercado-de-pases-mientras-esperan-por-cavani-hay-acuerdo-con-janson-y-tambien-llegaria-blondel.jpg\" width=\"100\"> <\/p><figcaption>Lucas Janson tiene todo arreglado para llegar a Boca. <\/figcaption><p><strong>Jorge Almir\u00f3n<\/strong> hab\u00eda pedido la llegada de un marcador de punta derecha a pesar de que tiene a <strong>Luis Adv\u00edncula<\/strong> y al <strong>Chelo Weigandt.<\/strong> Pero ese pedido tiene una explicaci\u00f3n. El apuntado es <strong>Lucas Blondel<\/strong>, quien tiene v\u00ednculo con Tigre hasta el 31 de diciembre de&nbsp;2025.<\/p>\n<p> Boca pagar\u00eda cerca de dos millones y medio de d\u00f3lares por la ficha del defensor de 26 a\u00f1os. El pase tambi\u00e9n est\u00e1 impulsado por la deuda que Tigre tiene con Boca por el 50% del pase de <strong>Mateo Retegui<\/strong>, estimada en 2,3 millones de d\u00f3lares.<strong> \u00bfBlondel llegar\u00e1 a Boca a cambio de Retegui?<\/strong><\/p>\n<p> Tambi\u00e9n estaba entre los candidatos Renzo Saravia que est\u00e1 en el Atl\u00e9tico Mineiro, pero el ex Racing Club es el segundo en la lista de prioridades para el puesto. Tambi\u00e9n fue evaluado <strong>Leonardo Godoy<\/strong>, de Estudiantes, como una tercera posibilidad.<\/p>\n<p> <img decoding=\"async\" alt=\"\u00bfLucas Blondel ser\u00e1 pieza de cambio por Mateo Retegui? Foto: AFP\" height=\"100\" loading=\"lazy\" src=\"http:\/\/cordobainforma.info\/wp-content\/uploads\/2023\/07\/boca-agita-el-mercado-de-pases-mientras-esperan-por-cavani-hay-acuerdo-con-janson-y-tambien-llegaria-blondel-1.jpg\" width=\"100\"> <\/p><figcaption>\u00bfLucas Blondel ser\u00e1 pieza de cambio por Mateo Retegui? Foto: AFP <\/figcaption><p>La b\u00fasqueda de un lateral derecho obedece a que<strong> Marcelo Weigandt<\/strong> podr\u00eda seguir su carrera en V\u00e9lez a pr\u00e9stamo por un a\u00f1o. Aunque en principio se dijo que su viaje a Liniers formaba parte de la transferencia de Janson, desde la calle Brandsen sostienen que son operaciones separadas. <strong>Si Weigandt se va a V\u00e9lez, entonces s\u00f3lo queda Adv\u00edncula para el puesto.<\/strong><\/p>\n<p> <strong>Hasta la noche de este jueves, la situaci\u00f3n de Cavani segu\u00eda igual. <\/strong>Valencia lo dejar\u00e1 ir. En parte porque el uruguayo no rindi\u00f3 como se esperaba y en parte porque es uno de los salarios m\u00e1s altos. Sin Cavani, el club tendr\u00eda un respiro importante en su tesorer\u00eda.<strong> Ahora falta que el delantero d\u00e9 su conformidad. Se sabe que quiere jugar la Libertadores, pero tambi\u00e9n que escuchar\u00e1 alguna oferta europea.<\/strong> Almir\u00f3n quiere tener al menos dos refuerzos resueltos esta semana para adaptar a los nuevos porque se viene encima el duelo con Nacional por la Libertadores, los d\u00edas 2 y 8 de agosto.<\/p>\n<p> El inter\u00e9s por Luca Orellano no decay\u00f3 y apareci\u00f3 otro elemento que puede hacer cambiar las cosas. Vasco da Gama negocia por el paraguayo Oscar Romero. \u00bfHabr\u00e1 canje? Pero hay otro dato nuevo: Ram\u00f3n D\u00edaz es el nuevo entrenador y no dio su opini\u00f3n sobre Orellano ni sobre Romero.<\/p>\n<p> <img decoding=\"async\" alt=\"El arribo de Rojo, rodeado de hinchas, tras su viaje a Miami. (Captura de TV)\" height=\"100\" loading=\"lazy\" src=\"http:\/\/cordobainforma.info\/wp-content\/uploads\/2023\/07\/boca-agita-el-mercado-de-pases-mientras-esperan-por-cavani-hay-acuerdo-con-janson-y-tambien-llegaria-blondel-2.jpg\" width=\"100\"> <\/p><figcaption>El arribo de Rojo, rodeado de hinchas, tras su viaje a Miami. (Captura de TV) <\/figcaption><p><strong>Fue ofrecido Dami\u00e1n Batallini.<\/strong> El ex Argentinos termin\u00f3 su v\u00ednculo con Necaxa y a<strong> Juan Rom\u00e1n Riquelme <\/strong>le gusta. No se sabe qu\u00e9 opina Almir\u00f3n. Tambi\u00e9n estudian la repesca de <strong>Vicente Taborda<\/strong>, a pr\u00e9stamo hasta diciembre en Platense.<\/p>\n<p> Cruzeiro hizo una oferta por el paraguayo Bruno Valdez, quien con su salida liberar\u00e1 un cupo de extranjeros. Si se va, buscar\u00e1n un central y se habla de un argentino que est\u00e1 en Europa, cuyo nombre guardan bajo siete llaves. Anoche, Marcos Rojo volvi\u00f3&nbsp;de Miami.<\/p>\n<\/div>\n<nav class=\"navigation post-navigation\" aria-label=\"Continue Reading\">\n<h2 class=\"screen-reader-text\">Continue Reading<\/h2>\n<\/nav>\n","protected":false},"excerpt":{"rendered":"<p>sabias que datos curiosos Ultimas Noticias y datos curiosos Weigandt ir\u00eda a V\u00e9lez, a pr\u00e9stamo. Ofrecieron a Batallini y Cruzeiro pregunt\u00f3 por Valdez. \u00bfRomero por Orellano? 13\/07\/2023 21:28 Clar\u00edn.com Deportes Actualizado al 13\/07\/2023 21:28 Boca empez\u00f3 a moverse fuerte en el mercado de pases. Las llegadas Lucas Janson y Lucas Blondel est\u00e1n a un paso [&hellip;]<\/p>\n","protected":false},"author":1,"featured_media":81082,"comment_status":"closed","ping_status":"closed","sticky":false,"template":"","format":"standard","meta":[],"categories":[20,2],"tags":[],"_links":{"self":[{"href":"http:\/\/cordobainforma.info\/index.php\/wp-json\/wp\/v2\/posts\/81081"}],"collection":[{"href":"http:\/\/cordobainforma.info\/index.php\/wp-json\/wp\/v2\/posts"}],"about":[{"href":"http:\/\/cordobainforma.info\/index.php\/wp-json\/wp\/v2\/types\/post"}],"author":[{"embeddable":true,"href":"http:\/\/cordobainforma.info\/index.php\/wp-json\/wp\/v2\/users\/1"}],"replies":[{"embeddable":true,"href":"http:\/\/cordobainforma.info\/index.php\/wp-json\/wp\/v2\/comments?post=81081"}],"version-history":[{"count":0,"href":"http:\/\/cordobainforma.info\/index.php\/wp-json\/wp\/v2\/posts\/81081\/revisions"}],"wp:featuredmedia":[{"embeddable":true,"href":"http:\/\/cordobainforma.info\/index.php\/wp-json\/wp\/v2\/media\/81082"}],"wp:attachment":[{"href":"http:\/\/cordobainforma.info\/index.php\/wp-json\/wp\/v2\/media?parent=81081"}],"wp:term":[{"taxonomy":"category","embeddable":true,"href":"http:\/\/cordobainforma.info\/index.php\/wp-json\/wp\/v2\/categories?post=81081"},{"taxonomy":"post_tag","embeddable":true,"href":"http:\/\/cordobainforma.info\/index.php\/wp-json\/wp\/v2\/tags?post=81081"}],"curies":[{"name":"wp","href":"https:\/\/api.w.org\/{rel}","templated":true}]}}