{"id":81077,"date":"2023-07-13T08:39:16","date_gmt":"2023-07-13T08:39:16","guid":{"rendered":"https:\/\/somoscordobeses.com\/2023\/07\/13\/sergio-massa-recibio-a-representantes-de-japon-y-habria-pedido-apoyo-en-el-board-del-fmi\/"},"modified":"2023-07-13T08:39:16","modified_gmt":"2023-07-13T08:39:16","slug":"sergio-massa-recibio-a-representantes-de-japon-y-habria-pedido-apoyo-en-el-board-del-fmi","status":"publish","type":"post","link":"http:\/\/cordobainforma.info\/index.php\/2023\/07\/13\/sergio-massa-recibio-a-representantes-de-japon-y-habria-pedido-apoyo-en-el-board-del-fmi\/","title":{"rendered":"Sergio Massa recibi\u00f3 a representantes de Jap\u00f3n y habr\u00eda pedido apoyo en el Board del FMI"},"content":{"rendered":"<p><a href=\"https:\/\/curiosidades.com.ar\" rel=\"dofollow\" onmouseover=\"this.style.color='#fff';\" onmouseout=\"this.style.color='#fff';\">sabias que datos curiosos<\/a><br \/>\n<a href=\"https:\/\/elmonterizo.com\" rel=\"dofollow\" onmouseover=\"this.style.color='#fff';\" onmouseout=\"this.style.color='#fff';\">Ultimas Noticias y datos curiosos<\/a> <\/p>\n<div>\n<h2>Es el segundo pa\u00eds con m\u00e1s votos dentro del directorio y que se resistir\u00eda a flexibilizar el programa.<\/h2>\n<p> Sin definiciones sobre el viaje a EE.UU, Sergio Massa se reuni\u00f3 este mi\u00e9rcoles con el embajador japon\u00e9s, Hiroshi Yamauchi, y empresarios de ese pa\u00eds. Seg\u00fan fuentes de Econom\u00eda el ministro pidi\u00f3 ayuda para la negociaci\u00f3n en el FMI que se est\u00e1 llevando a cabo.<\/p>\n<p> Fue durante una charla convocada a las 15.30&nbsp;en el quinto piso del Ministerio de Econom\u00eda para analizar inversiones. \u201cNos gustar\u00eda que nos den una mano con el delegado de Jap\u00f3n en el FMI\u201d, les dijo sin vueltas el ministro de Econom\u00eda, seg\u00fan pudo reconstruir Clar\u00edn, despu\u00e9s de que el martes se suspendiera nuevamente una supuesta misi\u00f3n a Washington&nbsp;ante las dificultades para cerrar un acuerdo con el staff.<\/p>\n<div>\n<p> El titular de Hacienda apunt\u00f3 as\u00ed directamente a Jun Mizuguchi Shuntaro Hara, el representante nip\u00f3n en el directorio del Fondo.&nbsp;Jap\u00f3n es el tercer pa\u00eds con m\u00e1s votos en el directorio al concentrar&nbsp;el 6,14% del total, detr\u00e1s&nbsp;del 16,5% que ostenta&nbsp;EE.UU -el principal socio-&nbsp;y apenas por delante&nbsp;del 6,08% de votos en manos de&nbsp;China. Y es&nbsp;uno de los pa\u00edses apuntados, junto con Alemania, entre&nbsp;los que presionar\u00edan para exigir un mayor ajuste a la Argentina.<\/p>\n<\/div>\n<p> Acompa\u00f1ado del secretario de Industria, Jos\u00e9 De Mendiguren, y su par de Comercio, Mat\u00edas Tombolini, Massa&nbsp;recibi\u00f3&nbsp;con alfajores de maicena y caf\u00e9&nbsp;a Yamauchi&nbsp;y a un grupo de 20 empresarios nipones, encabezados por el titular de la poderosa federaci\u00f3n empresaria Keidanren Kase Yutaka, una organizaci\u00f3n compuesta por 1500 compa\u00f1\u00edas en la regi\u00f3n y unas 70 empresas en Argentina, entre ellas, Toyota y Kawasaki.<\/p>\n<p> Los visitantes presentaron un documento en el que manifestaron su intenci\u00f3n&nbsp;en un \u00abpronto acuerdo\u00bb con el Mercosur, que permita reducir aranceles para exportar autom\u00f3viles, maquinaria e infraestructura, importar materias primas y aumentar las inversiones en Argentina. \u00abFestejamos 125 a\u00f1os de relaciones bilaterales, somos el tercer PBI del mundo y a\u00fan no pudimos abrir negociaci\u00f3n con el Mercosur\u00bb, asegur\u00f3 la comitiva.<\/p>\n<p> La reuni\u00f3n en el Sal\u00f3n Belgrano transcurri\u00f3 en una jornada de movimientos febriles en el Palacio de Hacienda, marcada por la incertidumbre sobre las negociaciones con el Fondo. El staff proyect\u00f3 la \u00faltima vez una inflaci\u00f3n punta a punta del 88% y un promedio del 98,6%, pero los analistas esperan un 142%. Una suba implicar\u00eda una correcci\u00f3n de la meta fiscal, incluyendo el c\u00e1lculo de gastos,&nbsp;recaudaci\u00f3n y&nbsp;d\u00e9ficit primario, proyectado en 1,9% para 2023.<\/p>\n<p> \u00abEstamos en una discusi\u00f3n macro, la tasa de inflaci\u00f3n incide en el c\u00e1lculo de los recursos, salarios y jubilaciones\u00bb, explicaron fuentes involucradas en las tratativas. La mesa chica se acerc\u00f3 por la tarde hacia el ala donde se encuentra el despacho de Massa. Fueron de la partida el viceministro, Gabriel Rubinstein, el vicepresidente segundo del Banco Central, Lisandro Cleri, el secretario de Hacienda, Ra\u00fal Rigo. Tambi\u00e9n De Mendiguren y Tombolini.&nbsp;<\/p>\n<p> Durante la jornada, la sombra del FMI asom\u00f3 en otra reuni\u00f3n con una delegaci\u00f3n de la C\u00e1mara de Comercio de EE.UU (Amcham), encabezada por Alejandro D\u00edaz. Los empresarios se mostraron preocupados por la falta de d\u00f3lares, junto con las trabas a las importaciones y para girar divisas al exterior. \u00abTengan paciencia, estamos en el peor momento de reservas\u00bb, les dijo Rubinstein, acompa\u00f1ado por su segundo, Germ\u00e1n Plessen.<\/p>\n<p> El Banco Central perdi\u00f3 US$ 18.000 millones de reservas brutas en el a\u00f1o y el Gobierno aceler\u00f3 la venta de yuanes.<\/p>\n<\/div>\n<nav class=\"navigation post-navigation\" aria-label=\"Continue Reading\">\n<h2 class=\"screen-reader-text\">Continue Reading<\/h2>\n<\/nav>\n","protected":false},"excerpt":{"rendered":"<p>sabias que datos curiosos Ultimas Noticias y datos curiosos Es el segundo pa\u00eds con m\u00e1s votos dentro del directorio y que se resistir\u00eda a flexibilizar el programa. Sin definiciones sobre el viaje a EE.UU, Sergio Massa se reuni\u00f3 este mi\u00e9rcoles con el embajador japon\u00e9s, Hiroshi Yamauchi, y empresarios de ese pa\u00eds. Seg\u00fan fuentes de Econom\u00eda [&hellip;]<\/p>\n","protected":false},"author":1,"featured_media":81078,"comment_status":"closed","ping_status":"closed","sticky":false,"template":"","format":"standard","meta":[],"categories":[2],"tags":[],"_links":{"self":[{"href":"http:\/\/cordobainforma.info\/index.php\/wp-json\/wp\/v2\/posts\/81077"}],"collection":[{"href":"http:\/\/cordobainforma.info\/index.php\/wp-json\/wp\/v2\/posts"}],"about":[{"href":"http:\/\/cordobainforma.info\/index.php\/wp-json\/wp\/v2\/types\/post"}],"author":[{"embeddable":true,"href":"http:\/\/cordobainforma.info\/index.php\/wp-json\/wp\/v2\/users\/1"}],"replies":[{"embeddable":true,"href":"http:\/\/cordobainforma.info\/index.php\/wp-json\/wp\/v2\/comments?post=81077"}],"version-history":[{"count":0,"href":"http:\/\/cordobainforma.info\/index.php\/wp-json\/wp\/v2\/posts\/81077\/revisions"}],"wp:featuredmedia":[{"embeddable":true,"href":"http:\/\/cordobainforma.info\/index.php\/wp-json\/wp\/v2\/media\/81078"}],"wp:attachment":[{"href":"http:\/\/cordobainforma.info\/index.php\/wp-json\/wp\/v2\/media?parent=81077"}],"wp:term":[{"taxonomy":"category","embeddable":true,"href":"http:\/\/cordobainforma.info\/index.php\/wp-json\/wp\/v2\/categories?post=81077"},{"taxonomy":"post_tag","embeddable":true,"href":"http:\/\/cordobainforma.info\/index.php\/wp-json\/wp\/v2\/tags?post=81077"}],"curies":[{"name":"wp","href":"https:\/\/api.w.org\/{rel}","templated":true}]}}