{"id":81073,"date":"2023-07-13T08:30:00","date_gmt":"2023-07-13T08:30:00","guid":{"rendered":"http:\/\/cordobainforma.info\/index.php\/2023\/07\/13\/horacio-rodriguez-larreta-vs-patricia-bullrich-uno-sufre-la-otra-se-divierte\/"},"modified":"2023-07-13T08:30:00","modified_gmt":"2023-07-13T08:30:00","slug":"horacio-rodriguez-larreta-vs-patricia-bullrich-uno-sufre-la-otra-se-divierte","status":"publish","type":"post","link":"http:\/\/cordobainforma.info\/index.php\/2023\/07\/13\/horacio-rodriguez-larreta-vs-patricia-bullrich-uno-sufre-la-otra-se-divierte\/","title":{"rendered":"Horacio Rodr\u00edguez Larreta vs Patricia Bullrich: uno sufre, la otra se divierte"},"content":{"rendered":"<div class=\"media_block\"><\/div>\n<p>El \u00fanico litigio serio a resolver en las pr\u00f3ximas internas corresponde a la pugna <a target=\"_blank\" href=\"https:\/\/www.perfil.com\/noticias\/politica\/horacio-rodriguez-larreta-el-modelo-de-patricia-bullrich-es-como-el-de-macri-y-fracaso.phtml\" rel=\"noopener noreferrer\"><strong>Horacio Rodr\u00edguez Larreta versus Patricia Bullrich<\/strong><\/a>. Menos de 30 d\u00edas para esa definici\u00f3n. El resto son diferenciales, si Javier Milei saca 15 o 30, o si el expropiador de votos de Sergio Massa, Juan Grabois, le arranca un porcentaje m\u00ednimo para negociar despu\u00e9s.&nbsp;Hoy el <strong>jefe de Gobierno porte\u00f1o se multiplica para enmendar las encuestas<\/strong>, las celulares en contra o las favorables \u201cpresenciales\u201d, mientras ella m\u00e1s bien reposa para que no se muevan las aguas. Uno sufre, la otra se divierte.<\/p>\n<p class=\"destacadoNota\"><a target=\"_blank\" href=\"https:\/\/www.perfil.com\/noticias\/columnistas\/en-el-cuartel-de-patricia-bullrich-juegan-con-el-slogan-massa-es-larreta-por-roberto-garcia.phtml\" rel=\"noopener noreferrer\">En el cuartel de Patricia Bullrich juegan con el slogan \u00abMassa es Larreta\u00bb<\/a><\/p>\n<p>Hasta Patricia les canta el feliz cumplea\u00f1os a los que van a sus actos. Evit\u00f3 esa ocurrencia art\u00edstica en la <strong>cena con 800 invitados (a raz\u00f3n de 4 millones por mesa<\/strong>), en el Palacio San Miguel, la mayor\u00eda aportantes empresarios. Feliz ganadora, aunque <a target=\"_blank\" href=\"https:\/\/www.perfil.com\/noticias\/politica\/todo-lo-que-se-sabe-intervencion-fundacion-patricia-bullrich-irregularidades-contables.phtml\" rel=\"noopener noreferrer\">le han vuelto a observar la fundaci\u00f3n que colabora con ella<\/a> a trav\u00e9s de su amiga Oneto. La candidata hizo un sobrio discurso, aunque en los actos interact\u00faa con sus devotos en un stand up s\u00edmil al de Menem o de Alfons\u00edn que reclamaba \u201cun m\u00e9dico a la derecha, por favor\u201d.<\/p>\n<p>En cambio, a <strong>Horacio no se le da lo de los gent\u00edos, padece el s\u00edndrome de la clase media argentina<\/strong>: estancamiento, retroceso, el dolor de haber sido. De triunfador seguro, rico y organizado, a combatir por los deshechos electorales con una mujer que hasta se permite utilizar como slogan un precepto que caracteriz\u00f3 a la extrema y violenta izquierda, a la que osa repudiar: \u201cTodo o nada\u201d (t\u00edtulo no casual, adem\u00e1s, de la biograf\u00eda de Mar\u00eda Seoane sobre Roberto Mario Santucho, jefe del ERP). Una alternativa de vida que, por otra parte, parece lo menos pol\u00edtico y electoral de la profesi\u00f3n.<\/p>\n<div>\n<figure class=\"image\"><img alt=\"bullrich-larreta2-07-2023\" src=\"http:\/\/cordobainforma.info\/wp-content\/uploads\/2023\/07\/horacio-rodriguez-larreta-vs-patricia-bullrich-uno-sufre-la-otra-se-divierte-1.jpg\" loading=\"lazy\"><figcaption>Patricia Bullrich y Horacio Rodr\u00edguez Larreta.<\/figcaption><\/figure>\n<\/div>\n<p>Quiz\u00e1s nadie haya evaluado el <strong>residuo que produjo el Covid en la sociedad, un rechazo manifiesto contra la actividad pol\u00edtica<\/strong>, como si responsabilizara a ese sector de la desgracia del virus. La consecuencia pol\u00edtica&nbsp;de la pandemia afect\u00f3 a todos, <strong>benefici\u00f3 inesperadamente a Javier Milei, por derivaci\u00f3n a la Bullrich<\/strong>. A su vez, <strong>Larreta \u2014tan cercano en el espejismo al Alberto Fern\u00e1ndez de entonces\u2014<\/strong> le agreg\u00f3 errores a sus p\u00e9rdidas. Para esta ocasi\u00f3n electoral, primero <strong>no discerni\u00f3 entre una interna y un comicio general: para \u00e9l, resultaba el mismo tr\u00e1mite<\/strong>. Como si ni siquiera fuera un tr\u00e1mite, <strong>tremenda soberbia<\/strong>.<\/p>\n<p>A ning\u00fan empresario, sin embargo, se le ocurre ofrecer un producto igual para demandas distintas: es ut\u00f3pico vender helados en el Polo cuando al mismo tiempo se agotan en el Caribe. Es que <strong>HRL supon\u00eda que su mensaje abarcatorio, centrista, convergente e indiscriminado para conquistar voluntades ajenas val\u00eda igual que la captaci\u00f3n de los propios<\/strong>. No entendi\u00f3 la fidelidad y las identidades, las confundi\u00f3 con la eventual necesidad de una totalidad de la audiencia. El <strong>PRO parece un exclusivo club en el que se realiza un solo deporte, impera un criterio acendrado de repulsa al kirchnerismo<\/strong>, casi una moda en sus simpatizantes.<\/p>\n<p class=\"destacadoNota\"><a target=\"_blank\" href=\"https:\/\/www.perfil.com\/noticias\/columnistas\/massa-cayo-en-la-tentacion-bullrich-larreta-demasiados-para-una-silla-y-milei-bombardeado-por-roberto-garcia.phtml\" rel=\"noopener noreferrer\">La tentaci\u00f3n de Sergio Massa, el \u00abjuntos\u00bb de Bullrich-Larreta y el bombardeo contra Javier Milei<\/a><\/p>\n<p>Olvid\u00f3 tambi\u00e9n el jefe de Gobierno que en esta etapa le habla a un <strong>mercado no solo m\u00e1s reducido<\/strong>, sino que en verano consume m\u00e1s gaseosas que caldos hirvientes. Al menos, las sopas que \u00e9l pretende vender. Confiesa ahora que su osad\u00eda era pensar en la elecci\u00f3n nacional como si fuera la partidaria: tarde descubri\u00f3 que a\u00fan no hab\u00eda sido candidato y, encima, hasta se pele\u00f3 con el jefe de la agrupaci\u00f3n, <a target=\"_blank\" href=\"https:\/\/www.perfil.com\/noticias\/elespia\/mauricio-macri-se-aleja-interna-juntos-se-va-de-viaje.phtml\" rel=\"noopener noreferrer\"><strong>Mauricio Macri<\/strong> (hoy de viaje<\/a>, quien tuvo a su nieto de 8 meses en grave situaci\u00f3n hospitalaria entubado).<\/p>\n<p>Tal vez crey\u00f3 que pod\u00eda repetir la puja contra otra mujer, como aquella en la que venci\u00f3 a Gabriela Michetti: no fueron las mismas condiciones ni respaldos. <strong>Ahora intenta cambiar, darle una vuelta inversa a su campa\u00f1a. De pac\u00edfico a intransigente<\/strong>, incluyendo a su vice <strong>Gerardo Morales<\/strong> en ese prop\u00f3sito.<\/p>\n<div>\n<figure class=\"image\"><img alt=\"Patricia Bullrich y Horacio Rodr\u00edguez Larreta arrancan la campa\u00f1a a pura agresi\u00f3n\" src=\"http:\/\/cordobainforma.info\/wp-content\/uploads\/2023\/07\/horacio-rodriguez-larreta-vs-patricia-bullrich-uno-sufre-la-otra-se-divierte-2.jpg\" loading=\"lazy\"><figcaption>La interna del PRO.<\/figcaption><\/figure>\n<\/div>\n<p>Con tropiezos: <strong>se equivoc\u00f3 en <a target=\"_blank\" href=\"https:\/\/www.perfil.com\/noticias\/politica\/larreta-insiste-con-schiaretti-a-pesar-de-que-para-bullrich-este-tema-no-se-discute-mas.phtml\" rel=\"noopener noreferrer\">acercarse a Juan Schiaretti<\/a><\/strong> antes de realizar la interna \u2014 debi\u00f3 reconocerlo p\u00fablicamente\u2014,<strong> se lanz\u00f3 contra Sergio Massa<\/strong> cuando todos lo imaginan socio del ministro de Econom\u00eda, y ha <strong>dudado en pronunciarse a favor de Jorge Macri<\/strong>, su ministro, como candidato en contra de Mart\u00edn Lousteau (mientras varios de su equipo frontalmente juegan a favor del radical).<\/p>\n<p>Esta suma de situaciones provoca entuertos en su Gabinete, <strong>conflictos entre su influyente novia Milagros y uno de los responsables de la campa\u00f1a, Federico Benvenutto<\/strong>. Ni hablar del disgusto con otros asesores contratados. Eso s\u00ed: advirti\u00f3 a tiempo estas anomal\u00edas, nadie sabe si alcanza a modificarlas.<\/p>\n<p class=\"destacadoNota\"><a target=\"_blank\" href=\"https:\/\/www.perfil.com\/noticias\/columnistas\/epoca-de-destete-por-roberto-garcia.phtml\" rel=\"noopener noreferrer\">\u00c9poca de destete<\/a><\/p>\n<p>Ahora se ha <strong>propuesto reforzar la campa\u00f1a en Capital Federal, la b\u00fasqueda de una diferencia con la Bullrich<\/strong>: si no gana c\u00f3modo en el reducto que preside, in\u00fatil encarnar cualquier otro sue\u00f1o. <strong>Tambi\u00e9n piensan bajarle el tono a la cr\u00edtica y operaciones contra Milei: se dio cuenta que los votos que pierde el libertario, si los pierde, van a parar a la casa de su contrincante femenina<\/strong>. Una necedad. Le queda zanjar otra cuesti\u00f3n: la reserva con la cual su enviado a la provincia, el postulante a gobernador <strong>Diego Santilli<\/strong>, realiza la campa\u00f1a. <strong>Omiten el nombre Larreta<\/strong> en muchos de los carteles ya pegados en varios distritos (en particular zona sur) y hay temores para evitar cortes de boletas con intendentes siempre acomodaticios a los vientos.<\/p>\n<p><strong>Est\u00e1 en revisi\u00f3n Horacio<\/strong>: descubri\u00f3 tambi\u00e9n que el <strong>da\u00f1o an\u00f3nimo de las redes es peor que el favor de los medios<\/strong> y sus costosos personeros. Modifica la estrategia con prisa, aparece m\u00e1s en la pantalla, revela un temperamento oculto que sus coaches le imped\u00edan mostrar y conf\u00eda que en los \u00faltimos 20 d\u00edas, cuando dicen que se definen las elecciones, pueda dar vuelta su competencia con Patricia. En la F\u00f3rmula Uno se ha demostrado que no alcanza con el talento del piloto, importan la escuder\u00eda y la t\u00e1ctica para encarar las carreras. No alcanza solo la plata del sponsor. Mejor saberlo antes de que se prenda la luz verde del sem\u00e1foro.<\/p>\n<div class=\"article__tags\">\n<p>En esta Nota<\/p>\n<\/p><\/div>\n","protected":false},"excerpt":{"rendered":"<p>El \u00fanico litigio serio a resolver en las pr\u00f3ximas internas corresponde a la pugna Horacio Rodr\u00edguez Larreta versus Patricia Bullrich. Menos de 30 d\u00edas para esa definici\u00f3n. El resto son diferenciales, si Javier Milei saca 15 o 30, o si el expropiador de votos de Sergio Massa, Juan Grabois, le arranca un porcentaje m\u00ednimo para [&hellip;]<\/p>\n","protected":false},"author":1,"featured_media":81074,"comment_status":"closed","ping_status":"closed","sticky":false,"template":"","format":"standard","meta":[],"categories":[2],"tags":[],"_links":{"self":[{"href":"http:\/\/cordobainforma.info\/index.php\/wp-json\/wp\/v2\/posts\/81073"}],"collection":[{"href":"http:\/\/cordobainforma.info\/index.php\/wp-json\/wp\/v2\/posts"}],"about":[{"href":"http:\/\/cordobainforma.info\/index.php\/wp-json\/wp\/v2\/types\/post"}],"author":[{"embeddable":true,"href":"http:\/\/cordobainforma.info\/index.php\/wp-json\/wp\/v2\/users\/1"}],"replies":[{"embeddable":true,"href":"http:\/\/cordobainforma.info\/index.php\/wp-json\/wp\/v2\/comments?post=81073"}],"version-history":[{"count":0,"href":"http:\/\/cordobainforma.info\/index.php\/wp-json\/wp\/v2\/posts\/81073\/revisions"}],"wp:featuredmedia":[{"embeddable":true,"href":"http:\/\/cordobainforma.info\/index.php\/wp-json\/wp\/v2\/media\/81074"}],"wp:attachment":[{"href":"http:\/\/cordobainforma.info\/index.php\/wp-json\/wp\/v2\/media?parent=81073"}],"wp:term":[{"taxonomy":"category","embeddable":true,"href":"http:\/\/cordobainforma.info\/index.php\/wp-json\/wp\/v2\/categories?post=81073"},{"taxonomy":"post_tag","embeddable":true,"href":"http:\/\/cordobainforma.info\/index.php\/wp-json\/wp\/v2\/tags?post=81073"}],"curies":[{"name":"wp","href":"https:\/\/api.w.org\/{rel}","templated":true}]}}