{"id":81062,"date":"2023-07-13T08:16:39","date_gmt":"2023-07-13T08:16:39","guid":{"rendered":"http:\/\/cordobainforma.info\/index.php\/2023\/07\/13\/el-gobernador-diserto-en-el-foro-politico-de-alto-nivel-de-naciones-unidas\/"},"modified":"2023-07-13T08:16:39","modified_gmt":"2023-07-13T08:16:39","slug":"el-gobernador-diserto-en-el-foro-politico-de-alto-nivel-de-naciones-unidas","status":"publish","type":"post","link":"http:\/\/cordobainforma.info\/index.php\/2023\/07\/13\/el-gobernador-diserto-en-el-foro-politico-de-alto-nivel-de-naciones-unidas\/","title":{"rendered":"El gobernador disert\u00f3 en el Foro Pol\u00edtico de Alto Nivel de Naciones Unidas"},"content":{"rendered":"<p><b>C\u00f3rdoba<\/b> 12\/07\/2023 Por Redacci\u00f3n La <b>NUEVA<\/b> Ma\u00f1ana &#8230; del software y de la <b>econom\u00eda<\/b> del conocimiento\u201d, expres\u00f3 Schiaretti durante su discurso. <\/p>\n","protected":false},"excerpt":{"rendered":"<p>C\u00f3rdoba 12\/07\/2023 Por Redacci\u00f3n La NUEVA Ma\u00f1ana &#8230; del software y de la econom\u00eda del conocimiento\u201d, expres\u00f3 Schiaretti durante su discurso.<\/p>\n","protected":false},"author":1,"featured_media":0,"comment_status":"closed","ping_status":"closed","sticky":false,"template":"","format":"standard","meta":[],"categories":[23],"tags":[],"_links":{"self":[{"href":"http:\/\/cordobainforma.info\/index.php\/wp-json\/wp\/v2\/posts\/81062"}],"collection":[{"href":"http:\/\/cordobainforma.info\/index.php\/wp-json\/wp\/v2\/posts"}],"about":[{"href":"http:\/\/cordobainforma.info\/index.php\/wp-json\/wp\/v2\/types\/post"}],"author":[{"embeddable":true,"href":"http:\/\/cordobainforma.info\/index.php\/wp-json\/wp\/v2\/users\/1"}],"replies":[{"embeddable":true,"href":"http:\/\/cordobainforma.info\/index.php\/wp-json\/wp\/v2\/comments?post=81062"}],"version-history":[{"count":0,"href":"http:\/\/cordobainforma.info\/index.php\/wp-json\/wp\/v2\/posts\/81062\/revisions"}],"wp:attachment":[{"href":"http:\/\/cordobainforma.info\/index.php\/wp-json\/wp\/v2\/media?parent=81062"}],"wp:term":[{"taxonomy":"category","embeddable":true,"href":"http:\/\/cordobainforma.info\/index.php\/wp-json\/wp\/v2\/categories?post=81062"},{"taxonomy":"post_tag","embeddable":true,"href":"http:\/\/cordobainforma.info\/index.php\/wp-json\/wp\/v2\/tags?post=81062"}],"curies":[{"name":"wp","href":"https:\/\/api.w.org\/{rel}","templated":true}]}}