{"id":81026,"date":"2023-07-13T06:53:14","date_gmt":"2023-07-13T06:53:14","guid":{"rendered":"http:\/\/cordobainforma.info\/index.php\/2023\/07\/13\/12-militares-pakistanies-mueren-en-enfrentamientos-con-terroristas-fuertemente-armados\/"},"modified":"2023-07-13T06:53:14","modified_gmt":"2023-07-13T06:53:14","slug":"12-militares-pakistanies-mueren-en-enfrentamientos-con-terroristas-fuertemente-armados","status":"publish","type":"post","link":"http:\/\/cordobainforma.info\/index.php\/2023\/07\/13\/12-militares-pakistanies-mueren-en-enfrentamientos-con-terroristas-fuertemente-armados\/","title":{"rendered":"12 militares pakistan\u00edes mueren en enfrentamientos con \u00abterroristas fuertemente armados\u00bb"},"content":{"rendered":"<p><img src=\"http:\/\/cordobainforma.info\/wp-content\/uploads\/2023\/07\/12-militares-pakistanies-mueren-en-enfrentamientos-con-terroristas-fuertemente-armados.jpg\"><\/p>\n<div><img src=\"http:\/\/cordobainforma.info\/wp-content\/uploads\/2023\/07\/12-militares-pakistanies-mueren-en-enfrentamientos-con-terroristas-fuertemente-armados-2.jpg\" class=\"ff-og-image-inserted\"><\/div>\n<div readability=\"32\">\n<p><span>Publicado:<\/span><time class=\"Timestamp-root Timestamp-isBlackColor \" datetime=\"2023-07-13T06:53:14+00:00\"> 13 jul 2023 06:53 GMT <\/time><\/p>\n<\/div>\n<div readability=\"35\">\n<p> Como resultado de las \u00abvalientes\u00bb acciones de los soldados, varios terroristas \u00abfueron enviados al infierno\u00bb, comunicaron las Fuerzas Armadas pakistan\u00edes. <\/p>\n<\/div>\n<div readability=\"57.854852320675\">\n<p>Al menos 12 militares pakistan\u00edes perdieron la vida en enfrentamientos con \u00abterroristas fuertemente armados\u00bb ocurridos el mi\u00e9rcoles en&nbsp;la provincia de Baluchist\u00e1n, fronteriza con Afganist\u00e1n e Ir\u00e1n.<\/p>\n<p>De acuerdo con el servicio de prensa de las Fuerzas Armadas de Pakist\u00e1n,&nbsp;se produjo un intercambio de disparos con un grupo de atacantes que asaltaron una guarnici\u00f3n en la ciudad de Zhob.&nbsp;\u00abEl intento inicial de los terroristas de entrar en las instalaciones fue impedido por los soldados de guardia\u00bb, <a href=\"https:\/\/twitter.com\/PakistanFauj\/status\/1679083021620637698?s=20\" target=\"_blank\" rel=\"noopener noreferrer\">se\u00f1ala<\/a>&nbsp;el comunicado.<\/p>\n<p>Nueve soldados murieron a causa de las heridas recibidas \u00abmientras luchaban valientemente\u00bb, al tiempo que otros cinco <a href=\"https:\/\/twitter.com\/PakistanFauj\/status\/1679186072092262400?s=20\" target=\"_blank\" rel=\"noopener noreferrer\">resultaron<\/a> gravemente heridos.&nbsp;Poco m\u00e1s tarde, se inform\u00f3 que otros tres militares fallecieron en otro intercambio de disparos en&nbsp;un&nbsp;<a href=\"https:\/\/twitter.com\/PakistanFauj\/status\/1679214898406993926?s=20\" target=\"_blank\" rel=\"noopener noreferrer\">ataque<\/a> de terroristas registrado en el distrito de Sui.&nbsp;<\/p>\n<p>Como resultado de la acci\u00f3n de los militares,&nbsp;al menos 5 terroristas \u00abfueron enviados al infierno\u00bb, reza el comunicado.<\/p>\n<p>\u00abLas fuerzas de seguridad y la naci\u00f3n siguen siendo resistentes y decididas a frustrar todos estos intentos cobardes del enemigo destinados a destruir la paz de Baluchist\u00e1n y Pakist\u00e1n\u00bb, concluye el servicio de prensa.<\/p>\n<\/div>\n","protected":false},"excerpt":{"rendered":"<p>Publicado: 13 jul 2023 06:53 GMT Como resultado de las \u00abvalientes\u00bb acciones de los soldados, varios terroristas \u00abfueron enviados al infierno\u00bb, comunicaron las Fuerzas Armadas pakistan\u00edes. Al menos 12 militares pakistan\u00edes perdieron la vida en enfrentamientos con \u00abterroristas fuertemente armados\u00bb ocurridos el mi\u00e9rcoles en&nbsp;la provincia de Baluchist\u00e1n, fronteriza con Afganist\u00e1n e Ir\u00e1n. De acuerdo con [&hellip;]<\/p>\n","protected":false},"author":1,"featured_media":81027,"comment_status":"closed","ping_status":"closed","sticky":false,"template":"","format":"standard","meta":[],"categories":[22],"tags":[],"_links":{"self":[{"href":"http:\/\/cordobainforma.info\/index.php\/wp-json\/wp\/v2\/posts\/81026"}],"collection":[{"href":"http:\/\/cordobainforma.info\/index.php\/wp-json\/wp\/v2\/posts"}],"about":[{"href":"http:\/\/cordobainforma.info\/index.php\/wp-json\/wp\/v2\/types\/post"}],"author":[{"embeddable":true,"href":"http:\/\/cordobainforma.info\/index.php\/wp-json\/wp\/v2\/users\/1"}],"replies":[{"embeddable":true,"href":"http:\/\/cordobainforma.info\/index.php\/wp-json\/wp\/v2\/comments?post=81026"}],"version-history":[{"count":0,"href":"http:\/\/cordobainforma.info\/index.php\/wp-json\/wp\/v2\/posts\/81026\/revisions"}],"wp:featuredmedia":[{"embeddable":true,"href":"http:\/\/cordobainforma.info\/index.php\/wp-json\/wp\/v2\/media\/81027"}],"wp:attachment":[{"href":"http:\/\/cordobainforma.info\/index.php\/wp-json\/wp\/v2\/media?parent=81026"}],"wp:term":[{"taxonomy":"category","embeddable":true,"href":"http:\/\/cordobainforma.info\/index.php\/wp-json\/wp\/v2\/categories?post=81026"},{"taxonomy":"post_tag","embeddable":true,"href":"http:\/\/cordobainforma.info\/index.php\/wp-json\/wp\/v2\/tags?post=81026"}],"curies":[{"name":"wp","href":"https:\/\/api.w.org\/{rel}","templated":true}]}}