{"id":81024,"date":"2023-07-12T07:49:23","date_gmt":"2023-07-12T07:49:23","guid":{"rendered":"https:\/\/www.mujerhoy.com\/vivir\/decoracion\/alfombras-exterior-decoracion-terrazas-opciones-compra-20230712094817-nt.html"},"modified":"2023-07-12T07:49:23","modified_gmt":"2023-07-12T07:49:23","slug":"estas-son-las-alfombras-de-exterior-que-necesitas-para-darle-un-ambiente-mas-acogedor-a-tu-terraza","status":"publish","type":"post","link":"http:\/\/cordobainforma.info\/index.php\/2023\/07\/12\/estas-son-las-alfombras-de-exterior-que-necesitas-para-darle-un-ambiente-mas-acogedor-a-tu-terraza\/","title":{"rendered":"Estas son las alfombras de exterior que necesitas para darle un ambiente m\u00e1s acogedor a tu terraza"},"content":{"rendered":"<p><!-- AUTHOR --><\/p>\n<div class=\"voc-author-timesocial \"><!-- AUTHOR --><\/p>\n<div class=\"voc-author-timesocial__signature\"><!-- IMAGE AUTHOR --><picture class=\"voc-image-signature\"><img class=\"voc-image-signature__img\" src=\"http:\/\/cordobainforma.info\/wp-content\/uploads\/2023\/07\/estas-son-las-alfombras-de-exterior-que-necesitas-para-darle-un-ambiente-mas-acogedor-a-tu-terraza.jpg\" alt=\"Elena Romero Vargas\"><\/picture><!-- INFO AUTHOR --><\/div>\n<\/div>\n<p><!-- COMPONENTS --><\/p>\n<p class=\"voc-paragraph\">Para elevar la <a data-voc-vtm-id=\"in-text-traffic\" href=\"https:\/\/www.mujerhoy.com\/vivir\/decoracion\/claves-decoracion-terrazas-pequenas-idea-aprovechar-espacio-20230404121117-nt.html\" title=\"www.mujerhoy.com\">decoraci\u00f3n de tu terraza <\/a>y convertirla en la estancia predilecta de la casa es necesario cuidar hasta el m\u00e1s m\u00ednimo detalle. Siempre dentro de tu estilo y del estilo que quieras para ella, la elecci\u00f3n del mobiliario y la decoraci\u00f3n es crucial para cumplir este cometido. Y poner el toque definitivo con un<br \/>\n<strong> alfombra de exterior<\/strong> puede ser una gran opci\u00f3n.\n<\/p>\n<p class=\"voc-paragraph\">Con la llegada del buen tiempo, de las noches de verano y de los planes que se organizan en casa pero al aire libre querr\u00e1s <strong>potenciar a\u00fan m\u00e1s la decoraci\u00f3n de <\/strong>tu terraza. Si bien es cierto que lo m\u00e1s importante es <a data-voc-vtm-id=\"in-text-traffic\" href=\"https:\/\/www.mujerhoy.com\/vivir\/decoracion\/mesas-terraza-leroy-merlin-decoracion-verano-20230708135210-nt.html\" title=\"www.mujerhoy.com\">empezar por lo b\u00e1sico<\/a>, cada detalle cuenta, y si ese detalle es una alfombra el efecto que se alcanza es mucho m\u00e1s evidente.\n<\/p>\n<p class=\"voc-paragraph\">Las alfombras en las terrazas pueden marcar la diferencia y convertir una estancia sencilla en el lugar donde <strong>querr\u00e1s pasar buena parte de tu tiempo <\/strong>de descanso. Aunque es cierto que el verano es la \u00e9poca del a\u00f1o en la que m\u00e1s se aprovecha, una de las grandes ventajas de incluir este elemento decorativo es que aportar\u00e1 calidez para sacar su m\u00e1ximo partido <a data-voc-vtm-id=\"in-text-traffic\" href=\"https:\/\/www.mujerhoy.com\/vivir\/decoracion\/terraza-invierno-decoracion-muebles-madera-aprovechar-espacio-gastar-poco-dinero-20221021123910-nt.html\" title=\"www.mujerhoy.com\">tambi\u00e9n en invierno<\/a>.\n<\/p>\n<p class=\"voc-paragraph\">Estas piezas pueden convertir la terraza m\u00e1s simple en una estancia de lujo, poner el<br \/>\n<a data-voc-vtm-id=\"in-text-traffic\" href=\"https:\/\/www.mujerhoy.com\/vivir\/decoracion\/alfombras-bereberes-tendencia-decoracion-calidez-colorido-tradicional-20230328124128-nt.html\" title=\"www.mujerhoy.com\"> toque de color<\/a> o transformarla en el chill out que cualquiera so\u00f1amos con tener en casa. Si est\u00e1s buscando la que mejor encaje contigo, toma nota porque te traemos <strong>las mejores opciones de alfombras de exterior<\/strong>.\n<\/p>\n<p><h3 class=\"voc-detail__title\"> Alfombras Famibay para exterior en Amazon<br \/>\n<\/h3>\n<\/p>\n<div class=\"voc-detail__cmp\">\n<div class=\"voc-article-container\">\n<article class=\"voc-article voc-article--cmp-photo-text\" readability=\"26\">\n<div class=\"voc-img-container\" readability=\"7\"><picture>\n<div class=\"voc-horizontal voc-img-icon-link\"><img class=\"lazy\" loading=\"lazy\" data-original=\"\/\/static.mujerhoy.com\/www\/multimedia\/202307\/11\/media\/cortadas\/alfombra-famibay-amazon-kVoE--624x624@MujerHoy.jpg\" alt=\"Alfombra de exterior Famibay\"><\/div>\n<\/picture>\n<p class=\"figure-caption \"> Alfombra de exterior Famibay \/ <span class=\"voc-photo-author\"> AMAZON <\/span><\/p>\n<\/div>\n<\/article>\n<\/div>\n<\/div>\n<p><span class=\"btn-c btn-c--center\"><a href=\"https:\/\/www.amazon.es\/dp\/B0BML1Q2FK\/?tag=topcomp1978-21\" rel=\"nofollow, sponsored noopener noreferrer\" data-voc-vtm-id=\"comprar-ofertas-ext\" data-voc-vtm-info=\"mujerhoy:https:\/\/www.amazon.es\/dp\/B0BML1Q2FK\/?tag=topcomp1978-21\" class=\"btn\" target=\"_blank\"> AMAZON por 29,59\u20ac <\/a><\/span><\/p>\n<p class=\"voc-paragraph\">A la hora de escoger una alfombra para tu terraza es fundamental que <strong>tengas en cuenta las dimensiones<\/strong>. Una alfombra demasiado grande puede causar sensaci\u00f3n de agobio, mientras que una muy peque\u00f1a no va a desempe\u00f1ar bien su funci\u00f3n. La virtud est\u00e1 en el t\u00e9rmino medio, y esta alfombra de exterior de Famibay es perfecta para ello.\n<\/p>\n<p class=\"voc-paragraph\">Este modelo est\u00e1 hecho con <strong>pl\u00e1stico reciclado<\/strong>, un material muy resistente a los cambios de temperatura, que se puede mojar y que se limpia muy f\u00e1cilmente. No tendr\u00e1s que preocuparte si llueve o si le da mucho el sol, porque est\u00e1 pensada para ello.\n<\/p>\n<p class=\"voc-paragraph\"><strong>A FAVOR<\/strong><\/p>\n<p class=\"voc-paragraph\">1. Es <strong>muy f\u00e1cil de transportar<\/strong>, por lo que si en alg\u00fan momento quieres cambiarla de ubicaci\u00f3n (o usarla incluso como mantel de picnic) no tendr\u00e1s problemas a la hora de doblarla y llevarla donde quieras.\n<\/p>\n<p class=\"voc-paragraph\">2. Su dise\u00f1o es <strong>reversible<\/strong>. Si te aburres o si quieres darle un cambio de aires a la decoraci\u00f3n de tu terraza, tan solo tendr\u00e1s que darle la vuelta y obtener una imagen completamente nueva. Lo mejor, su material es igual de resistente por ambas caras. Los usuarios opinan: \u00abLa he dejado afuera bajo la lluvia y a\u00fan brilla\u00bb (Mrs Anita Lee en Amazon)\n<\/p>\n<p class=\"voc-paragraph\"><strong>EN CONTRA<\/strong><\/p>\n<p class=\"voc-paragraph\">1. Viene doblada en un malet\u00edn, por lo que al sacarla puedes encontrarla algo <strong>arrugada y con pliegues <\/strong>que enrarezcan su imagen. Los usuarios opinan: \u00abEsta alfombra lleg\u00f3 doblada, no enrollada, por lo que cuando se desempaquet\u00f3 hab\u00eda grandes pliegues\u00bb (Cliente de Amazon en Amazon).\n<\/p>\n<p><h3 class=\"voc-detail__title\"> Alfombra interior\/exterior pvc Teplon Cenefa en Leroy Merlin<br \/>\n<\/h3>\n<\/p>\n<div class=\"voc-detail__cmp\">\n<div class=\"voc-article-container\">\n<article class=\"voc-article voc-article--cmp-photo-text\" readability=\"26\">\n<div class=\"voc-img-container\" readability=\"7\"><picture>\n<div class=\"voc-horizontal voc-img-icon-link\"><img class=\"lazy\" loading=\"lazy\" data-original=\"\/\/static1.mujerhoy.com\/www\/multimedia\/202307\/11\/media\/cortadas\/alfombra-teplon-leroy-merlin-kVoE--624x624@MujerHoy.jpg\" alt=\"Alfombra Teplon Cenefa\"><\/div>\n<\/picture>\n<p class=\"figure-caption \"> Alfombra Teplon Cenefa \/ <span class=\"voc-photo-author\"> leroy Merlin <\/span><\/p>\n<\/div>\n<\/article>\n<\/div>\n<\/div>\n<p><span class=\"btn-c btn-c--center\"><a href=\"https:\/\/detiendas.eu\/1C19BoxLXf6qiciVzjRLcB\" rel=\"nofollow, sponsored noopener noreferrer\" data-voc-vtm-id=\"comprar-ofertas-ext\" data-voc-vtm-info=\"mujerhoy:https:\/\/detiendas.eu\/1C19BoxLXf6qiciVzjRLcB\" class=\"btn\" target=\"_blank\"> LEROY MERLIN POR 219\u20ac <\/a><\/span><\/p>\n<p class=\"voc-paragraph\">Si buscas una pieza<br \/>\n<strong> elegante, vers\u00e1til y apta para terrazas <\/strong>que no sean ni muy grandes ni muy peque\u00f1as, esta es la alfombra que necesitas. Est\u00e1 fabricada en pvc, un material muy resistente, por lo que es perfecta para poner muebles encima o para colocarla en el centro de la estancia.\n<\/p>\n<p class=\"voc-paragraph\">Est\u00e1 disponible en <strong>varios tama\u00f1os y colores<\/strong>, y sirve tanto para exterior como para interio. En definitiva, es todo lo que necesitas para sacar partido a cualquier habitaci\u00f3n de tu casa.\n<\/p>\n<p class=\"voc-paragraph\"><strong>A FAVOR<\/strong><\/p>\n<p class=\"voc-paragraph\">1. Gracias a la resistencia de su material, esta alfombra es<br \/>\n<strong> muy f\u00e1cil de limpiar<\/strong>, por lo que no tendr\u00e1s que preocuparte si se te derrama algo de comida sobre ella. Los usuarios opinan: \u00abDe f\u00e1cil limpieza y lucen muy bien, ya ten\u00eda la grande y ahora he puesto la peque\u00f1a\u00bb (Nayy en Leroy Merlin).\n<\/p>\n<p class=\"voc-paragraph\">2. Su<br \/>\n<strong> sujeci\u00f3n es muy buena<\/strong>, as\u00ed que las arruguitas inc\u00f3modas que le salen a las alfombras cuando se arrastra un mueble sobre ella y no est\u00e1n bien sujetas no ser\u00e1n un problema con este producto. Los usuarios opinan: \u00abResponde a las expectativas que yo tenia. No se mueve del sitio con una silla de ruedas\u00bb (Gerinaceo en Leroy Merlin).\n<\/p>\n<p class=\"voc-paragraph\"><strong>EN CONTRA<\/strong><\/p>\n<p class=\"voc-paragraph\">1. Algunos compradores opinan que la <strong>relaci\u00f3n calidad-precio <\/strong>es algo desproporcionada y que podr\u00eda ser algo m\u00e1s econ\u00f3mica, aunque tampoco es la sensaci\u00f3n que predomina. Los usuarios opinan: \u00abLos contras son el precio que es elevado y la perdida del tacto mullido con respecto a las alfombras tradicionales\u00bb (Marga 303 en Leroy Merlin).\n<\/p>\n<p><h3 class=\"voc-detail__title\"> Alfombra jarapa Taman El Corte Ingl\u00e9s<br \/>\n<\/h3>\n<\/p>\n<div class=\"voc-detail__cmp\">\n<div class=\"voc-article-container\">\n<article class=\"voc-article voc-article--cmp-photo-text\" readability=\"26\">\n<div class=\"voc-img-container\" readability=\"7\"><picture>\n<div class=\"voc-horizontal voc-img-icon-link\"><img class=\"lazy\" loading=\"lazy\" data-original=\"\/\/static1.mujerhoy.com\/www\/multimedia\/202307\/11\/media\/cortadas\/alfombra-taman-eci-kVoE--624x624@MujerHoy.jpg\" alt=\"Alfombra jarapa Taman\"><\/div>\n<\/picture>\n<p class=\"figure-caption \"> Alfombra jarapa Taman \/ <span class=\"voc-photo-author\"> El Corte Ingl\u00e9s <\/span><\/p>\n<\/div>\n<\/article>\n<\/div>\n<\/div>\n<p><span class=\"btn-c btn-c--center\"><a href=\"https:\/\/detiendas.eu\/1C19Bmxk34sPW8yVNPAruv\" rel=\"nofollow, sponsored noopener noreferrer\" data-voc-vtm-id=\"comprar-ofertas-ext\" data-voc-vtm-info=\"mujerhoy:https:\/\/detiendas.eu\/1C19Bmxk34sPW8yVNPAruv\" class=\"btn\" target=\"_blank\"> EL CORTE INGL\u00c9S por 20,95\u20ac <\/a><\/span><\/p>\n<p class=\"voc-paragraph\">Esta alfombra hecha en yute y algod\u00f3n es perfecta para esos porches o terrazas cuya decoraci\u00f3n est\u00e9 inspirada en los <strong>colores neutros del verano<\/strong>. Si en tu mobiliario predomina la madera y los tonos verdes y crema y quieres ponerle una nota m\u00e1s confortable para disfrutarla a\u00fan m\u00e1s, esta alfombra es para ti.\n<\/p>\n<p class=\"voc-paragraph\">Adem\u00e1s, cuenta con una <strong>base antideslizante <\/strong>que facilita su colocaci\u00f3n. Puedes colocar los muebles sobre ella sin miedo a que baile y conseguir la sujeci\u00f3n y estabilidad perfecta.\n<\/p>\n<p class=\"voc-paragraph\"><strong>A FAVOR<\/strong><\/p>\n<p class=\"voc-paragraph\">1. El yute, material que predomina en esta alfombra, es <strong>suave, brillante y fresco<\/strong>, por lo que es perfecto para la temporada estival. Ilumina y decora la estancia aport\u00e1ndole el toque de confort que necesita.\n<\/p>\n<p class=\"voc-paragraph\">2. Sirve tanto para<br \/>\n<strong> exterior como para interior<\/strong>. Es perfecta y queda fenomenal tanto en terrazas como en sal\u00f3n o habitaciones. Los usuarios opinan: \u00abEs una alfombra muy bonita.Queda muy bien en el sal\u00f3n\u00bb (Raskolnikov en El Corte Ingl\u00e9s).\n<\/p>\n<p class=\"voc-paragraph\"><strong>EN CONTRA<\/strong><\/p>\n<p class=\"voc-paragraph\">1. Es recomendable lavar esta alfombra en seco porque <strong>no es resistente al agua<\/strong>. Esto significa que, si llueve, lo mejor es que la recojas para evitar que se estropee con la lluvia, o que la reserves para zonas cubiertas de tu terraza.\n<\/p>\n<p><!-- TOPICS --><\/p>\n","protected":false},"excerpt":{"rendered":"<p>Para elevar la decoraci\u00f3n de tu terraza y convertirla en la estancia predilecta de la casa es necesario cuidar hasta el m\u00e1s m\u00ednimo detalle. Siempre dentro de tu estilo y del estilo que quieras para ella, la elecci\u00f3n del mobiliario y la decoraci\u00f3n es crucial para cumplir este cometido. Y poner el toque definitivo con [&hellip;]<\/p>\n","protected":false},"author":1,"featured_media":81025,"comment_status":"open","ping_status":"closed","sticky":false,"template":"","format":"standard","meta":[],"categories":[18],"tags":[],"_links":{"self":[{"href":"http:\/\/cordobainforma.info\/index.php\/wp-json\/wp\/v2\/posts\/81024"}],"collection":[{"href":"http:\/\/cordobainforma.info\/index.php\/wp-json\/wp\/v2\/posts"}],"about":[{"href":"http:\/\/cordobainforma.info\/index.php\/wp-json\/wp\/v2\/types\/post"}],"author":[{"embeddable":true,"href":"http:\/\/cordobainforma.info\/index.php\/wp-json\/wp\/v2\/users\/1"}],"replies":[{"embeddable":true,"href":"http:\/\/cordobainforma.info\/index.php\/wp-json\/wp\/v2\/comments?post=81024"}],"version-history":[{"count":0,"href":"http:\/\/cordobainforma.info\/index.php\/wp-json\/wp\/v2\/posts\/81024\/revisions"}],"wp:featuredmedia":[{"embeddable":true,"href":"http:\/\/cordobainforma.info\/index.php\/wp-json\/wp\/v2\/media\/81025"}],"wp:attachment":[{"href":"http:\/\/cordobainforma.info\/index.php\/wp-json\/wp\/v2\/media?parent=81024"}],"wp:term":[{"taxonomy":"category","embeddable":true,"href":"http:\/\/cordobainforma.info\/index.php\/wp-json\/wp\/v2\/categories?post=81024"},{"taxonomy":"post_tag","embeddable":true,"href":"http:\/\/cordobainforma.info\/index.php\/wp-json\/wp\/v2\/tags?post=81024"}],"curies":[{"name":"wp","href":"https:\/\/api.w.org\/{rel}","templated":true}]}}