{"id":80965,"date":"2023-07-13T00:42:56","date_gmt":"2023-07-13T00:42:56","guid":{"rendered":"https:\/\/www.clarin.com\/deportes\/cambios-pumas-vs-australia-recuperarse-derrota-all-blacks_0_5PFcWuGktu.html"},"modified":"2023-07-13T00:42:56","modified_gmt":"2023-07-13T00:42:56","slug":"los-cuatro-cambios-que-tendran-los-pumas-vs-australia-para-recuperarse-de-la-derrota-con-los-all-blacks","status":"publish","type":"post","link":"http:\/\/cordobainforma.info\/index.php\/2023\/07\/13\/los-cuatro-cambios-que-tendran-los-pumas-vs-australia-para-recuperarse-de-la-derrota-con-los-all-blacks\/","title":{"rendered":"Los cuatro cambios que tendr\u00e1n Los Pumas vs Australia para recuperarse de la derrota con los All Blacks"},"content":{"rendered":"<p><img src=\"http:\/\/cordobainforma.info\/wp-content\/uploads\/2023\/07\/los-cuatro-cambios-que-tendran-los-pumas-vs-australia-para-recuperarse-de-la-derrota-con-los-all-blacks.jpg\"><\/p>\n<div readability=\"33\">\n<div class=\"title check-space\" data-color=\"style='background-color:'\" readability=\"11\">\n<p><h2>Entre ellas estar\u00e1 la inclusi\u00f3n de Isgr\u00f3, habituado al rugby Seven. En conferencia, el entrenador principal se mostr\u00f3 esperanzado de cara al duelo del s\u00e1bado a las 6:45.<\/h2>\n<\/p>\n<\/div><\/div>\n<div id=\"entry-body\">\n<p>El entrenador principal de la Selecci\u00f3n Argentina de rugby, <strong>Michael Cheika<\/strong>, confirm\u00f3 al equipo titular que intentar\u00e1 levantar cabeza ante <strong>Australia <\/strong>por la segunda fecha del <strong>Championship,&nbsp;<\/strong>en el que comenz\u00f3 con una derrota de manera categ\u00f3rica&nbsp;ante <strong>Nueva Zelanda <\/strong>en Mendoza. <\/p>\n<p>La formaci\u00f3n titular tiene la novedad de incluir como wing, en lugar de Sebasti\u00e1n Cancelliere a <strong>Rodrigo Isgr\u00f3<\/strong>, de Los Pumas Seven y quien lleva tres semanas intensivas de trabajo para amoldarse a una formaci\u00f3n de 15 jugadores.<\/p>\n<p>Las otras variantes respecto a los All Blacks&nbsp;&nbsp;son la inclusi\u00f3n del pilar&nbsp;<strong>Francisco G\u00f3mez Kodela&nbsp;<\/strong>en lugar de Lucio Sordoni; del tercera l\u00ednea&nbsp;<strong>Santiago Grondona <\/strong>y al centro <strong>Jer\u00f3nimo de la Fuente<\/strong>, quienes reemplazan a&nbsp;Rodrigo Bruni y&nbsp;Mat\u00edas Moroni.<\/p>\n<p>Cheika, adem\u00e1s, dispuso dos cambios de posici\u00f3n: Juan Manuel Gonz\u00e1lez se desempe\u00f1ar\u00e1 como octavo y Lucio Cinti ser\u00e1 el 13. Nahuel Tetaz Chaparro y Lucas Paulos, que no estuvieron integraron el plantel que viaj\u00f3 a Mendoza, estar\u00e1n entre los suplentes.<\/p>\n<h2><strong>La palabra de Cheika<\/strong><\/h2>\n<div class=\"sp__Normal embed-box embed-body-photo\" data-index=\"1\">\n<picture class=\"pointer\">\n<img class=\"img-expand\" width=\"100\" height=\"100\" loading=\"lazy\" src=\"http:\/\/cordobainforma.info\/wp-content\/uploads\/2023\/07\/los-cuatro-cambios-que-tendran-los-pumas-vs-australia-para-recuperarse-de-la-derrota-con-los-all-blacks-2.jpg\" alt=\"Michael Cheika en Mendoza, antes de la ca\u00edda abnte los All Blacks. Foto AFP\"><br \/>\n<span class=\"bt-expand\"><br \/>\n<svg class=\"ico white_mod\">\n<use class=\"use-expand\" xlink:href=\"#icon-expand\" \/>\n<\/svg><br \/>\n<\/span>\n<\/picture><figcaption>Michael Cheika en Mendoza, antes de la ca\u00edda abnte los All Blacks. Foto AFP <\/figcaption><\/div>\n<p>En conferencia de prensa luego de ofrecer la formaci\u00f3n que el s\u00e1bado desde las 6:45 enfrentar\u00e1 a Australia en Sidney, Cheika ofreci\u00f3 su punto de vista sobre la derrota ante Nueva Zelanda, el test match en ciernes ante los Wallabies y el objetivo del Mundial.<\/p>\n<p><strong>\u00abIsgr\u00f3 puede estar en esta posici\u00f3n despu\u00e9s de tres semanas de entrenamiento. No es que no tenemos jugadores en esa posici\u00f3n y no necesita hacer nada extraordinario: adem\u00e1s del conocimiento de su juego, est\u00e1 muy bien en su punto fuerte. Despu\u00e9s veremos como se da en el partido\u00bb<\/strong>, explic\u00f3 sobre la inclusi\u00f3n de un win asimilado a la modalidad <em>seven<\/em>.<\/p>\n<p>El seleccionado de Australia tiene un nuevo cuerpo t\u00e9cnico y atraviesa un proceso de formaci\u00f3n similar al que Cheika inici\u00f3 el a\u00f1o pasado con Los Pumas, de manera que el an\u00e1lisis previo tiene un historial acotado.&nbsp;<\/p>\n<p><strong>\u00abNo podemos mirar muchos partidos porque est\u00e1n tambi\u00e9n en construcci\u00f3n. Pero sabemos cual es la cualidad que siempre est\u00e1 asociada a los Wallabies: el juego abierto, la velocidad si est\u00e1 (Quade) Cooper. pero no tenemos que mirarlos a ellos, sino focalizar en nosotros. Principalmente en nuestro sistema defensivo\u00bb<\/strong>, explic\u00f3 el, tambi\u00e9n australiano, entrenador de Los Pumas.<\/p>\n<p>En ese sentido, no consider\u00f3 que la derrota anterior ante los All Blacks deba ser considerada un punto de partida o una referencia para ajustar detalles. <\/p>\n<div class=\"sp__Normal embed-box embed-body-photo\" data-index=\"2\">\n<picture class=\"pointer\">\n<img class=\"img-expand\" width=\"100\" height=\"100\" loading=\"lazy\" src=\"http:\/\/cordobainforma.info\/wp-content\/uploads\/2023\/07\/los-cuatro-cambios-que-tendran-los-pumas-vs-australia-para-recuperarse-de-la-derrota-con-los-all-blacks-3.jpg\" alt=\"Los Pumas en el fondo, de espalda los All Blacks en pleno haka. Foto EFE\"><br \/>\n<span class=\"bt-expand\"><br \/>\n<svg class=\"ico white_mod\">\n<use class=\"use-expand\" xlink:href=\"#icon-expand\" \/>\n<\/svg><br \/>\n<\/span>\n<\/picture><figcaption>Los Pumas en el fondo, de espalda los All Blacks en pleno haka. Foto EFE <\/figcaption><\/div>\n<p>\u00abLo que queremos mejorar para el pr\u00f3ximo partido es&nbsp;la conexi\u00f3n y como cada uno desempe\u00f1a su papel. Pero esto es muy importante: no se trata de recuperar porque algo no estuvo bien (en el partido pasado), esto es un proceso de crecimiento. No&nbsp;es corregir un error de una semana para la siguiente. No se trata de poner un parche, sino de sostener esa incomodidad que tuvimos para llegar bien al Mundial. Si logramos jugar bien estos partidos, vamos a estar listos seg\u00fan nuestra planificaci\u00f3n\u00bb, detall\u00f3.&nbsp;<\/p>\n<p>En ese sentido, consider\u00f3 que \u00abno se quiere mejorar individualmente,&nbsp; sino lograr coordinaci\u00f3n como equipo. Hac\u00eda mucho que no est\u00e1bamos juntaos y cada semana que podemos concretar entrenamientos, nos conectamos cada uno en su rol\u00bb.&nbsp;<\/p>\n<p>\u00abEste a\u00f1o, aunque ellos quer\u00edan seguir entrenando, yo les ped\u00ed que descansaran primero. Esto va a ser muy dif\u00edcil desde el principio y va a ir en escalada. El juego del s\u00e1bado va a ser muy dif\u00edcil y eso es lo que queremos: estamos en su territorio buscando una victoria\u00bb, plant\u00f3 bandera Cheika.<\/p>\n<h2><strong>El XV ante Australia<\/strong><\/h2>\n<div class=\"sp__Normal embed-box embed-body-photo\" data-index=\"3\">\n<picture class=\"pointer\">\n<img class=\"img-expand\" width=\"100\" height=\"100\" loading=\"lazy\" src=\"http:\/\/cordobainforma.info\/wp-content\/uploads\/2023\/07\/los-cuatro-cambios-que-tendran-los-pumas-vs-australia-para-recuperarse-de-la-derrota-con-los-all-blacks-4.jpg\" alt=\"Julian Montoya en acci\u00f3n. Foto REUTERS\"><br \/>\n<span class=\"bt-expand\"><br \/>\n<svg class=\"ico white_mod\">\n<use class=\"use-expand\" xlink:href=\"#icon-expand\" \/>\n<\/svg><br \/>\n<\/span>\n<\/picture><figcaption>Julian Montoya en acci\u00f3n. Foto REUTERS <\/figcaption><\/div>\n<p>1. Gallo, Thomas (14 caps) <br \/>2. Montoya, Juli\u00e1n (capit\u00e1n; 86 caps) <br \/>3. G\u00f3mez Kodela, Francisco (28 caps) <br \/>4. Alemanno, Mat\u00edas (85 caps) <br \/>5. Lavaninni, Tom\u00e1s (79 caps) <br \/>6. Matera, Pablo (92 caps) <br \/>7. Grondona, Santiago (11 caps) <br \/>8. Gonz\u00e1lez, Juan Mart\u00edn (21 caps) <br \/>9. Bertranou, Gonzalo (50 caps) <br \/>10. Carreras, Santiago (32 caps) <br \/>11. Carreras, Mateo (8 caps) <br \/>12. De la Fuente, Jer\u00f3nimo (74 caps) <br \/>13. Cinti, Lucio (13 caps) <br \/>14. Isgr\u00f3, Rodrigo (sin caps) <br \/>15. Boffelli, Emiliano (51 caps) <\/p>\n<p>Suplentes:<br \/>16. Creevy, Agust\u00edn (98 caps)<br \/>17. Tetaz Chaparro, Nahuel (76 caps) <br \/>18. Bello, Eduardo (11 caps) <br \/>19. Paulos, Lucas (10 caps) <br \/>20. Bruni, Rodrigo (19 caps) <br \/>21. Baz\u00e1n V\u00e9lez, Lautaro (4 caps) <br \/>22. S\u00e1nchez, Nicol\u00e1s (96 caps) <br \/>23. Morini, Mat\u00edas (70 caps)<\/p>\n<p> <span class=\"title-related\">Mir\u00e1 tambi\u00e9n<\/span> <\/div>\n","protected":false},"excerpt":{"rendered":"<p>Entre ellas estar\u00e1 la inclusi\u00f3n de Isgr\u00f3, habituado al rugby Seven. En conferencia, el entrenador principal se mostr\u00f3 esperanzado de cara al duelo del s\u00e1bado a las 6:45. El entrenador principal de la Selecci\u00f3n Argentina de rugby, Michael Cheika, confirm\u00f3 al equipo titular que intentar\u00e1 levantar cabeza ante Australia por la segunda fecha del Championship,&nbsp;en [&hellip;]<\/p>\n","protected":false},"author":1,"featured_media":80966,"comment_status":"closed","ping_status":"closed","sticky":false,"template":"","format":"standard","meta":[],"categories":[20],"tags":[],"_links":{"self":[{"href":"http:\/\/cordobainforma.info\/index.php\/wp-json\/wp\/v2\/posts\/80965"}],"collection":[{"href":"http:\/\/cordobainforma.info\/index.php\/wp-json\/wp\/v2\/posts"}],"about":[{"href":"http:\/\/cordobainforma.info\/index.php\/wp-json\/wp\/v2\/types\/post"}],"author":[{"embeddable":true,"href":"http:\/\/cordobainforma.info\/index.php\/wp-json\/wp\/v2\/users\/1"}],"replies":[{"embeddable":true,"href":"http:\/\/cordobainforma.info\/index.php\/wp-json\/wp\/v2\/comments?post=80965"}],"version-history":[{"count":0,"href":"http:\/\/cordobainforma.info\/index.php\/wp-json\/wp\/v2\/posts\/80965\/revisions"}],"wp:featuredmedia":[{"embeddable":true,"href":"http:\/\/cordobainforma.info\/index.php\/wp-json\/wp\/v2\/media\/80966"}],"wp:attachment":[{"href":"http:\/\/cordobainforma.info\/index.php\/wp-json\/wp\/v2\/media?parent=80965"}],"wp:term":[{"taxonomy":"category","embeddable":true,"href":"http:\/\/cordobainforma.info\/index.php\/wp-json\/wp\/v2\/categories?post=80965"},{"taxonomy":"post_tag","embeddable":true,"href":"http:\/\/cordobainforma.info\/index.php\/wp-json\/wp\/v2\/tags?post=80965"}],"curies":[{"name":"wp","href":"https:\/\/api.w.org\/{rel}","templated":true}]}}