{"id":80963,"date":"2023-07-12T16:39:16","date_gmt":"2023-07-12T16:39:16","guid":{"rendered":"https:\/\/somoscordobeses.com\/2023\/07\/12\/dos-presentadores-legendarios-de-telecinco-reaparecen-juntos-en-una-serie-de-antena-3\/"},"modified":"2023-07-12T16:39:16","modified_gmt":"2023-07-12T16:39:16","slug":"dos-presentadores-legendarios-de-telecinco-reaparecen-juntos-en-una-serie-de-antena-3","status":"publish","type":"post","link":"http:\/\/cordobainforma.info\/index.php\/2023\/07\/12\/dos-presentadores-legendarios-de-telecinco-reaparecen-juntos-en-una-serie-de-antena-3\/","title":{"rendered":"Dos presentadores legendarios de Telecinco reaparecen juntos en una serie de Antena 3"},"content":{"rendered":"<p><a href=\"https:\/\/curiosidades.com.ar\" rel=\"dofollow\" onmouseover=\"this.style.color='#fff';\" onmouseout=\"this.style.color='#fff';\">sabias que datos curiosos<\/a><br \/>\n<a href=\"https:\/\/elmonterizo.com\" rel=\"dofollow\" onmouseover=\"this.style.color='#fff';\" onmouseout=\"this.style.color='#fff';\">Ultimas Noticias y datos curiosos<\/a> <\/p>\n<div>\n<p> <strong>\u2018<\/strong><strong>Amar es para siempre<\/strong><strong>\u2018<\/strong>&nbsp;ha tenido un detalle muy significativo con los nost\u00e1lgicos de la televisi\u00f3n de los 90. La serie diaria, que afronta su temporada final en las tardes de<strong>&nbsp;<\/strong>Antena 3, ha reunido en sus tramas a dos actores unidos por un pasado en com\u00fan. <\/p>\n<p> Se trata de&nbsp;Agust\u00edn Bravo&nbsp;y&nbsp;<strong>Andoni Ferre\u00f1o<\/strong>, que en la citada d\u00e9cada presentaron algunos de los programas m\u00e1s m\u00edticos de Telecinco. <\/p>\n<p> El propio Agust\u00edn Bravo, que acaba de incorporarse al serial, ha recogido una story de Tito Almaz\u00e1n en la que pone en valor este reencuentro:&nbsp;<strong>\u00abSolo los nacidos en los 70\/80 se emocionar\u00e1n como yo\u2026 \u00c9pico. Gracias a los directores de casting de Amar es para siempre\u00bb<\/strong>. Unas palabras que el actor agradec\u00eda de esta forma en su cuenta de Instagram: \u00ab\u00a1Eres un cachondo, pero mola! \u00a1\u00c9pico!\u00bb. <\/p>\n<p> Andoni Ferre\u00f1o debut\u00f3 como copresentador en el<strong>&nbsp;\u2018Telecup\u00f3n\u2019<\/strong>&nbsp;de Telecinco junto a&nbsp;<strong>Silvia Mars\u00f3<\/strong>. Fue Agust\u00edn Bravo, precisamente, quien tom\u00f3 su relevo m\u00e1s adelante para capitanear el formato junto a la ya fallecida&nbsp;<strong>Carmen Sevilla<\/strong>.&nbsp;<strong>\u2018Bellezas al agua\u2019&nbsp;<\/strong>fue otro de los espacios que presentaron en distintas etapas. <\/p>\n<p> Bravo y Ferre\u00f1o mantienen una buena relaci\u00f3n de amistad y, adem\u00e1s de su reencuentro televisivo en \u2018Amar es para siempre\u2019, han trabajado juntos en m\u00e1s ocasiones. De hecho,&nbsp;<strong>desde hace varias temporadas protagonizan la obra teatral \u2018Boeing boeing\u2019.<\/strong> <\/p>\n<\/div>\n<nav class=\"navigation post-navigation\" aria-label=\"Continue Reading\">\n<h2 class=\"screen-reader-text\">Continue Reading<\/h2>\n<\/nav>\n","protected":false},"excerpt":{"rendered":"<p>sabias que datos curiosos Ultimas Noticias y datos curiosos \u2018Amar es para siempre\u2018&nbsp;ha tenido un detalle muy significativo con los nost\u00e1lgicos de la televisi\u00f3n de los 90. La serie diaria, que afronta su temporada final en las tardes de&nbsp;Antena 3, ha reunido en sus tramas a dos actores unidos por un pasado en com\u00fan. Se [&hellip;]<\/p>\n","protected":false},"author":1,"featured_media":80964,"comment_status":"closed","ping_status":"closed","sticky":false,"template":"","format":"standard","meta":[],"categories":[2],"tags":[],"_links":{"self":[{"href":"http:\/\/cordobainforma.info\/index.php\/wp-json\/wp\/v2\/posts\/80963"}],"collection":[{"href":"http:\/\/cordobainforma.info\/index.php\/wp-json\/wp\/v2\/posts"}],"about":[{"href":"http:\/\/cordobainforma.info\/index.php\/wp-json\/wp\/v2\/types\/post"}],"author":[{"embeddable":true,"href":"http:\/\/cordobainforma.info\/index.php\/wp-json\/wp\/v2\/users\/1"}],"replies":[{"embeddable":true,"href":"http:\/\/cordobainforma.info\/index.php\/wp-json\/wp\/v2\/comments?post=80963"}],"version-history":[{"count":0,"href":"http:\/\/cordobainforma.info\/index.php\/wp-json\/wp\/v2\/posts\/80963\/revisions"}],"wp:featuredmedia":[{"embeddable":true,"href":"http:\/\/cordobainforma.info\/index.php\/wp-json\/wp\/v2\/media\/80964"}],"wp:attachment":[{"href":"http:\/\/cordobainforma.info\/index.php\/wp-json\/wp\/v2\/media?parent=80963"}],"wp:term":[{"taxonomy":"category","embeddable":true,"href":"http:\/\/cordobainforma.info\/index.php\/wp-json\/wp\/v2\/categories?post=80963"},{"taxonomy":"post_tag","embeddable":true,"href":"http:\/\/cordobainforma.info\/index.php\/wp-json\/wp\/v2\/tags?post=80963"}],"curies":[{"name":"wp","href":"https:\/\/api.w.org\/{rel}","templated":true}]}}