{"id":80959,"date":"2023-07-12T08:30:00","date_gmt":"2023-07-12T08:30:00","guid":{"rendered":"http:\/\/cordobainforma.info\/index.php\/2023\/07\/12\/mercosur-ue-y-la-crisis-macro-de-argentina-las-claves-del-retorno-de-lavagna-a-la-escena-publica\/"},"modified":"2023-07-12T08:30:00","modified_gmt":"2023-07-12T08:30:00","slug":"mercosur-ue-y-la-crisis-macro-de-argentina-las-claves-del-retorno-de-lavagna-a-la-escena-publica","status":"publish","type":"post","link":"http:\/\/cordobainforma.info\/index.php\/2023\/07\/12\/mercosur-ue-y-la-crisis-macro-de-argentina-las-claves-del-retorno-de-lavagna-a-la-escena-publica\/","title":{"rendered":"Mercosur, UE y la crisis macro de Argentina, las claves del retorno de Lavagna a la escena p\u00fablica"},"content":{"rendered":"<div class=\"media_block\"><\/div>\n<div><img src=\"http:\/\/cordobainforma.info\/wp-content\/uploads\/2023\/07\/mercosur-ue-y-la-crisis-macro-de-argentina-las-claves-del-retorno-de-lavagna-a-la-escena-publica.jpg\" class=\"ff-og-image-inserted\"><\/div>\n<p>El exministro de Econom\u00eda,&nbsp;<a target=\"_blank\" href=\"https:\/\/www.perfil.com\/noticias\/modo-fontevecchia\/roberto-lavagna-esto-es-mas-un-desguazamiento-del-pais-que-medidas-que-den-estabilidad-modof.phtml\" rel=\"noopener noreferrer\"><strong>Roberto Lavagna<\/strong><\/a>, <strong>reapareci\u00f3 en la escena p\u00fablica<\/strong>, luego de tres a\u00f1os de ausencia, <strong>con un fuerte escepticismo de un avance real del acuerdo entre el Mercosur y la Uni\u00f3n Europea<\/strong>, debido a las <strong>asimetr\u00edas<\/strong> entre ambos bloques regionales y la <strong>\u201cimposibilidad\u201d de que los pa\u00edses europeos pongan en la mesa de di\u00e1logo herramientas concretas de acercamiento de posiciones<\/strong>. Hay <strong>otro componente central<\/strong>: la necesidad de la Argentina de enfocar sus esfuerzos en resolver la <strong>crisis econ\u00f3mica<\/strong>, que lo quita, incluso, de la competitividad entre sus socios comerciales de la regi\u00f3n.<\/p>\n<p>Lavagna particip\u00f3 en el panel de cierre del seminario \u201cArgentina y la Uni\u00f3n Europea: mirando juntos el futuro\u201d, que pusieron en marcha en Buenos Aires la <strong>Organizaci\u00f3n de Estados Iberoamericanos (OIE)<\/strong> y la <strong>Embajada de Espa\u00f1a<\/strong> en el pa\u00eds. Comparti\u00f3 escena con el presidente de la Uni\u00f3n Industrial Argentina, <strong>Daniel Funes de Rioja<\/strong>; la exsecretaria de Comercio Exterior durante la gesti\u00f3n Cambiemos, <strong>Marisa Bircher<\/strong>; y el exviceministro de Econom\u00eda y director de la consultora PxQ, <strong>Emmanuel \u00c1lvarez Agis<\/strong>.<\/p>\n<p class=\"destacadoNota\"><a target=\"_blank\" href=\"https:\/\/www.perfil.com\/noticias\/economia\/la-comitiva-de-massa-viaja-manana-para-cerrar-el-acuerdo-con-el-fmi.phtml\" rel=\"noopener noreferrer\">La comitiva de Massa viaja este mi\u00e9rcoles para cerrar el acuerdo con el FMI<\/a><\/p>\n<p><strong>Fue el m\u00e1s cr\u00edtico y el m\u00e1s contundente<\/strong> de la mesa de especialistas. Sostuvo que <strong>el acuerdo entre ambos bloques regionales es desequilibrado<\/strong> y s\u00f3lo puede alcanzar un punto de competitividad para ambas partes si es que se ponen sobre la mesa las bases de las diferencias hist\u00f3ricas, o si se pone en marcha un <strong>plan de inversiones europeas en los pa\u00edses latinoamericanos<\/strong> que permitan achicar las diferencias competitivas. \u201cTodos ver\u00edamos con un enorme inter\u00e9s y pasi\u00f3n de que estos dos bloques fueran capaces de alcanzar alg\u00fan acuerdo equilibrado, pero <strong>pasaron 35 a\u00f1os y esto no ocurri\u00f3<\/strong>. Entonces, tratar de preguntarnos por qu\u00e9 no ocurri\u00f3 para ver la viabilidad. Y <strong>no ocurri\u00f3 porque nuestras econom\u00edas no son complementarias<\/strong>, claramente\u00bb, sentenci\u00f3.<\/p>\n<h2>La desconfianza de la \u201cfuga hacia adelante\u201d<\/h2>\n<p>Durante su participaci\u00f3n contrarrest\u00f3 los argumentos de <strong>Bircher, quien fue una de las arquitectas del acuerdo cerrado entre el Mercosur y la UE en 2019<\/strong>, al que le falta la firma de los presidentes y, luego, el aval de los congresos de los pa\u00edses miembros. <strong>Lavagna dijo que ese entendimiento hubo \u201cmucho de voluntarismo\u201d, pero que \u201choy se transform\u00f3 en una situaci\u00f3n de frustraci\u00f3n\u201d<\/strong>. Tambi\u00e9n cosech\u00f3 elogios de \u00c1lvarez Agis y dej\u00f3 a Funes de Rioja m\u00e1s cerca del libre comercio que de la defensa de la industria nacional. Incluso, para algunos de los presentes, sorprendi\u00f3 la vehemencia anti acuerdo con que milit\u00f3 su discurso.<\/p>\n<p>Una fuente de su entorno reconstruy\u00f3 las sensaciones del fugaz regreso a la escena p\u00fablica: <strong>\u201cApenas dije que s\u00ed, ya me arrepent\u00ed. Pero me lo pidi\u00f3 la Embajada de Espa\u00f1a<\/strong>, no pod\u00eda decir que no\u201d. Sucede que el exministro decidi\u00f3 salir de la cotidianidad para esquivar el debate de la grieta entre kirchneristas y macristas. Y si bien se lo vio dialogando con los presentes en los dos <em>breaks<\/em> que hubo en el auditorio de la sede porte\u00f1a de la OIE, esquiv\u00f3 preguntas sobre el estado de situaci\u00f3n de la econom\u00eda dom\u00e9stica. Su hijo Marco es director del Indec y asesor de confianza del ministro <a target=\"_blank\" href=\"https:\/\/www.perfil.com\/noticias\/politica\/massa-vinculo-rodriguez-larreta-muerte-favaloro-jefe-gobierno-se-indigno-hay-limites.phtml\" rel=\"noopener noreferrer\">Sergio Massa<\/a>, con quien mantiene un v\u00ednculo cotidiano, seg\u00fan pudo saber <strong>PERFIL<\/strong>.<\/p>\n<p class=\"destacadoNota\"><a target=\"_blank\" href=\"https:\/\/www.perfil.com\/noticias\/economia\/jubilados-al-mediodia-massa-y-raverta-anuncian-nuevos-beneficios.phtml\" rel=\"noopener noreferrer\">Jubilados: Sergio Massa y Fernanda Raverta anunciaron nuevos Cr\u00e9ditos ANSES de hasta $400.000<\/a><\/p>\n<p>Lavagna dio definiciones contundentes sobre el promocionado acuerdo entre el Mercosur y la UE. <strong>Se quej\u00f3 de la \u201cfuga hacia adelante\u201d<\/strong>, propuesta en ese mismo foro en paneles anteriores, que <strong>ponen a la energ\u00eda como un vector de entendimiento comercial ante las necesidades europeas y las ventajas regionales para responder a esas demandas<\/strong>, para dejar de lado las diferencias que existen en otros puntos sensibles, en torno con las exportaciones de materias primas y con valor agregados. <strong>\u201cEuropa tom\u00f3 una decisi\u00f3n de econom\u00eda pol\u00edtica que es proteger a un sector vital de su econom\u00eda y de su sociedad<\/strong>. Es leg\u00edtimo y entendible dentro de las reglas\u201d, afirm\u00f3, como modo de desestimar un cambio de posici\u00f3n del bloque comercial.<\/p>\n<h2>A Lavagna le preocupa el futuro inmediato de la Argentina<\/h2>\n<p>El exministro de Econom\u00eda durante las gestiones presidenciales de <strong>Eduardo Duhalde<\/strong> y de los dos primeros a\u00f1os de <strong>N\u00e9stor Kirchner<\/strong> <strong>le rest\u00f3 importancia al <a target=\"_blank\" href=\"https:\/\/www.perfil.com\/noticias\/elobservador\/estamos-cerca-del-acuerdo-mercosur-ue.phtml\" rel=\"noopener noreferrer\">acuerdo entre el Mercosur y la UE<\/a><\/strong><a target=\"_blank\" href=\"https:\/\/www.perfil.com\/noticias\/elobservador\/estamos-cerca-del-acuerdo-mercosur-ue.phtml\" rel=\"noopener noreferrer\">,<\/a> y eligi\u00f3 poner a la crisis macroecon\u00f3mica del pa\u00eds como eje para analizar la conveniencia de la continuidad del debate comercial. <strong>\u201cEl futuro de Argentina no depende del acuerdo con el Mercosur ni lo que pueda hacer con la Uni\u00f3n Europea<\/strong>. La magnitud de los problemas internos hace que estas sean discusiones importantes, pero no decisivas. El Brexit sirve para entender: Gran Breta\u00f1a no desapareci\u00f3 por haberse ido, pero s\u00ed&nbsp;se le complic\u00f3 la situaci\u00f3n econ\u00f3mica en distintos planos\u201d, sostuvo. Y a pesar de no haberse hecho ninguna menci\u00f3n, el postergado acuerdo del pa\u00eds con el Fondo Monetario Internacional sobrevol\u00f3 el clima del auditorio en donde se realiz\u00f3 el evento.<\/p>\n<p><strong>Lavagna est\u00e1 preocupado por el futuro inmediato de la Argentina. \u201cLa gente no come palabras<\/strong>, sino el bienestar que una econom\u00eda puede producir\u201d, sostuvo, como modo de criticar al acuerdo con la UE por ser un debate que no tiene punto de anclaje en la agenda real de la sociedad, analiz\u00f3. Seg\u00fan su entorno, <strong>es elogioso del proceso de estabilizaci\u00f3n que realiz\u00f3 Massa<\/strong> desde su llegada al Palacio de Hacienda hace poco menos de un a\u00f1o. Y descree que todos los planes para aplicarse despu\u00e9s del recambio presidencial est\u00e9n alineados en favor del mercado. <strong>\u201cEn enero hablamos\u201d<\/strong>, suele decir, cuando le quieren sacar su parecer sobre el programa que deber\u00eda tener el pr\u00f3ximo jefe de Estado. \u201cNo va a hacer lo mismo Massa, (<strong>Horacio) Rodr\u00edguez Larreta<\/strong> o (<strong>Patricia) Bullrich<\/strong>\u201d, aclara.<\/p>\n<p class=\"destacadoNota\"><a target=\"_blank\" href=\"https:\/\/www.perfil.com\/noticias\/economia\/cuanto-necesita-una-familia-para-ser-de-clase-media-en-caba-junio-2023.phtml\" rel=\"noopener noreferrer\">Cu\u00e1nto necesita una familia para ser de clase media en la Ciudad de Buenos Aires<\/a><\/p>\n<p><strong>\u201cNo podemos pedir mucho y dar poco. Es lo que ocurre con la Uni\u00f3n Europea. Pide mucho con grandes temas, como la denominaci\u00f3n de origen, con seguridad fitosanitaria y, ahora, con el pacto verde<\/strong>. Ah\u00ed est\u00e1 la inteligencia de introducir estas cosas, como el tema medioambiental\u201d, se quej\u00f3 Lavagna. Aunque, aclar\u00f3: \u201cEl esfuerzo hay que hacerlo, pero sobre bases realistas, de las cuales resulte un equilibrio conceptual, pero tambi\u00e9n de los n\u00fameros concretos, que son el comercio, las inversiones y dem\u00e1s\u2026 <strong>Si a la parte comercial le adosamos inversiones<\/strong>, que se concretan <em>pari passu<\/em> con lo comercial, <strong>puede haber equilibrio que beneficie a las dos partes\u201d<\/strong>, destac\u00f3, como \u00fanica salida a un acuerdo que promete sostener durante muchos a\u00f1os en t\u00e9rminos congelados.<\/p>\n<p><em>AM \/ ED<\/em><\/p>\n<div class=\"article__tags\">\n<p>En esta Nota<\/p>\n<\/p><\/div>\n","protected":false},"excerpt":{"rendered":"<p>El exministro de Econom\u00eda,&nbsp;Roberto Lavagna, reapareci\u00f3 en la escena p\u00fablica, luego de tres a\u00f1os de ausencia, con un fuerte escepticismo de un avance real del acuerdo entre el Mercosur y la Uni\u00f3n Europea, debido a las asimetr\u00edas entre ambos bloques regionales y la \u201cimposibilidad\u201d de que los pa\u00edses europeos pongan en la mesa de di\u00e1logo [&hellip;]<\/p>\n","protected":false},"author":1,"featured_media":80960,"comment_status":"closed","ping_status":"closed","sticky":false,"template":"","format":"standard","meta":[],"categories":[2],"tags":[],"_links":{"self":[{"href":"http:\/\/cordobainforma.info\/index.php\/wp-json\/wp\/v2\/posts\/80959"}],"collection":[{"href":"http:\/\/cordobainforma.info\/index.php\/wp-json\/wp\/v2\/posts"}],"about":[{"href":"http:\/\/cordobainforma.info\/index.php\/wp-json\/wp\/v2\/types\/post"}],"author":[{"embeddable":true,"href":"http:\/\/cordobainforma.info\/index.php\/wp-json\/wp\/v2\/users\/1"}],"replies":[{"embeddable":true,"href":"http:\/\/cordobainforma.info\/index.php\/wp-json\/wp\/v2\/comments?post=80959"}],"version-history":[{"count":0,"href":"http:\/\/cordobainforma.info\/index.php\/wp-json\/wp\/v2\/posts\/80959\/revisions"}],"wp:featuredmedia":[{"embeddable":true,"href":"http:\/\/cordobainforma.info\/index.php\/wp-json\/wp\/v2\/media\/80960"}],"wp:attachment":[{"href":"http:\/\/cordobainforma.info\/index.php\/wp-json\/wp\/v2\/media?parent=80959"}],"wp:term":[{"taxonomy":"category","embeddable":true,"href":"http:\/\/cordobainforma.info\/index.php\/wp-json\/wp\/v2\/categories?post=80959"},{"taxonomy":"post_tag","embeddable":true,"href":"http:\/\/cordobainforma.info\/index.php\/wp-json\/wp\/v2\/tags?post=80959"}],"curies":[{"name":"wp","href":"https:\/\/api.w.org\/{rel}","templated":true}]}}