{"id":80948,"date":"2023-07-12T03:54:04","date_gmt":"2023-07-12T03:54:04","guid":{"rendered":"http:\/\/cordobainforma.info\/index.php\/2023\/07\/12\/cordoba-reemplazan-durmientes-de-quebracho-por-plasticos-nacionales-aim-digital\/"},"modified":"2023-07-12T03:54:04","modified_gmt":"2023-07-12T03:54:04","slug":"cordoba-reemplazan-durmientes-de-quebracho-por-plasticos-nacionales-aim-digital","status":"publish","type":"post","link":"http:\/\/cordobainforma.info\/index.php\/2023\/07\/12\/cordoba-reemplazan-durmientes-de-quebracho-por-plasticos-nacionales-aim-digital\/","title":{"rendered":"<b>C\u00f3rdoba<\/b>: Reemplazan durmientes de quebracho por pl\u00e1sticos &#8211; Nacionales | AIM Digital"},"content":{"rendered":"<p><b>C\u00f3rdoba<\/b>: Reemplazan durmientes de quebracho por pl\u00e1sticos &#8230; pensar en la <b>econom\u00eda<\/b> circular y en c\u00f3mo generar el menor impacto ambiental\u201d. <\/p>\n","protected":false},"excerpt":{"rendered":"<p>C\u00f3rdoba: Reemplazan durmientes de quebracho por pl\u00e1sticos &#8230; pensar en la econom\u00eda circular y en c\u00f3mo generar el menor impacto ambiental\u201d.<\/p>\n","protected":false},"author":1,"featured_media":0,"comment_status":"closed","ping_status":"closed","sticky":false,"template":"","format":"standard","meta":[],"categories":[23],"tags":[],"_links":{"self":[{"href":"http:\/\/cordobainforma.info\/index.php\/wp-json\/wp\/v2\/posts\/80948"}],"collection":[{"href":"http:\/\/cordobainforma.info\/index.php\/wp-json\/wp\/v2\/posts"}],"about":[{"href":"http:\/\/cordobainforma.info\/index.php\/wp-json\/wp\/v2\/types\/post"}],"author":[{"embeddable":true,"href":"http:\/\/cordobainforma.info\/index.php\/wp-json\/wp\/v2\/users\/1"}],"replies":[{"embeddable":true,"href":"http:\/\/cordobainforma.info\/index.php\/wp-json\/wp\/v2\/comments?post=80948"}],"version-history":[{"count":0,"href":"http:\/\/cordobainforma.info\/index.php\/wp-json\/wp\/v2\/posts\/80948\/revisions"}],"wp:attachment":[{"href":"http:\/\/cordobainforma.info\/index.php\/wp-json\/wp\/v2\/media?parent=80948"}],"wp:term":[{"taxonomy":"category","embeddable":true,"href":"http:\/\/cordobainforma.info\/index.php\/wp-json\/wp\/v2\/categories?post=80948"},{"taxonomy":"post_tag","embeddable":true,"href":"http:\/\/cordobainforma.info\/index.php\/wp-json\/wp\/v2\/tags?post=80948"}],"curies":[{"name":"wp","href":"https:\/\/api.w.org\/{rel}","templated":true}]}}