{"id":80914,"date":"2023-07-12T05:43:53","date_gmt":"2023-07-12T05:43:53","guid":{"rendered":"http:\/\/cordobainforma.info\/index.php\/2023\/07\/12\/primer-ministro-hungaro-en-vez-de-suministrar-armas-a-ucrania-debemos-traer-la-paz\/"},"modified":"2023-07-12T05:43:53","modified_gmt":"2023-07-12T05:43:53","slug":"primer-ministro-hungaro-en-vez-de-suministrar-armas-a-ucrania-debemos-traer-la-paz","status":"publish","type":"post","link":"http:\/\/cordobainforma.info\/index.php\/2023\/07\/12\/primer-ministro-hungaro-en-vez-de-suministrar-armas-a-ucrania-debemos-traer-la-paz\/","title":{"rendered":"Primer ministro h\u00fangaro: \u00abEn vez de suministrar armas a Ucrania, debemos traer la paz\u00bb"},"content":{"rendered":"<p><img src=\"http:\/\/cordobainforma.info\/wp-content\/uploads\/2023\/07\/primer-ministro-hungaro-en-vez-de-suministrar-armas-a-ucrania-debemos-traer-la-paz.jpg\"><\/p>\n<div readability=\"32\">\n<p><span>Publicado:<\/span><time class=\"Timestamp-root Timestamp-isBlackColor \" datetime=\"2023-07-12T05:43:53+00:00\"> 12 jul 2023 05:43 GMT <\/time><\/p>\n<\/div>\n<div readability=\"35\">\n<p> La OTAN \u00abfue creada para proteger sus Estados miembros, no para llevar a cabo acciones militares en el territorio de otros pa\u00edses\u00bb, se\u00f1al\u00f3 Viktor Orb\u00e1n. <\/p>\n<\/div>\n<div readability=\"65.554054054054\">\n<p>\u00abEn vez de suministrar armas a Ucrania, debemos traer la paz\u00bb,&nbsp;<a href=\"https:\/\/twitter.com\/PM_ViktorOrban\/status\/1678788530200354816\" target=\"_blank\" rel=\"noopener noreferrer\">declar\u00f3<\/a> este martes el primer ministro de Hungr\u00eda, Viktor Orb\u00e1n, con referencia a la OTAN. As\u00ed lo afirm\u00f3 en un video grabado en Vilna, la capital de Lituania, donde se celebra la cumbre de la Alianza Atl\u00e1ntica.<\/p>\n<p>\u00abEl cese al fuego es necesario, y en vez de guerra,&nbsp; deben comenzar negociaciones de paz lo antes posible\u00bb, defendi\u00f3 Orb\u00e1n. Agreg\u00f3 que el conflicto en Ucrania est\u00e1 en el \u00abvecindario\u00bb de su pa\u00eds y \u00abdecenas de miles de h\u00fangaros est\u00e1n en peligro inmediato, ya que hay h\u00fangaros que viven en Transcarpatia\u00bb.<\/p>\n<div class=\"ReadMore-root Section-root Section-is1to3-xs_is1to1\" data-widgets=\"ReadMore\">\n<div class=\"Section-container Section-isRow-isTop-isWrap\">\n<article class=\"Card-root Card-is1to1 \">\n<div class=\"Card-imageWrap\">\n<div class=\"Card-picture\"> <picture class=\"Picture-root Picture-default\"><!--[if IE 9]><video style=\"display: none;\"><![endif]--><source media=\"(-webkit-min-device-pixel-ratio: 2) and (min-resolution: 120dpi)\" srcset=\"http:\/\/cordobainforma.info\/wp-content\/uploads\/2023\/07\/primer-ministro-hungaro-en-vez-de-suministrar-armas-a-ucrania-debemos-traer-la-paz-2.jpg 850w, http:\/\/cordobainforma.info\/wp-content\/uploads\/2023\/07\/primer-ministro-hungaro-en-vez-de-suministrar-armas-a-ucrania-debemos-traer-la-paz-3.jpg 1960w\"><source srcset=\"http:\/\/cordobainforma.info\/wp-content\/uploads\/2023\/07\/primer-ministro-hungaro-en-vez-de-suministrar-armas-a-ucrania-debemos-traer-la-paz-2.jpg 460w, http:\/\/cordobainforma.info\/wp-content\/uploads\/2023\/07\/primer-ministro-hungaro-en-vez-de-suministrar-armas-a-ucrania-debemos-traer-la-paz-3.jpg 980w\"><!--[if IE 9]><\/video><![endif]--><img data-sizes=\"auto\" src=\"http:\/\/cordobainforma.info\/wp-content\/uploads\/2023\/07\/primer-ministro-hungaro-en-vez-de-suministrar-armas-a-ucrania-debemos-traer-la-paz-2.jpg\" class=\"Picture-root Picture-default lazyload\" alt=\"Orb\u00e1n: &quot;Hungr\u00eda no dar\u00e1 m\u00e1s dinero a Ucrania hasta que diga ad\u00f3nde fueron los fondos anteriores&quot;\"><\/picture><!-- noscript pattern --><noscript><img src=\"http:\/\/cordobainforma.info\/wp-content\/uploads\/2023\/07\/primer-ministro-hungaro-en-vez-de-suministrar-armas-a-ucrania-debemos-traer-la-paz-3.jpg\" alt=\"Orb\u00e1n: &quot;Hungr\u00eda no dar\u00e1 m\u00e1s dinero a Ucrania hasta que diga ad\u00f3nde fueron los fondos anteriores&quot;\"><\/noscript> <\/div><\/div>\n<\/article><\/div><\/div>\n<p>De acuerdo con el mandatario, la OTAN \u00abno tiene que cambiar su postura anterior\u00bb y debe seguir siendo una \u00abalianza militar de defensa\u00bb. \u00abFue&nbsp;creada para proteger sus Estados miembros, no para llevar a cabo acciones militares en el territorio de otros pa\u00edses\u00bb, argument\u00f3.<\/p>\n<p>Seg\u00fan \u00e9l, la Alianza Atl\u00e1ntica no tiene que enviar tropas, suministrar armas o entrenar unidades militares de combate de las Fuerzas Armadas ucranianas, sino tratar de \u00abfortalecer las capacidades de defensa de sus propios Estados miembros\u00bb. \u00abEso es lo necesario y correcto, y Hungr\u00eda lo apoyar\u00e1\u00bb, concluy\u00f3 Orb\u00e1n.<\/p>\n<\/div>\n","protected":false},"excerpt":{"rendered":"<p>Publicado: 12 jul 2023 05:43 GMT La OTAN \u00abfue creada para proteger sus Estados miembros, no para llevar a cabo acciones militares en el territorio de otros pa\u00edses\u00bb, se\u00f1al\u00f3 Viktor Orb\u00e1n. \u00abEn vez de suministrar armas a Ucrania, debemos traer la paz\u00bb,&nbsp;declar\u00f3 este martes el primer ministro de Hungr\u00eda, Viktor Orb\u00e1n, con referencia a la [&hellip;]<\/p>\n","protected":false},"author":1,"featured_media":80915,"comment_status":"closed","ping_status":"closed","sticky":false,"template":"","format":"standard","meta":[],"categories":[22],"tags":[],"_links":{"self":[{"href":"http:\/\/cordobainforma.info\/index.php\/wp-json\/wp\/v2\/posts\/80914"}],"collection":[{"href":"http:\/\/cordobainforma.info\/index.php\/wp-json\/wp\/v2\/posts"}],"about":[{"href":"http:\/\/cordobainforma.info\/index.php\/wp-json\/wp\/v2\/types\/post"}],"author":[{"embeddable":true,"href":"http:\/\/cordobainforma.info\/index.php\/wp-json\/wp\/v2\/users\/1"}],"replies":[{"embeddable":true,"href":"http:\/\/cordobainforma.info\/index.php\/wp-json\/wp\/v2\/comments?post=80914"}],"version-history":[{"count":0,"href":"http:\/\/cordobainforma.info\/index.php\/wp-json\/wp\/v2\/posts\/80914\/revisions"}],"wp:featuredmedia":[{"embeddable":true,"href":"http:\/\/cordobainforma.info\/index.php\/wp-json\/wp\/v2\/media\/80915"}],"wp:attachment":[{"href":"http:\/\/cordobainforma.info\/index.php\/wp-json\/wp\/v2\/media?parent=80914"}],"wp:term":[{"taxonomy":"category","embeddable":true,"href":"http:\/\/cordobainforma.info\/index.php\/wp-json\/wp\/v2\/categories?post=80914"},{"taxonomy":"post_tag","embeddable":true,"href":"http:\/\/cordobainforma.info\/index.php\/wp-json\/wp\/v2\/tags?post=80914"}],"curies":[{"name":"wp","href":"https:\/\/api.w.org\/{rel}","templated":true}]}}