{"id":80910,"date":"2023-07-11T10:24:40","date_gmt":"2023-07-11T10:24:40","guid":{"rendered":"https:\/\/www.mujerhoy.com\/vivir\/ocio\/playa-espanola-aguas-turquesas-calas-castillo-verano-20230711103058-nt.html"},"modified":"2023-07-11T10:24:40","modified_gmt":"2023-07-11T10:24:40","slug":"la-playa-espanola-con-aguas-turquesas-que-tienes-que-visitar-este-verano-y-otras-tres-que-tambien-te-enamoraran","status":"publish","type":"post","link":"http:\/\/cordobainforma.info\/index.php\/2023\/07\/11\/la-playa-espanola-con-aguas-turquesas-que-tienes-que-visitar-este-verano-y-otras-tres-que-tambien-te-enamoraran\/","title":{"rendered":"La playa espa\u00f1ola con aguas turquesas que tienes que visitar este verano (y otras tres que tambi\u00e9n te enamorar\u00e1n)"},"content":{"rendered":"<p><!-- AUTHOR --><\/p>\n<div class=\"voc-author-timesocial \"><!-- AUTHOR --><\/p>\n<div class=\"voc-author-timesocial__signature\"><!-- IMAGE AUTHOR --><picture class=\"voc-image-signature\"><img class=\"voc-image-signature__img\" src=\"http:\/\/cordobainforma.info\/wp-content\/uploads\/2023\/07\/la-playa-espanola-con-aguas-turquesas-que-tienes-que-visitar-este-verano-y-otras-tres-que-tambien-te-enamoraran.jpg\" alt=\"Elena Romero Vargas\"><\/picture><!-- INFO AUTHOR --><\/div>\n<\/div>\n<p><!-- COMPONENTS --><\/p>\n<p class=\"voc-paragraph\">Recon\u00f3celo: todas so\u00f1amos con unas vacaciones en un entorno paradis\u00edaco, pasando nuestros d\u00edas de descanso en <strong>playas de aguas turquesas<\/strong> que potencien esa sensaci\u00f3n de desconexi\u00f3n y relax que tanto necesitamos a estas alturas del a\u00f1o. Si este es tu plan para este verano, tenemos una buena noticia para ti, y es que no tendr\u00e1s que salir del pa\u00eds para dar con este entorno, porque Espa\u00f1a cuenta con <a data-voc-vtm-id=\"in-text-traffic\" href=\"https:\/\/www.mujerhoy.com\/vivir\/ocio\/playas-virgenes-espana-mas-bonitas-norte-sur-planes-verano-20230626141258-nt.html\" title=\"www.mujerhoy.com\">playas preciosas <\/a>donde cumplir tu sue\u00f1o estival.\n<\/p>\n<p class=\"voc-paragraph\">Los 8.000 kil\u00f3metros de costa que tiene Espa\u00f1a cuentan con <strong>todos los paisajes de playa que puedas imaginar<\/strong>. Las hay para todos los gustos: rodeadas de acantilados, con vegetaci\u00f3n aut\u00f3ctona, con kil\u00f3metros de arena llenos de vida o con olas que son la delicia de los amantes de los <a data-voc-vtm-id=\"in-text-traffic\" href=\"https:\/\/www.mujerhoy.com\/vivir\/fitness\/elsa-pataky-surf-beneficios-adelgaza-tonifica-20230506153323-nt.html\" title=\"www.mujerhoy.com\">deportes acu\u00e1ticos<\/a>. Y, por supuesto, tambi\u00e9n con aguas turquesas y cristalinas de una belleza \u00fanica.\n<\/p>\n<p class=\"voc-paragraph\">Uno de los enclaves espa\u00f1oles donde se ubican buena parte de estas playas es la <strong>Costa Daurada<\/strong>, en Tarragona. En ella podr\u00e1s encontrar un sinf\u00edn de calas de diversas caracter\u00edsticas, pero tambi\u00e9n una oferta tur\u00edstica y cultural riqu\u00edsima que pondr\u00e1n la guinda del pastel a tus vacaciones. Y s\u00ed, tambi\u00e9n est\u00e1 en ella la playa de aguas turquesas m\u00e1s famosa y espectacular del pa\u00eds: <strong>Cala Jovera<\/strong>.\n<\/p>\n<p><h3 class=\"voc-detail__title\"> Cala Jovera, Tarragona<br \/>\n<\/h3>\n<\/p>\n<div class=\"voc-detail__cmp\">\n<div class=\"voc-article-container\">\n<article class=\"voc-article voc-article--cmp-photo-text\" readability=\"26.5\">\n<div class=\"voc-img-container\" readability=\"8\"><picture>\n<div class=\"voc-horizontal voc-img-icon-link\"><img class=\"lazy\" loading=\"lazy\" data-original=\"\/\/static2.mujerhoy.com\/www\/multimedia\/202307\/11\/media\/cortadas\/cala-jovera-tarragona-kW5--624x624@MujerHoy.jpg\" alt=\"Cala Jovera, Tarragona\"><\/div>\n<\/picture>\n<p class=\"figure-caption \"> Cala Jovera, Tarragona \/ <span class=\"voc-photo-author\"> turismo tarragona <\/span><\/p>\n<\/div>\n<\/article>\n<\/div>\n<\/div>\n<p class=\"voc-paragraph\">Cala Jovera es una <strong>playa virgen <\/strong>de apenas 90 metros de longitud situada en el <a data-voc-vtm-id=\"in-text-traffic\" href=\"https:\/\/www.mujerhoy.com\/vivir\/ocio\/201806\/20\/mejores-playas-catalanas-60108350649-ga.html\" title=\"www.mujerhoy.com\">litoral catal\u00e1n<\/a>. Rodeada de pinares y otras plantas aut\u00f3ctonas, esta cala de arena dorada presume de respetar todas las bondades naturales con las que cuenta y que le han valido el <strong>galard\u00f3n de Playas V\u00edrgenes <\/strong>del litoral de Tarragona.\n<\/p>\n<p class=\"voc-paragraph\">Pero lo natural no es lo \u00fanico que sobresale de ella. La cala se encuentra a los pies del <strong>Castillo de Tamarit<\/strong>, una obra rom\u00e1nica que data del S.X-XII y que refuerza la majestuosidad de los acantilados que abrazan sus aguas cristalinas.\n<\/p>\n<p class=\"voc-paragraph\">Sin duda, esta playa es el<br \/>\n<strong> trocito de para\u00edso <\/strong>que estabas buscando para tu verano. Pero si quieres explorar otras zonas de Espa\u00f1a que tambi\u00e9n tengan este color tan particular en sus aguas, estas otras localizaciones son para ti:\n<\/p>\n<p><h3 class=\"voc-detail__title\"> Ses Illetes, Formentera<br \/>\n<\/h3>\n<\/p>\n<div class=\"voc-detail__cmp\">\n<div class=\"voc-article-container\">\n<article class=\"voc-article voc-article--cmp-photo-text\" readability=\"26.5\">\n<div class=\"voc-img-container\" readability=\"8\"><picture>\n<div class=\"voc-horizontal voc-img-icon-link\"><img class=\"lazy\" loading=\"lazy\" data-original=\"\/\/static2.mujerhoy.com\/www\/multimedia\/202307\/11\/media\/cortadas\/ses-illetes-formentera-getty-kpiF--624x624@MujerHoy.jpg\" alt=\"Ses Illetes, Formentera\"><\/div>\n<\/picture>\n<p class=\"figure-caption \"> Ses Illetes, Formentera \/ <span class=\"voc-photo-author\"> GETTY <\/span><\/p>\n<\/div>\n<\/article>\n<\/div>\n<\/div>\n<p class=\"voc-paragraph\">La fama de <a data-voc-vtm-id=\"in-text-traffic\" href=\"https:\/\/www.mujerhoy.com\/vivir\/ocio\/planes-que-hace-en-ibiza-formentera-restaurantes-discotecas-mejor-hotel-puesta-del-sol-20220802125636-nt.html\" title=\"www.mujerhoy.com\">Formentera <\/a>est\u00e1 m\u00e1s que merecida, y una de las playas que as\u00ed lo corrobora es <strong>Ses Illetes<\/strong>. Se encuentra dentro del Parque Natural de Ses Salines de Eivissa y Formentera, y recibe su nombre por las diferentes islas que salpican su paisaje.\n<\/p>\n<p class=\"voc-paragraph\">Al pisar la <strong>arena blanca de esta playa <\/strong>podr\u00e1s disfrutar de la paz que transmiten sus aguas cristalinas de un azul tan especial que no lo olvidar\u00e1s jam\u00e1s. Tanto si eres de las que disfrutan de un ba\u00f1o largo o de las que prefieren pasear sus orillas, en Ses Illetes hay un plan para ti.\n<\/p>\n<p><h3 class=\"voc-detail__title\"> Cala del Moraig, Poble Nou de Benitatxell<br \/>\n<\/h3>\n<\/p>\n<div class=\"voc-detail__cmp\">\n<div class=\"voc-article-container\">\n<article class=\"voc-article voc-article--cmp-photo-text\" readability=\"26.5\">\n<div class=\"voc-img-container\" readability=\"8\"><picture>\n<div class=\"voc-horizontal voc-img-icon-link\"><img class=\"lazy\" loading=\"lazy\" data-original=\"\/\/static3.mujerhoy.com\/www\/multimedia\/202307\/11\/media\/cortadas\/cala-moraig-valencia-getty-kpiF--624x624@MujerHoy.jpg\" alt=\"Cala del Moraig, Poble Nou de Benitatxell\"><\/div>\n<\/picture>\n<p class=\"figure-caption \"> Cala del Moraig, Poble Nou de Benitatxell \/ <span class=\"voc-photo-author\"> getty <\/span><\/p>\n<\/div>\n<\/article>\n<\/div>\n<\/div>\n<p class=\"voc-paragraph\">Entre J\u00e1vea y Moraira, en la <a data-voc-vtm-id=\"in-text-traffic\" href=\"https:\/\/www.mujerhoy.com\/vivir\/ocio\/201806\/19\/mejores-playas-valencia-6095500378-ga.html\" title=\"www.mujerhoy.com\">Comunidad Valenciana<\/a>, se encuentra la <strong>Cala del Moraig<\/strong>. Sus 300 metros de longitud albergan su mar de aguas turquesas y cristalinas y grava. Est\u00e1 rodeada de acantilados y vegetaci\u00f3n aut\u00f3ctona que, aunque hace un poco dif\u00edcil su acceso, hacen que visitarla merezca la pena.\n<\/p>\n<p class=\"voc-paragraph\">Para disfrutar de sus vistas cuenta con un mirador para deleitarte con la particularidad de su mar y la belleza del paisaje, pero si eres de las que prefieres pasar los d\u00edas pegada al mar, esta cala est\u00e1 perfectamente capacitada para que coloques tu toalla y te prepares para pasar el mejor verano de tu vida. <\/p>\n<p><h3 class=\"voc-detail__title\"> Cala Macarella y Cala Macarelleta, Menorca<br \/>\n<\/h3>\n<\/p>\n<div class=\"voc-detail__cmp\">\n<div class=\"voc-article-container\">\n<article class=\"voc-article voc-article--cmp-photo-text\" readability=\"26.5\">\n<div class=\"voc-img-container\" readability=\"8\"><picture>\n<div class=\"voc-horizontal voc-img-icon-link\"><img class=\"lazy\" loading=\"lazy\" data-original=\"\/\/static1.mujerhoy.com\/www\/multimedia\/202307\/11\/media\/cortadas\/cala-macarella-getty-kpiF--624x624@MujerHoy.jpg\" alt=\"Cala Macarella y Cala Macarelleta, Menorca\"><\/div>\n<\/picture>\n<p class=\"figure-caption \"> Cala Macarella y Cala Macarelleta, Menorca \/ <span class=\"voc-photo-author\"> getty <\/span><\/p>\n<\/div>\n<\/article>\n<\/div>\n<\/div>\n<p class=\"voc-paragraph\">No es casualidad que en verano estas calas de <a data-voc-vtm-id=\"in-text-traffic\" href=\"https:\/\/www.mujerhoy.com\/vivir\/ocio\/hotel-lujo-menorca-mahon-baleares-can-alberti-yoga-escapada-viajes-turismo-20230317113634-nt.html\" title=\"www.mujerhoy.com\">Menorca <\/a>se llenen de turistas y locales que pasen por all\u00ed para disfrutar de ellas. Las <strong>calas Macarella y Macarelleta <\/strong>son dos zonas v\u00edrgenes con aguar turquesas que se han hecho con el t\u00edtulo de grandes estrellas de la isla. Sus aguas est\u00e1n rodeadas de pinares y acantilados que no han sufrido la acci\u00f3n del hombre y que es precisamente eso lo que le da su encanto especial.\n<\/p>\n<p class=\"voc-paragraph\">Una de las opciones m\u00e1s divertidas para recorrer estas calas es hacerlo<br \/>\n<strong> en barco<\/strong>. Sin duda, un plan especial que te permitir\u00e1 pasar un d\u00eda en el mar apreciando cada rinc\u00f3n de esta zona mientras te empapas de la belleza singular de su paisaje.\n<\/p>\n<p><!-- TOPICS --><\/p>\n","protected":false},"excerpt":{"rendered":"<p>Recon\u00f3celo: todas so\u00f1amos con unas vacaciones en un entorno paradis\u00edaco, pasando nuestros d\u00edas de descanso en playas de aguas turquesas que potencien esa sensaci\u00f3n de desconexi\u00f3n y relax que tanto necesitamos a estas alturas del a\u00f1o. Si este es tu plan para este verano, tenemos una buena noticia para ti, y es que no tendr\u00e1s [&hellip;]<\/p>\n","protected":false},"author":1,"featured_media":80911,"comment_status":"open","ping_status":"closed","sticky":false,"template":"","format":"standard","meta":[],"categories":[18],"tags":[],"_links":{"self":[{"href":"http:\/\/cordobainforma.info\/index.php\/wp-json\/wp\/v2\/posts\/80910"}],"collection":[{"href":"http:\/\/cordobainforma.info\/index.php\/wp-json\/wp\/v2\/posts"}],"about":[{"href":"http:\/\/cordobainforma.info\/index.php\/wp-json\/wp\/v2\/types\/post"}],"author":[{"embeddable":true,"href":"http:\/\/cordobainforma.info\/index.php\/wp-json\/wp\/v2\/users\/1"}],"replies":[{"embeddable":true,"href":"http:\/\/cordobainforma.info\/index.php\/wp-json\/wp\/v2\/comments?post=80910"}],"version-history":[{"count":0,"href":"http:\/\/cordobainforma.info\/index.php\/wp-json\/wp\/v2\/posts\/80910\/revisions"}],"wp:featuredmedia":[{"embeddable":true,"href":"http:\/\/cordobainforma.info\/index.php\/wp-json\/wp\/v2\/media\/80911"}],"wp:attachment":[{"href":"http:\/\/cordobainforma.info\/index.php\/wp-json\/wp\/v2\/media?parent=80910"}],"wp:term":[{"taxonomy":"category","embeddable":true,"href":"http:\/\/cordobainforma.info\/index.php\/wp-json\/wp\/v2\/categories?post=80910"},{"taxonomy":"post_tag","embeddable":true,"href":"http:\/\/cordobainforma.info\/index.php\/wp-json\/wp\/v2\/tags?post=80910"}],"curies":[{"name":"wp","href":"https:\/\/api.w.org\/{rel}","templated":true}]}}