{"id":80853,"date":"2023-07-12T01:59:36","date_gmt":"2023-07-12T01:59:36","guid":{"rendered":"https:\/\/www.clarin.com\/deportes\/lionel-messi-revelo-vio-pase-magico-montiel-qatar-2022-voy-jugar-seleccion-_0_94oqzkp1wc.html"},"modified":"2023-07-12T01:59:36","modified_gmt":"2023-07-12T01:59:36","slug":"lionel-messi-revelo-como-vio-el-pase-magico-a-molina-en-qatar-2022-ni-yo-se-hasta-cuando-voy-a-jugar-en-la-seleccion","status":"publish","type":"post","link":"http:\/\/cordobainforma.info\/index.php\/2023\/07\/12\/lionel-messi-revelo-como-vio-el-pase-magico-a-molina-en-qatar-2022-ni-yo-se-hasta-cuando-voy-a-jugar-en-la-seleccion\/","title":{"rendered":"Lionel Messi revel\u00f3 c\u00f3mo vio el pase m\u00e1gico a Molina en Qatar 2022: \u00abNi yo s\u00e9 hasta cu\u00e1ndo voy a jugar en la Selecci\u00f3n\u00bb"},"content":{"rendered":"<p><img src=\"http:\/\/cordobainforma.info\/wp-content\/uploads\/2023\/07\/lionel-messi-revelo-como-vio-el-pase-magico-a-molina-en-qatar-2022-ni-yo-se-hasta-cuando-voy-a-jugar-en-la-seleccion.jpg\"><\/p>\n<p>Cu\u00e1ntos a\u00f1os en Argentina so\u00f1amos con ver la figura de <strong>Lionel Messi<\/strong> levantando la Copa del Mundo que supo tener en sus brazos <strong>Diego Armando Maradona<\/strong>, entre otros tantos jugadores de la Selecci\u00f3n Argentina. Hasta \u00e9l mismo lo imagin\u00f3 tantas veces tener en un recuadro esa imagen luego de superar&nbsp;las diferentes frustraciones que le tocaron pasar en la Albiceleste, mientras en Barcelona, donde jugaba en aquella \u00e9poca, era todo color de rosa. Y con el final del t\u00fanel cada vez m\u00e1s cerca, una pregunta recurrente aparece: <strong>\u00bf\u00bbHasta cu\u00e1ndo seguir\u00e1 la Pulga en el seleccionado?\u00bb<\/strong>.<\/p>\n<p>\u00abDespu\u00e9s de la tormenta siempre sale el sol\u00bb, dice un refr\u00e1n cotidiano en Argentina. Y de eso Leo sabe mucho. Despu\u00e9s de haber superado una larga etapa envuelto de cr\u00edticas en su desempe\u00f1o con la Selecci\u00f3n argentina, el 18 de diciembre revirti\u00f3 toda aquella tristeza en alegr\u00eda levantando la Copa del Mundo. De ese momento, todo el camino para lograr el t\u00edtulo m\u00e1s deseado por \u00e9l -y por todos los futbolistas-, las frustraciones y la <em>Scaloneta<\/em>, se anim\u00f3 a hablar en el programa \u00ab<strong>Llave a la Eternidad\u00bb<\/strong> de la TV P\u00fablica, que se grab\u00f3 durante la gira por China.<\/p>\n<h2>Su etapa llena de cr\u00edticas en Argentina<\/h2>\n<p>En alg\u00fan momento se vio un Messi fuera de foco. Lejos de ser el futbolista arrollador que mostr\u00f3 ser en el \u00faltimo certamen ecum\u00e9nico, producto de las cr\u00edticas constantes que recib\u00eda cada vez que se pon\u00eda la camiseta de la Selecci\u00f3n en cada convocatoria. Aprendi\u00f3 a convivir con ellas, pero claramente le tra\u00eda problemas.<\/p>\n<p>\u00ab<strong>Era muy dif\u00edcil<\/strong>. Disfrutaba en el Barcelona, gan\u00e1bamos, jug\u00e1bamos bien, pero&nbsp;<strong>era pisar Argentina y escuchar cr\u00edticas<\/strong>, rumores, murmullo de la gente, tener que pasar siempre por una prueba o depender de resultados. Cuando las cosas iban mal llegaba a Barcelona y un poco me olvidaba de lo mal que la pas\u00e1bamos en la Selecci\u00f3n. Se hablaban cosas extrafutbol\u00edsticas que pasaban la l\u00ednea de la falta de respeto, no estaba bueno. <strong>Mi familia no me lo demostr\u00f3, pero sab\u00eda que sufr\u00edan muchos<\/strong>. Se quedaban ac\u00e1 y consum\u00edan eso\u00bb, cont\u00f3 Leo.<\/p>\n<div class=\"sp__Normal embed-box embed-body-photo\" data-index=\"1\">\n<picture class=\"pointer\">\n<img class=\"img-expand\" width=\"100\" height=\"100\" loading=\"lazy\" src=\"http:\/\/cordobainforma.info\/wp-content\/uploads\/2023\/07\/lionel-messi-revelo-como-vio-el-pase-magico-a-molina-en-qatar-2022-ni-yo-se-hasta-cuando-voy-a-jugar-en-la-seleccion-2.jpg\" alt=\"Lionel Messi y su etapa de cr\u00edticas en Argentina. (EE.UU.). EFE\/DAVID FERN\u00c1NDEZ\"><br \/>\n<span class=\"bt-expand\"><br \/>\n<svg class=\"ico white_mod\">\n<use class=\"use-expand\" xlink:href=\"#icon-expand\" \/>\n<\/svg><br \/>\n<\/span>\n<\/picture><figcaption>Lionel Messi y su etapa de cr\u00edticas en Argentina. (EE.UU.). EFE\/DAVID FERN\u00c1NDEZ <\/figcaption><\/div>\n<p>A pesar de esto nunca dej\u00f3 de sentir el apoyo de muchos otros hinchas de la Selecci\u00f3n que defendieron al astro cuando intent\u00f3 dar un paso al costado en la Albiceleste en junio de 2016 tras la Copa Am\u00e9rica de aquel a\u00f1o: \u00ab<strong>Siempre sent\u00ed el cari\u00f1o de la gente<\/strong>. M\u00e1s all\u00e1 de una parte del periodismo, la cr\u00edtica y las cosas que dec\u00edan, siempre sent\u00ed cari\u00f1o por gran parte de Argentina y poder decir que somos campeones del mundo es lo m\u00e1ximo, lo m\u00e1s lindo que hay\u00bb.<\/p>\n<h2>Aquellos que defendieron a Lionel, campeones del mundo con \u00e9l<\/h2>\n<p>\u00abC\u00f3mo vamos a convencerte nosotros que nos cuesta ver que en el mundo te halagan\u00bb, cit\u00f3 <strong>Enzo Fern\u00e1ndez <\/strong>en una carta que public\u00f3 en sus redes sociales cuando el astro decidi\u00f3 abandonar la Selecci\u00f3n, en 2016. En aquel entonces el oriundo de San Mart\u00edn ten\u00eda tan solo 15 a\u00f1os y se hac\u00eda eco de las diferentes opiniones y exigencias que muchos hinchas argentinos pon\u00edan sobre el 10. <\/p>\n<p>Y&nbsp;esa camada, que vieron las frustraciones de la Pulga en la Selecci\u00f3n, sintieron la necesidad de trabajar para de alguna manera cumplir ese sue\u00f1o que no se hab\u00eda logrado.&nbsp;Hoy, campeones del mundo juntos.<\/p>\n<div class=\"sp__Normal embed-box embed-body-photo\" data-index=\"2\">\n<picture class=\"pointer\">\n<img class=\"img-expand\" width=\"100\" height=\"100\" loading=\"lazy\" src=\"http:\/\/cordobainforma.info\/wp-content\/uploads\/2023\/07\/lionel-messi-revelo-como-vio-el-pase-magico-a-molina-en-qatar-2022-ni-yo-se-hasta-cuando-voy-a-jugar-en-la-seleccion-3.jpg\" alt=\"Enzo Fern\u00e1ndez junto a Messi con la Copa del Mundo.\"><br \/>\n<span class=\"bt-expand\"><br \/>\n<svg class=\"ico white_mod\">\n<use class=\"use-expand\" xlink:href=\"#icon-expand\" \/>\n<\/svg><br \/>\n<\/span>\n<\/picture><figcaption>Enzo Fern\u00e1ndez junto a Messi con la Copa del Mundo. <\/figcaption><\/div>\n<p><strong>\u00abSent\u00ed que los chicos quer\u00edan salir campe\u00f3n per verme a mi campe\u00f3n<\/strong>\u00ab, dijo Leo y continu\u00f3: \u00abNo digo que antes no pasaba. Llegamos a una final del mundo, perdimos Copa Am\u00e9rica, y disfrut\u00e9 mucho con un grupo parecido a este, sano, disfrut\u00e9 mucho del d\u00eda a d\u00eda. Lo mismo que esta camada, antes del Mundial dije que <strong>ve\u00eda similitudes<\/strong> pero es verdad que sent\u00eda mucho que <strong>los chicos crecieron vi\u00e9ndome desde antes<\/strong> y sent\u00edan mucho eso. Es algo hermoso\u00bb<\/p>\n<p>Y agreg\u00f3 durante la entrevista: <strong>\u00abV\u00ed que hab\u00eda una generaci\u00f3n de chicos que me defend\u00eda a muerte, que se peleaba por mucha gente por defenderme y eso para m\u00ed es una hermosura. Agradezco por el cari\u00f1o por la pelea que tuvieron que pasar por mi en alg\u00fan momento\u00bb<\/strong>. <\/p>\n<h2>Caerse, pero levantarse<\/h2>\n<p>El abrazo entre <strong>Leandro Paredes<\/strong> y Messi reflej\u00f3 la descarga que consigui\u00f3 al haber ganado la Copa del Mundo. Tras una pregunta de su compa\u00f1ero, Messi cit\u00f3: \u00ab<strong>Ese momento es dif\u00edcil de explicar <\/strong>por ser campe\u00f3n del mundo y lo que significaba para m\u00ed conseguir ese t\u00edtulo, para mi familia y amigos. Poder terminar, despu\u00e9s de toda mi carrera, consiguiendo lo m\u00e1s importante fue extraordinario. <strong>Era lo \u00fanico que me faltaba y al mismo tiempo la mas deseada<\/strong>\u00ab<\/p>\n<p>Luego, cuando toc\u00f3 responder una pregunta hecha por <strong>Lisandro Mart\u00ednez, <\/strong>\u200ben la que dej\u00f3 en claro que la Selecci\u00f3n es algo especial:&nbsp;\u00abLo dej\u00e9 demostrado en mi carrera, hubo \u00e9pocas muy malas para mi donde he estado en mi mejor momento con t\u00edtulos colectivos e individuales en Barcelona y me tocaba ir a la Selecci\u00f3n con una realidad diferente donde <strong>sufr\u00eda much\u00edsimo<\/strong>, mi gente, mi familia y donde siempre quise estar m\u00e1s all\u00e1 de todo. Siempre intent\u00e9 lo que se me dio al final, pero nunca dej\u00e9 de so\u00f1ar. Gracias a Dios termin\u00f3 llegando. La Selecci\u00f3n para mi es algo que disfrut\u00e9 y disfruto m\u00e1s all\u00e1 de las amarguras que pas\u00e9 pero es muy especial\u00bb.<\/p>\n<p>Su mentalidad es una de las caracter\u00edsticas de Messi a la hora de lograr mantenerse con ganas a pesar de todo. Adem\u00e1s, para continuar con su vigencia durante toda su carrera: \u00abLo mismo que me llev\u00f3 a conseguir todo lo que consegu\u00ed tanto grupal como personal.<strong> Mentalidad, constancia, esfuerzo, sacrificio, querer siempre m\u00e1s<\/strong>. De chiquito fu\u00ed muy responsable y muy seguro en lo que quer\u00eda. Siempre d\u00ed el m\u00e1ximo para conseguir lo m\u00e1ximo. Tuve la gran suerte de que las lesiones me respetaron much\u00edsimo\u00bb, explic\u00f3 Messi ante una respuesta de <strong>Nicol\u00e1s Tagliafico<\/strong>.<\/p>\n<p>En otra parte de su entrevista con la TV P\u00fablica confirm\u00f3 que, a pesar de haber intentado abandonar la Selecci\u00f3n, nunca perdi\u00f3 de vista el objetivo de poder ganar alg\u00fan t\u00edtulo con la Albiceleste, a nivel mayor. \u00abSiempre tuve el deseo de conseguir algo con la Selecci\u00f3n y ten\u00eda en la cabeza que lo iba a lograr y si no era as\u00ed por lo menos lo ten\u00eda que intentar. No pod\u00eda ser que ganaba todo en el club o individual,<strong> si no lo hubiera hecho con la Selecci\u00f3n me hubiera faltado algo<\/strong>\u00ab, coment\u00f3 <em>Lio<\/em>.<\/p>\n<h2>El futuro en la Selecci\u00f3n<\/h2>\n<p><strong>Exequiel Palacios<\/strong> fue al hueso con su pregunta. Sin titubear, pregunt\u00f3 lo que quisieran saber millones de argentinos <strong>\u00bfHasta cu\u00e1ndo en la Selecci\u00f3n?<\/strong>&nbsp;\u00ab<strong>Ni yo s\u00e9 hasta cu\u00e1ndo<\/strong>. creo que va a pasar cuando tenga que pasar. Despu\u00e9s de haber conseguido todo queda disfrutar y que el tiempo diga cu\u00e1ndo es el momento. <strong>Por l\u00f3gica y edad ser\u00e1 en poco tiempo,<\/strong> pero no s\u00e9 exactamente. Pienso en el d\u00eda a d\u00eda, disfrutar y disfrutar de lo lindo que estamos viviendo. Ahora que tuvimos la gran suerte de ser campeones de Am\u00e9rica y del mundo toca disfrutar\u00bb, se sincer\u00f3 Leo.<\/p>\n<p>Para la alegr\u00eda de los 45 millones de argentinos que habitan el territorio, y otros tantos que emigraron, el destino del capit\u00e1n en la Selecci\u00f3n podr\u00eda haber sido otro si no lograba el t\u00edtulo en Qatar. \u00abM\u00e1s all\u00e1 que hab\u00edamos ganado la Copa Am\u00e9rica, y la mayor\u00eda de la gente cambi\u00f3 la opini\u00f3n sobre mi y la Selecci\u00f3n, seguramente hubiera habido muchas cr\u00edticas. Creo que despu\u00e9s de eso <strong>no&nbsp;habr\u00eda tenido fuerza para seguir y ser\u00eda el final<\/strong>\u00ab, confes\u00f3.<\/p>\n<h2>El pase gol a Molina ante Pa\u00edses Bajos<\/h2>\n<div class=\"sp__Normal embed-box embed-body-photo\" data-index=\"3\">\n<picture class=\"pointer\">\n<img class=\"img-expand\" width=\"100\" height=\"100\" loading=\"lazy\" src=\"http:\/\/cordobainforma.info\/wp-content\/uploads\/2023\/07\/lionel-messi-revelo-como-vio-el-pase-magico-a-molina-en-qatar-2022-ni-yo-se-hasta-cuando-voy-a-jugar-en-la-seleccion-4.jpg\" alt=\"Lionel Messi y un pase inolvidable. EFE\/EPA\/Mohamed Messara\"><br \/>\n<span class=\"bt-expand\"><br \/>\n<svg class=\"ico white_mod\">\n<use class=\"use-expand\" xlink:href=\"#icon-expand\" \/>\n<\/svg><br \/>\n<\/span>\n<\/picture><figcaption>Lionel Messi y un pase inolvidable. EFE\/EPA\/Mohamed Messara <\/figcaption><\/div>\n<p>El mundo se qued\u00f3 sorprendido por aquella jugada. Ni viendo el partido en la TV era posible pensar en que un jugador pod\u00eda encontrar la l\u00ednea de pase que termin\u00f3 dando Messi a <strong>Nahuel Molina<\/strong> en el encuentro decisivo ante <strong>Pa\u00edses Bajos<\/strong>, para que el lateral derecho convierta el primer tanto del partido.<\/p>\n<p>La \u00fanica explicaci\u00f3n la tiene el 10: <strong>\u00abLo vi que sigui\u00f3 la carrera. Entend\u00eda que en ese momento lo m\u00e1s normal era dar el pase al costado y me pareci\u00f3 oportuno intentar de que le llegue porque toda la defensa estaba esperando otra cosa. No lo escuch\u00e9, lo vi\u00bb<\/strong>.&nbsp;<\/p>\n<h2>Su Mundial y la certeza de alcanzar la gloria<\/h2>\n<p> <strong><\/strong>\u00ab<strong>Disfrut\u00e9 todo el Mundial como nunca<\/strong>. Sab\u00eda que pod\u00eda ser el \u00faltimo y, siendo sincero, creo que si no hubi\u00e9ramos sido campeones yo no estar\u00eda m\u00e1s en la Selecci\u00f3n. Hoy no la puedo dejar y tengo que disfrutar de todo. Lo disfrutaba y a la vez confiaba en el grupo por todo lo que pasamos en el mundial como perder en el debut, o sufrir con Pa\u00edses Bajos siendo superiores en la pr\u00f3rroga\u00bb, dijo Leo.<\/p>\n<p>\u00abCuando nos empataron estaba tranquilo. Sab\u00eda que iba a ser nuestra, ten\u00edamos que ser campeones. Es dif\u00edcil explicarlo pero<strong> lo sent\u00eda y sab\u00eda<\/strong>. Afront\u00e9 todo el Mundial de esta manera\u00bb, cont\u00f3 sobre sus p\u00e1lpitos.<\/p>\n<p>Cuando Gonzalo Montiel convirti\u00f3 el \u00faltimo tanto del encuentro, el desahogo fue muy grande y termin\u00f3 de confirmar su presentimiento. \u00abLlegar a esa situaci\u00f3n m\u00e1s relajado, porque ten\u00edamos una oportunidad m\u00e1s pero estaba deseando que lo haga, que se termine, festejemos. <strong>Son momentos dif\u00edciles de describir con palabras<\/strong>. Tanto los nervios por los penales como la alegr\u00eda de ser campeones, me quedar\u00eda corto con lo que sent\u00ed en ese momento\u00bb, dijo Lio.<\/p>\n<h2>La Scaloneta, una familia<\/h2>\n<p>No hay jugador de la Selecci\u00f3n Argentina que no vea al equipo como una familia. Todos destacan lo mismo: <strong>\u00abEs muy unido, fuerte que ante la adversidad respondi\u00f3 con grandeza\u00bb<\/strong>. Y sirvi\u00f3 para superar la derrota en el debut mundialista:&nbsp;&nbsp;\u00abEra dif\u00edcil despu\u00e9s de Arabia porque ven\u00edamos de 35 partidos sin perder y no sab\u00edamos c\u00f3mo pod\u00edamos reaccionar. Era el primer Mundial de muchos chicos. Quieras o no, la ansiedad o los nervios aparecen\u00bb.<\/p>\n<p>En otra parte de su relato agreg\u00f3: \u00ab<strong>Quiero much\u00edsimo al grupo<\/strong>, somos muchos y tengo m\u00e1s relaci\u00f3n con uno que con otros pero tengo un cari\u00f1o y respeto especial por todos\u00bb<\/p>\n<p>Aquel jugador que lo integr\u00f3 al plantel que reuni\u00f3 el entrenador <strong>Lionel Scaloni<\/strong>, para llevar a cabo el plan \u00abrenovaci\u00f3n\u00bb, fue <strong>Rodrigo De Paul<\/strong>, que de a poco se fue ganando un lugar en la vida cotidiana de Messi y pas\u00f3 a ser un integrante en su listado de amigos: \u00abDe primer momento tuvimos un feeling especial. Una relaci\u00f3n muy linda. Me ayud\u00f3 much\u00edsimo. Me toc\u00f3 llegar cuando se desarma la anterior camada y no hab\u00eda ninguno, estuve un tiempo sin ir a la Selecci\u00f3n y cuando volv\u00ed, a pesar de que conoc\u00eda a la gran mayor\u00eda pero no ten\u00eda confianza, <strong>\u00e9l me ayud\u00f3 a integrarme al grupo<\/strong>.<\/p>\n<p> Y agreg\u00f3 sobre su postura de intentar integrarse: \u00ab<strong>Era lo que ten\u00eda que hacer<\/strong>, integrarme yo porque eran todos nuevos que se conoc\u00edan de antes. Se dio sin buscarlo. Me baso mucho por el feeling y con \u00e9l fue especial de primer momento\u00bb.<\/p>\n<h2>Un festejo inesperado<\/h2>\n<div class=\"sp__Normal embed-box embed-body-photo\" data-index=\"4\">\n<picture class=\"pointer\">\n<img class=\"img-expand\" width=\"100\" height=\"100\" loading=\"lazy\" src=\"http:\/\/cordobainforma.info\/wp-content\/uploads\/2023\/07\/lionel-messi-revelo-como-vio-el-pase-magico-a-molina-en-qatar-2022-ni-yo-se-hasta-cuando-voy-a-jugar-en-la-seleccion-5.jpg\" alt=\"La locura en las calles de Argentina tras el t\u00edtulo de la Selecci\u00f3n. REUTERS\/Agustin Marcarian\"><br \/>\n<span class=\"bt-expand\"><br \/>\n<svg class=\"ico white_mod\">\n<use class=\"use-expand\" xlink:href=\"#icon-expand\" \/>\n<\/svg><br \/>\n<\/span>\n<\/picture><figcaption>La locura en las calles de Argentina tras el t\u00edtulo de la Selecci\u00f3n. REUTERS\/Agustin Marcarian <\/figcaption><\/div>\n<p>Aquel 18 de diciembre, m\u00e1s cinco millones de personas se volcaron a las calles de la Ciudad de Buenos Aires. El resto del pa\u00eds lo hizo en sus respectivos lugares, desde el pueblo m\u00e1s peque\u00f1o hasta las grandes ciudades.&nbsp;\u00ab<strong>Fue una locura<\/strong>. Imaginaba lo que pod\u00eda ser el pa\u00eds con el t\u00edtulo pero super\u00f3 mis expectativas y no pensaba que iba a ser de la manera que fue. Una locura y un disfrute b\u00e1rbaro. Me hubiera gustado hacer el recorrido m\u00e1s largo pero era imposible\u00bb.<\/p>\n<p>Y agreg\u00f3: \u00ab<strong>La foto del Obelisco con la gente es hist\u00f3rica<\/strong>, quedar\u00e1 para el resto de nuestra vida. Tener la suerte de que mis hijos disfruten y entiendan fue extraordinario. Alguna vez dije que Thiago preguntaba por qu\u00e9 me mataban y que pueda verme campe\u00f3n del Mundo con la Selecci\u00f3n es hermoso\u00bb.<\/p>\n<h2>Disfrutar el camino, siempre<\/h2>\n<p>\u00abCreo que cuando est\u00e1s en competici\u00f3n y tenes objetivos de ganar lo que jugamos, <strong>no valoras lo que vas consiguiendo<\/strong>. Estoy en un momento de mi carrera donde disfruto todo lo que me pasa y valoro much\u00edsimo m\u00e1s porque s\u00e9 que son mis \u00faltimos a\u00f1os, pero cuando me retire voy a valorar much\u00edsimo m\u00e1s todo esto\u00bb, cit\u00f3.<\/p>\n<p>Y agreg\u00f3: \u00abEl hecho de ser campe\u00f3n del mundo queda para toda la vida, en un pa\u00eds tan futbolero y agradecido como el nuestro. Va a quedar para la historia y situaciones te har\u00e1n ver lo que significa ser campe\u00f3n del mundo\u00bb.<\/p>\n<p>\u00abDisfrut\u00e9 de todo lo que gan\u00e9. Champions, Copa Am\u00e9rica que fue m\u00e1gica por ser mi primer t\u00edtulo con la Selecci\u00f3n. Llegar a ser campeones del mundo, con lo que significa por el pa\u00eds, qued\u00f3 demostrado en los festejos\u00bb, sentenci\u00f3 durante la entrevista.<\/p>\n<h2>Su nuevo proyecto en Inter Miami <\/h2>\n<p>En la mesa hab\u00eda varias ofertas. Algunas concretas (Al Hilal de Arabia Saudita)&nbsp;y otras que apelaron a lo emocional (Newell&#8217;s, que solo era un sue\u00f1o). Pero el que termin\u00f3 de convencer a los Messi fue <strong>Inter Miami<\/strong>, comandado por David Beckham, que milita en la Major League Soccer. All\u00ed encontr\u00f3 la seguridad para su familia que fue una de los principales pedidos del astro.&nbsp;\u00ab<strong>Estamos felices<\/strong>, preparados y con ganas de afrontar el nuevo desaf\u00edo. Mi mentalidad y cabeza no va a cambiar. <strong>Voy a intentar dar el m\u00e1ximo para mi y el club<\/strong>.<\/p>\n<h2>\u00abSiempre hay que intentarlo\u00bb<\/h2>\n<p>\u00abQuiero que me recuerden por el mensaje claro que dej\u00e9 de luchar por sus sue\u00f1os, que pase lo que pase en el camino siempre hay que intentarlo. Quiero que ese sea el mensaje para la nueva generaci\u00f3n que me sigue y me defiende. Como una persona buena m\u00e1s all\u00e1 de lo deportivo\u00bb, dijo Lionel mostrando su personalidad.<\/p>\n<p>Anteriormente, en su relato, hab\u00eda dado una muestra fiel del lado human\u00edstico que lleva consigo Messi, relacionado con cosas simple que hacen parar la pelota y dejar de pensar en lo que genera su imagen: \u00ab<strong>Siempre me manej\u00e9 muy normal<\/strong>, me gusta disfrutar mucho de mi familia, de mi gente, compartir con mis hijos cosas sencillas como ir a buscarlos a la escuela, jugar en un parque. Me acostumbr\u00e9 asi desde que arranqu\u00e9 la carrera.<\/p>\n<p>Y agreg\u00f3: \u00ab<strong>La mayor parte de ser conocido es hermosa por todo el cari\u00f1o que cosech\u00e9 durante a\u00f1os<\/strong>, pero algunas cosas me gustar\u00eda pasar desapercibido, pero lo tomo con normalidad. Hice lo que sent\u00eda sin pensar en nada. Ser yo mismo y no tener que andar actuando\u00bb, respondi\u00f3 Leo a la pregunta de Juli\u00e1n \u00c1lvarez.<\/p>\n<p> <span class=\"title-related\">Mir\u00e1 tambi\u00e9n<\/span> <\/p>\n","protected":false},"excerpt":{"rendered":"<p>Cu\u00e1ntos a\u00f1os en Argentina so\u00f1amos con ver la figura de Lionel Messi levantando la Copa del Mundo que supo tener en sus brazos Diego Armando Maradona, entre otros tantos jugadores de la Selecci\u00f3n Argentina. Hasta \u00e9l mismo lo imagin\u00f3 tantas veces tener en un recuadro esa imagen luego de superar&nbsp;las diferentes frustraciones que le tocaron [&hellip;]<\/p>\n","protected":false},"author":1,"featured_media":80854,"comment_status":"closed","ping_status":"closed","sticky":false,"template":"","format":"standard","meta":[],"categories":[20],"tags":[],"_links":{"self":[{"href":"http:\/\/cordobainforma.info\/index.php\/wp-json\/wp\/v2\/posts\/80853"}],"collection":[{"href":"http:\/\/cordobainforma.info\/index.php\/wp-json\/wp\/v2\/posts"}],"about":[{"href":"http:\/\/cordobainforma.info\/index.php\/wp-json\/wp\/v2\/types\/post"}],"author":[{"embeddable":true,"href":"http:\/\/cordobainforma.info\/index.php\/wp-json\/wp\/v2\/users\/1"}],"replies":[{"embeddable":true,"href":"http:\/\/cordobainforma.info\/index.php\/wp-json\/wp\/v2\/comments?post=80853"}],"version-history":[{"count":0,"href":"http:\/\/cordobainforma.info\/index.php\/wp-json\/wp\/v2\/posts\/80853\/revisions"}],"wp:featuredmedia":[{"embeddable":true,"href":"http:\/\/cordobainforma.info\/index.php\/wp-json\/wp\/v2\/media\/80854"}],"wp:attachment":[{"href":"http:\/\/cordobainforma.info\/index.php\/wp-json\/wp\/v2\/media?parent=80853"}],"wp:term":[{"taxonomy":"category","embeddable":true,"href":"http:\/\/cordobainforma.info\/index.php\/wp-json\/wp\/v2\/categories?post=80853"},{"taxonomy":"post_tag","embeddable":true,"href":"http:\/\/cordobainforma.info\/index.php\/wp-json\/wp\/v2\/tags?post=80853"}],"curies":[{"name":"wp","href":"https:\/\/api.w.org\/{rel}","templated":true}]}}