{"id":80851,"date":"2023-07-12T02:49:55","date_gmt":"2023-07-12T02:49:55","guid":{"rendered":"https:\/\/www.clarin.com\/deportes\/-rafa-di-zeo-oficializo-candidatura-presidencia-boca-lema-explosivo_0_7zfngN1wOu.html"},"modified":"2023-07-12T02:49:55","modified_gmt":"2023-07-12T02:49:55","slug":"rafa-contra-todos-di-zeo-oficializo-su-candidatura-a-la-presidencia-de-boca-con-un-lema-explosivo","status":"publish","type":"post","link":"http:\/\/cordobainforma.info\/index.php\/2023\/07\/12\/rafa-contra-todos-di-zeo-oficializo-su-candidatura-a-la-presidencia-de-boca-con-un-lema-explosivo\/","title":{"rendered":"\u00abRafa contra todos\u00bb: Di Zeo oficializ\u00f3 su candidatura a la presidencia de Boca con un lema explosivo"},"content":{"rendered":"<p><img src=\"http:\/\/cordobainforma.info\/wp-content\/uploads\/2023\/07\/rafa-contra-todos-di-zeo-oficializo-su-candidatura-a-la-presidencia-de-boca-con-un-lema-explosivo.jpg\"><\/p>\n<div readability=\"32\">\n<div class=\"title check-space\" data-color=\"style='background-color:'\" readability=\"9\">\n<p><h2>Uno de los hist\u00f3ricos l\u00edderes de la barrabrava del Xeneize hab\u00eda dejado trascender su intenci\u00f3n en las \u00faltimas semanas.<\/h2>\n<\/p>\n<\/div><\/div>\n<div id=\"entry-body\">\n<p>Rafael Di Zeo oficializ\u00f3 su candidatura a presidente de Boca y eligi\u00f3 un lema explosivo para acompa\u00f1ar su postulaci\u00f3n: <strong>\u00abTodos contra Boca, Rafa contra todos\u00bb<\/strong>. As\u00ed lo dej\u00f3 expuesto en un flyer que circul\u00f3 por redes sociales, con su imagen y los colores azul y oro. A principio de semana, <strong>Clar\u00edn <\/strong>hab\u00eda revelado su objetivo de ser el Javier Milei de la pol\u00edtica del conjunto de la Ribera.<\/p>\n<div class=\"sp__Normal embed-box embed-body-photo\" data-index=\"1\">\n<picture class=\"pointer\">\n<img class=\"img-expand\" width=\"100\" height=\"100\" loading=\"lazy\" src=\"http:\/\/cordobainforma.info\/wp-content\/uploads\/2023\/07\/rafa-contra-todos-di-zeo-oficializo-su-candidatura-a-la-presidencia-de-boca-con-un-lema-explosivo-2.jpg\" alt=\"El flyer con el lema de la candidatura de Rafael Di Zeo a la presidencia de Boca.\"><br \/>\n<span class=\"bt-expand\"><br \/>\n<svg class=\"ico white_mod\">\n<use class=\"use-expand\" xlink:href=\"#icon-expand\" \/>\n<\/svg><br \/>\n<\/span>\n<\/picture><figcaption>El flyer con el lema de la candidatura de Rafael Di Zeo a la presidencia de Boca. <\/figcaption><\/div>\n<p>Lo suyo no tiene que ver con las ideas de la libertad ni con bajar la inflaci\u00f3n. Tampoco, una lucha contra la casta azul y oro. El l\u00edder de La Doce quiere competir porque sabe que un lugar en la escena pol\u00edtica no s\u00f3lo le dar\u00e1 poder en la tribuna; tambi\u00e9n, puertas adentro. El ex barra brava (as\u00ed se autodenomina porque est\u00e1 libre de culpa y cargo de causas penales) cree en la teor\u00eda de los tres tercios que mencion\u00f3 la vicepresidenta Cristina Fern\u00e1ndez de Kirchner sobre las aspiraciones de que el partido que representa contin\u00fae al mando. Y Di Zeo divide.<\/p>\n<p>De acuerdo a las averiguaciones que hizo <strong>Clar\u00edn<\/strong>, Rafa hizo un sondeo a trav\u00e9s de un formulario online algo rudimentario. \u00abEncuesta Nacional Socios Activos\u00bb es el t\u00edtulo del mail que recibieron unos 3 mil afiliados. Con el sistema m\u00faltiple choice, hay cuatro \u00edtems.<\/p>\n<div class=\"sp__Normal embed-box embed-body-photo\" data-index=\"2\">\n<picture class=\"pointer\">\n<img class=\"img-expand\" width=\"100\" height=\"100\" loading=\"lazy\" src=\"http:\/\/cordobainforma.info\/wp-content\/uploads\/2023\/07\/rafa-contra-todos-di-zeo-oficializo-su-candidatura-a-la-presidencia-de-boca-con-un-lema-explosivo-3.jpg\" alt=\"La encuesta online que lanz\u00f3 Rafael Di Zeo para medir sus chances en las elecciones presidenciales en Boca.\"><br \/>\n<span class=\"bt-expand\"><br \/>\n<svg class=\"ico white_mod\">\n<use class=\"use-expand\" xlink:href=\"#icon-expand\" \/>\n<\/svg><br \/>\n<\/span>\n<\/picture><figcaption>La encuesta online que lanz\u00f3 Rafael Di Zeo para medir sus chances en las elecciones presidenciales en Boca. <\/figcaption><\/div>\n<p><em>1) \u00bfVotar\u00eda al Sr. Rafael Di Zeo como Candidato a Presidente del Club Atl\u00e9tico Boca Juniors?<\/em><\/p>\n<p> <em>2) \u00bfCon qui\u00e9n otro dirigente le interesar\u00eda que se presente a las Elecciones en diciembre del 2023?<\/em><\/p>\n<p> Las opciones son <strong>Andr\u00e9s Ibarra<\/strong>, <strong>Juan Rom\u00e1n Riquelme<\/strong>, <strong>Jorge Reale<\/strong>, <strong>Mart\u00edn Palermo<\/strong>, <strong>Carlos Tevez<\/strong>, <strong>Jos\u00e9 Beraldi <\/strong>y <strong>Jorge Ameal<\/strong>.<\/p>\n<div class=\"sp__Normal embed-box embed-body-photo\" data-index=\"3\">\n<picture class=\"pointer\">\n<img class=\"img-expand\" width=\"100\" height=\"100\" loading=\"lazy\" src=\"http:\/\/cordobainforma.info\/wp-content\/uploads\/2023\/07\/rafa-contra-todos-di-zeo-oficializo-su-candidatura-a-la-presidencia-de-boca-con-un-lema-explosivo-4.jpg\" alt=\"La encuesta online que lanz\u00f3 Rafael Di Zeo para medir sus chances en las elecciones presidenciales en Boca.\"><br \/>\n<span class=\"bt-expand\"><br \/>\n<svg class=\"ico white_mod\">\n<use class=\"use-expand\" xlink:href=\"#icon-expand\" \/>\n<\/svg><br \/>\n<\/span>\n<\/picture><figcaption>La encuesta online que lanz\u00f3 Rafael Di Zeo para medir sus chances en las elecciones presidenciales en Boca. <\/figcaption><\/div>\n<p> <em>3) \u00bfQu\u00e9 proyecto urgente de Ampliaci\u00f3n del Estadio le gustar\u00eda que realice?<\/em><\/p>\n<p> <em>4) \u00bfQu\u00e9 propuestas le interesar\u00eda que concrete inmediatamente en caso de ganar las Elecciones?<\/em><\/p>\n<p><strong>\u00abSum\u00f3 entre 75 y 80% de adhesi\u00f3n\u00bb<\/strong>, aseguran en el entorno de Di Zeo. Con un detalle: la mayor\u00eda de los consultados es habitu\u00e9 de la popular, donde domina Rafa.<\/p>\n<p>Di Zeo tiene un objetivo: ser un candidato m\u00e1s potable como apoyo a la lista ganadora que tener vuelo propio hacia el despacho presidencial de Brandsen 805. \u00bfEs una colectora? \u00bfA qui\u00e9n le quita votos? \u00abLa popular apoya a Riquelme. Si se presenta Rafa con el apoyo de 3 mil tipos, \u00bfad\u00f3nde te cre\u00e9s que van a migrar?\u00bb, confi\u00f3 una persona que conoce la rosca xeneize. En el entorno del vicepresidente \u00eddolo no lo ven \u00abnegativo\u00bb. Quienes est\u00e1n a su lado apuntan: \u00abEs vivo Rafa. Pero si alguien lo puede llevar donde no quiere, no es Rom\u00e1n ni Ameal\u00bb. <strong>Por su forma extracci\u00f3n kirchnerista, creen que no va a \u00abtransar\u00bb con el macrismo<\/strong>.<\/p>\n<div class=\"sp__Normal embed-box embed-body-photo\" data-index=\"4\">\n<picture class=\"pointer\">\n<img class=\"img-expand\" width=\"100\" height=\"100\" loading=\"lazy\" src=\"http:\/\/cordobainforma.info\/wp-content\/uploads\/2023\/07\/rafa-contra-todos-di-zeo-oficializo-su-candidatura-a-la-presidencia-de-boca-con-un-lema-explosivo-5.jpg\" alt=\"Foto: JUAN MABROMATA \/ AFP.\"><br \/>\n<span class=\"bt-expand\"><br \/>\n<svg class=\"ico white_mod\">\n<use class=\"use-expand\" xlink:href=\"#icon-expand\" \/>\n<\/svg><br \/>\n<\/span>\n<\/picture><figcaption>Foto: JUAN MABROMATA \/ AFP. <\/figcaption><\/div>\n<p>Sin ir m\u00e1s lejos, se declar\u00f3 K, trabaj\u00f3 para Cristina y com\u00eda asados con el custodia de la vicepresidenta, Diego Carbone. La pol\u00edtica nacional est\u00e1 atenta. Sergio Massa tiene un estrecho v\u00ednculo con Riquelme y est\u00e1 muy interesado en que todo siga igual. \u00bfY qu\u00e9 suceder\u00eda si el ministro de Econom\u00eda pierde las elecciones nacionales? En el caso de que gane Patricia Bullrich, delf\u00edn de Macri, podr\u00eda ser un arma para negociar. No tener el control del pa\u00eds, pero s\u00ed el de Boca no es poca cosa.<\/p>\n<p><strong>Fabio Cuggini<\/strong>, el primero en viralizar la foto de Di Zeo y anunciar que se lanzar\u00e1 a las elecciones, le dijo a Clar\u00edn: \u201cHace rato que le vengo diciendo a Rafa que se tiene que presentar. Le dije: \u2018\u00bfPor qu\u00e9 no te candidate\u00e1s? \u00bfPor qu\u00e9 no hac\u00e9s la gran Ra\u00fal G\u00e1mez? Les vas a tapar la boca a todos. El periodismo no va a poder hablar porque ya no ten\u00e9s cuentas pendientes con la Justicia\u201d.<\/p>\n<div class=\"sp__Normal embed-box embed-body-photo\" data-index=\"5\">\n<picture class=\"pointer\">\n<img class=\"img-expand\" width=\"100\" height=\"100\" loading=\"lazy\" src=\"http:\/\/cordobainforma.info\/wp-content\/uploads\/2023\/07\/rafa-contra-todos-di-zeo-oficializo-su-candidatura-a-la-presidencia-de-boca-con-un-lema-explosivo-6.jpg\" alt=\"Rafa 2023. Afiches y pasacalles en La Boca con Di Zeo que se lanza de lleno como candidato a presidente del club de La Ribera.\"><br \/>\n<span class=\"bt-expand\"><br \/>\n<svg class=\"ico white_mod\">\n<use class=\"use-expand\" xlink:href=\"#icon-expand\" \/>\n<\/svg><br \/>\n<\/span>\n<\/picture><figcaption>Rafa 2023. Afiches y pasacalles en La Boca con Di Zeo que se lanza de lleno como candidato a presidente del club de La Ribera. <\/figcaption><\/div>\n<p>El peluquero se refer\u00eda puntualmente a dos causas que pesaban sobre el jerarca de la barra y de las que fue sobrese\u00eddo en febrero: el homicidio de <strong>Marcelo Carnevale<\/strong> (33) y <strong>\u00c1ngel D\u00edaz <\/strong>(44), quienes fueron asesinados en la inmediaciones del Nuevo Gas\u00f3metro en 2013, y el encubrimiento agravado por haber facilitado en forma presunta la fuga de Maximiliano Oetinger, tercero en la cadena de mando de La Doce, quien era buscado por secuestro extorsivo.<\/p>\n<p>En ambos casos, hab\u00eda otros barras involucrados. Todos fueron absueltos en los tribunales.<\/p>\n<p> De este modo, Di Zeo pudo volver a la Bombonera tras formar parte de la lista de derecho de admisi\u00f3n desde 2016. <strong>\u00bfLo acompa\u00f1ar\u00e1 Cuggini?<\/strong><\/p>\n<\/p><\/div>\n","protected":false},"excerpt":{"rendered":"<p>Uno de los hist\u00f3ricos l\u00edderes de la barrabrava del Xeneize hab\u00eda dejado trascender su intenci\u00f3n en las \u00faltimas semanas. Rafael Di Zeo oficializ\u00f3 su candidatura a presidente de Boca y eligi\u00f3 un lema explosivo para acompa\u00f1ar su postulaci\u00f3n: \u00abTodos contra Boca, Rafa contra todos\u00bb. As\u00ed lo dej\u00f3 expuesto en un flyer que circul\u00f3 por redes [&hellip;]<\/p>\n","protected":false},"author":1,"featured_media":80852,"comment_status":"closed","ping_status":"closed","sticky":false,"template":"","format":"standard","meta":[],"categories":[20],"tags":[],"_links":{"self":[{"href":"http:\/\/cordobainforma.info\/index.php\/wp-json\/wp\/v2\/posts\/80851"}],"collection":[{"href":"http:\/\/cordobainforma.info\/index.php\/wp-json\/wp\/v2\/posts"}],"about":[{"href":"http:\/\/cordobainforma.info\/index.php\/wp-json\/wp\/v2\/types\/post"}],"author":[{"embeddable":true,"href":"http:\/\/cordobainforma.info\/index.php\/wp-json\/wp\/v2\/users\/1"}],"replies":[{"embeddable":true,"href":"http:\/\/cordobainforma.info\/index.php\/wp-json\/wp\/v2\/comments?post=80851"}],"version-history":[{"count":0,"href":"http:\/\/cordobainforma.info\/index.php\/wp-json\/wp\/v2\/posts\/80851\/revisions"}],"wp:featuredmedia":[{"embeddable":true,"href":"http:\/\/cordobainforma.info\/index.php\/wp-json\/wp\/v2\/media\/80852"}],"wp:attachment":[{"href":"http:\/\/cordobainforma.info\/index.php\/wp-json\/wp\/v2\/media?parent=80851"}],"wp:term":[{"taxonomy":"category","embeddable":true,"href":"http:\/\/cordobainforma.info\/index.php\/wp-json\/wp\/v2\/categories?post=80851"},{"taxonomy":"post_tag","embeddable":true,"href":"http:\/\/cordobainforma.info\/index.php\/wp-json\/wp\/v2\/tags?post=80851"}],"curies":[{"name":"wp","href":"https:\/\/api.w.org\/{rel}","templated":true}]}}