{"id":80847,"date":"2023-07-11T23:39:15","date_gmt":"2023-07-11T23:39:15","guid":{"rendered":"https:\/\/somoscordobeses.com\/2023\/07\/11\/paso-en-santa-fe-larreta-y-bullrich-apuestan-fuerte-a-su-candidatos-en-una-eleccion-clave-para-ganar-la-provincia\/"},"modified":"2023-07-11T23:39:15","modified_gmt":"2023-07-11T23:39:15","slug":"paso-en-santa-fe-larreta-y-bullrich-apuestan-fuerte-a-su-candidatos-en-una-eleccion-clave-para-ganar-la-provincia","status":"publish","type":"post","link":"http:\/\/cordobainforma.info\/index.php\/2023\/07\/11\/paso-en-santa-fe-larreta-y-bullrich-apuestan-fuerte-a-su-candidatos-en-una-eleccion-clave-para-ganar-la-provincia\/","title":{"rendered":"PASO en Santa Fe: Larreta y Bullrich apuestan fuerte a su candidatos en una elecci\u00f3n clave para ganar la provincia"},"content":{"rendered":"<p><a href=\"https:\/\/curiosidades.com.ar\" rel=\"dofollow\" onmouseover=\"this.style.color='#fff';\" onmouseout=\"this.style.color='#fff';\">sabias que datos curiosos<\/a><br \/>\n<a href=\"https:\/\/elmonterizo.com\" rel=\"dofollow\" onmouseover=\"this.style.color='#fff';\" onmouseout=\"this.style.color='#fff';\">Ultimas Noticias y datos curiosos<\/a> <\/p>\n<div>\n<h2>Este domingo hay primarias para gobernador, y sobresale la dura puja entre la senadora Carolina Losada (con apoyo de Bullrich) y el ex ministro de Seguridad, Maximiliano Pullaro (de Larreta).<\/h2>\n<p> En la pelea interna por su carrera presidencial, Horacio Rodr\u00edguez Larreta y Patricia Bullrich se juegan este domingo en las PASO de la provincia de Santa Fe una parada muy significativa en sus aspiraciones.<\/p>\n<p> La senadora <strong>Carolina Losada,<\/strong> con apoyo de Bullrich, y <strong>Maximiliano Pullaro,<\/strong> de Larreta (ambos radicales), llegan como favoritos en la primaria por la candidatura a gobernador. Completa la oferta de Juntos por el Cambio la socialista <strong>M\u00f3nica Fein <\/strong>-dos veces intendenta de Roasario-, y en conjunto el espacio aventajar\u00eda hoy a los postulantes de un peronismo no menos dividido, donde primerea el senador <strong>Marcelo Lewandowski<\/strong> y lo siguen otros tres precandidatos: los diputados Marcos Cleri (camporista) y&nbsp;Eduardo Toniolli (Movimiento Evita), y Leandro Busatto (legislador provincial, del sector que responde a Agust\u00edn Rossi).<\/p>\n<p> Tambi\u00e9n habr\u00e1 una interna en la izquierda, y otras cuatro f\u00f3rmulas en competencia.<\/p>\n<p> Las PASO en Santa Fe, tercer distrito electoral del pa\u00eds con poco m\u00e1s de 8% del padr\u00f3n nacional, no ser\u00e1 la \u00faltima elecci\u00f3n antes de las PASO nacionales del 13 de agosto -queda C\u00f3rdoba Capital el 23 de julio y las de gobernador de Chubut, el 30-<strong> pero viene muy disputada, con acusaciones graves de Losada a Pullaro que han puesto al rojo la interna cambiemita,<\/strong> por su rol como ministro de Seguridad provincial en los cuatro a\u00f1os que gobern\u00f3 el socialista Miguel Lifschitz (2015-2019). Un&nbsp;duelo cuyo desenlace, para muchos podr\u00eda definir el pr\u00f3ximo ocupante de la Casa Gris en sucesi\u00f3n del peronista <strong>Omar Perotti<\/strong>, que no tiene reelecci\u00f3n y va de cabeza de una lista de diputados provinciales.<\/p>\n<p> Losada, la periodista que irrumpi\u00f3 con frescura en la pol\u00edtica en 2021 ganando para senadora y desplazando por muy poco en las primarias legislativas, justamente a Pullaro,<strong> lleva de vice el actual presidente del PRO Federico Angelini. Ha hecho campa\u00f1a con ella el propio Mauricio Macri, y Bullrich viajar\u00e1 a la provincia este jueves buscando darle el \u00faltimo envi\u00f3n<\/strong>.<\/p>\n<p> Estar\u00e1n en la capital Santa Fe y en Rosario, y en actividades con el intendente de esta ciudad <strong>Pablo Javkin,<\/strong> que busca otro mandato, con fuerte competencia interna: el retador pullarista <strong>Miguel Tessandori <\/strong>(periodista y outsider de la pol\u00edtica), el socialista <strong>Enrique Estevez<\/strong> y otros cuatro solo en la lista de JxC, m\u00e1s otros 13 precandidatos.<\/p>\n<p> La sesi\u00f3n convocada en el Senado para este mi\u00e9rcoles trastoc\u00f3 y puso en par\u00e9ntesis el plan de llevar ese d\u00eda a la provincia al senador Alfredo Cornejo y al radical bonaerense Maxi Abad, entre otros del team de apoyo a Losada.<\/p>\n<p> En la otra trinchera, Larreta reci\u00e9n planea viajar el domingo para estar presente en el b\u00fanker de Pullaro (lo propio har\u00e1 Bullrich con Losada) pero en este tramo final el alcalde y sus voceros no escatimar\u00e1n apoyos al ex ministro provincial, <strong>cuya vice es la diputada larretista Gisela Scaglia<\/strong>. Tambi\u00e9n viajar\u00e1 el domingo con Larreta Mart\u00edn Lousteau, referente nacional de Evoluci\u00f3n Radical, la l\u00ednea interna a la que adhiere Pullaro.<\/p>\n<h2>Fuertes cruces<\/h2>\n<p> Losada le ha hecho denuncias espesas a Pullaro, de complicidad o vista gorda con el narcotr\u00e1fico en la provincia. La senadora este jueves planea <strong>un raid final por los canales de noticias nacionales<\/strong> (el lunes, Bullrich la acompa\u00f1\u00f3 a TN) y no ahorrar\u00e1 cr\u00edticas, avisan. Fue Losada, admiten en tanto en Juntos como en el peronismo, la que \u201csecuritiz\u00f3\u201d la campa\u00f1a, en una provincia atravesada por noticias diarias de acciones de bandas y cr\u00edmenes del narcotr\u00e1fico. \u201cCarolina dijo lo que ten\u00eda que decir, si Pullaro tuvo cuatro a\u00f1os en seguridad y empeor\u00f3 las cosas o fue c\u00f3mplice, \u00bfahora va a poder?\u201d, recargan.<\/p>\n<p> \u201cElla tira para adentro y le hace el caldo gordo al oficialismo de Santa Fe\u201d, replican en el larretismo. <strong>Cerca de Pullaro, a quien muchos definen como un \u00abradical territorial\u00bb, admiten que para diferenciarse, se quedar\u00e1 en la provincia de recorridas, y no har\u00e1 medios nacionales.<\/strong><\/p>\n<p> Alvaro Gonz\u00e1lez, diputado nacional larretista y muy ligado a Santa Fe donde vivi\u00f3 muchos a\u00f1os, agrega: \u201cNo se entiende la beligerancia de Losada, si es como dice, \u00bfpor qu\u00e9 se qued\u00f3 en el frente de frentes?\u201d Para Gonz\u00e1lez, si ganara Pullaro a Larreta le permitir\u00eda enhebrar la tercera victoria que tributa a su espacio, luego de San Luis y San Juan. <strong>Lo llama \u201cla trazabilidad de la ganabilidad\u201d, <\/strong>en la carrera presidencial.<\/p>\n<p> En el peronismo, en tanto, aceptan que las cosas pueden no ir bien este domingo, pero no quieren darla por perdida. Y apuestan a dar pelea cuando quede \u201cuno contra uno (o una)\u201d en las generales del 10 de setiembre.<\/p>\n<\/div>\n<nav class=\"navigation post-navigation\" aria-label=\"Continue Reading\">\n<h2 class=\"screen-reader-text\">Continue Reading<\/h2>\n<\/nav>\n","protected":false},"excerpt":{"rendered":"<p>sabias que datos curiosos Ultimas Noticias y datos curiosos Este domingo hay primarias para gobernador, y sobresale la dura puja entre la senadora Carolina Losada (con apoyo de Bullrich) y el ex ministro de Seguridad, Maximiliano Pullaro (de Larreta). En la pelea interna por su carrera presidencial, Horacio Rodr\u00edguez Larreta y Patricia Bullrich se juegan [&hellip;]<\/p>\n","protected":false},"author":1,"featured_media":80848,"comment_status":"closed","ping_status":"closed","sticky":false,"template":"","format":"standard","meta":[],"categories":[2],"tags":[],"_links":{"self":[{"href":"http:\/\/cordobainforma.info\/index.php\/wp-json\/wp\/v2\/posts\/80847"}],"collection":[{"href":"http:\/\/cordobainforma.info\/index.php\/wp-json\/wp\/v2\/posts"}],"about":[{"href":"http:\/\/cordobainforma.info\/index.php\/wp-json\/wp\/v2\/types\/post"}],"author":[{"embeddable":true,"href":"http:\/\/cordobainforma.info\/index.php\/wp-json\/wp\/v2\/users\/1"}],"replies":[{"embeddable":true,"href":"http:\/\/cordobainforma.info\/index.php\/wp-json\/wp\/v2\/comments?post=80847"}],"version-history":[{"count":0,"href":"http:\/\/cordobainforma.info\/index.php\/wp-json\/wp\/v2\/posts\/80847\/revisions"}],"wp:featuredmedia":[{"embeddable":true,"href":"http:\/\/cordobainforma.info\/index.php\/wp-json\/wp\/v2\/media\/80848"}],"wp:attachment":[{"href":"http:\/\/cordobainforma.info\/index.php\/wp-json\/wp\/v2\/media?parent=80847"}],"wp:term":[{"taxonomy":"category","embeddable":true,"href":"http:\/\/cordobainforma.info\/index.php\/wp-json\/wp\/v2\/categories?post=80847"},{"taxonomy":"post_tag","embeddable":true,"href":"http:\/\/cordobainforma.info\/index.php\/wp-json\/wp\/v2\/tags?post=80847"}],"curies":[{"name":"wp","href":"https:\/\/api.w.org\/{rel}","templated":true}]}}