{"id":80845,"date":"2023-07-11T08:30:00","date_gmt":"2023-07-11T08:30:00","guid":{"rendered":"http:\/\/cordobainforma.info\/index.php\/2023\/07\/11\/plan-sobrevivir-la-batalla-del-peronismo-esta-en-el-conurbano\/"},"modified":"2023-07-11T08:30:00","modified_gmt":"2023-07-11T08:30:00","slug":"plan-sobrevivir-la-batalla-del-peronismo-esta-en-el-conurbano","status":"publish","type":"post","link":"http:\/\/cordobainforma.info\/index.php\/2023\/07\/11\/plan-sobrevivir-la-batalla-del-peronismo-esta-en-el-conurbano\/","title":{"rendered":"Plan sobrevivir: la batalla del peronismo est\u00e1 en el Conurbano"},"content":{"rendered":"<div class=\"media_block\"><\/div>\n<p>La <strong>batalla del peronismo est\u00e1 en el Conurbano<\/strong> y ah\u00ed se ve algo similar a lo que se vio hasta ahora en las provincias gobernadas por integrantes del oficialismo donde <strong>se eligi\u00f3 ir <a target=\"_blank\" href=\"https:\/\/www.perfil.com\/noticias\/opinion\/un-peronismo-cobarde-busca-su-supervivencia.phtml\" rel=\"noopener noreferrer\">separados de la nacional para preservar el cargo<\/a><\/strong>. Los <strong>barones del Conurbano<\/strong> ya est\u00e1n trabajando m\u00e1s para mantener su poder local que para tratar de remontar una situaci\u00f3n que parece imposible a nivel nacional. Si bien la candidatura de Massa les resulta m\u00e1s aceptable y beneficiosa que el invento de Wado, lo cierto es que no sienten que esto les alcance y siguen buscando <strong>independizarse de las elecciones nacionales<\/strong>.<\/p>\n<p>Es que tras la derrota de 2021, en la cual algunos distritos de la provincia de Buenos Aires sufrieron una p\u00e9rdida de casi 12 puntos del Frente para la Victoria, lo que se agrava con el hecho de que Mart\u00edn Insaurralde figuraba en la boleta, se mostr\u00f3 que cuando vieron peligrar su gobernabilidad por la posible p\u00e9rdida en los Concejos Deliberantes no dudaron en abrirse para apostar al corte de boleta. Con el reparto de boletas ya cortadas, los intendentes, acortaron la derrota a nivel local, y en algunos lugares hasta lograron la victoria como en Ensenada, Mario Secco, Alejandro Granados en Ezeiza o en Brandsen, Gast\u00f3n Arias, con alrededor de 8 puntos de diferencia. Tambi\u00e9n cerca de 8 puntos cosech\u00f3 Jorge Ferraresi en su victoria a nivel local en Avellaneda.<\/p>\n<div>\n<figure class=\"image\"><img alt=\"Cristina Kirchner, Alberto Fern\u00e1ndez y Sergio Massa en la inauguraci\u00f3n del GPNK\" src=\"http:\/\/cordobainforma.info\/wp-content\/uploads\/2023\/07\/plan-sobrevivir-la-batalla-del-peronismo-esta-en-el-conurbano.jpg\" loading=\"lazy\"><figcaption>Cristina Kirchner, Alberto Fern\u00e1ndez y Sergio Massa en la inauguraci\u00f3n del GPNK.<\/figcaption><\/figure>\n<\/div>\n<p>Sin embargo, en este contexto de <strong>conservaci\u00f3n de la propia quinta<\/strong> tambi\u00e9n se produce una <strong>fragmentaci\u00f3n <\/strong>que hace que <strong>muchos de los intendentes<\/strong>, incluidos los hasta hoy albertistas, <strong>tengan internas<\/strong>.<\/p>\n<p>Hoy en d\u00eda los intendentes parecen seguir este camino y as\u00ed tenemos en el Partido de la Costa a Juan Pablo De Jes\u00fas, en ese contexto se suman hasta los albertistas como el Juanchi Zabaleta, Mariel Fern\u00e1ndez o Alberto Descalzo (a trav\u00e9s de su hijo Pablo) se disputen estos lugares en internas que pueden minar sus posibilidades de conservar sus lugares seguros. Esto nos deja con que en las intendencias habr\u00e1 primarias en donde los <strong>liderazgos no est\u00e1n muy claros<\/strong> y se corren del eje al que le conviene.<\/p>\n<p class=\"destacadoNota\"><a target=\"_blank\" href=\"https:\/\/www.perfil.com\/noticias\/canal-e\/eduardo-reina-el-gran-objetivo-de-sergio-massa-es-preservar-a-malena-en-tigre.phtml\" rel=\"noopener noreferrer\">Eduardo Reina: \u00abEl gran objetivo de Sergio Massa es preservar a Malena en Tigre\u00bb<\/a><\/p>\n<p>Este es el caso de <a target=\"_blank\" href=\"https:\/\/www.perfil.com\/noticias\/politica\/habra-paso-entre-galmarini-y-zamora-en-tigre-la-junta-electoral-habilito-al-intendente.phtml\" rel=\"noopener noreferrer\"><strong>Julio Zamora<\/strong> que dio la batalla y logr\u00f3 ser habilitado en Tigre<\/a> para enfrentar a la esposa de su antecesor Sergio Massa. Esto es porque el \u201ccandidato de unidad\u201d tambi\u00e9n juega para lograr nuevamente una local\u00eda recuperando su antiguo territorio a trav\u00e9s de su esposa, <strong>Malena Galmarini<\/strong>, a quien puso a competir con su antiguo delf\u00edn para poder encontrar un lugar donde hacer pie si pierde. Este <strong>objetivo tambi\u00e9n lo comparte con el PJ y el kirchnerismo en general que buscan asegurarse un lugar donde replegarse ante la inminente p\u00e9rdida del poder<\/strong>, donde poder reconstruirse para otras elecciones.<\/p>\n<p>Por eso pese a que se lleven bien o mal entre Massa y Kicillof, parece que ambos van a encontrar las v\u00edas para lograr un <strong>consenso de forma m\u00e1s bien pac\u00edfica porque ambos comparten el mismo objetivo que los barones en el plan \u201csobrevivir<\/strong>\u201d. Lo cierto es que la centralidad del <strong>Conurbano <\/strong>es innegable para la Argentina, dado que concentra el<strong> 29% de la poblaci\u00f3n<\/strong>. Pero tambi\u00e9n es un basti\u00f3n simb\u00f3lico fuert\u00edsimo para el peronismo, no solo porque es su punto fuerte, sino porque concentra al <strong>40% de los pobres<\/strong> de la Argentina que tanto protagonizan los discursos de los l\u00edderes del PJ. En una contienda electoral, los municipios del Conurbano resultan clave para lograr la victoria, de all\u00ed su centralidad pol\u00edtica.<\/p>\n<div>\n<figure class=\"image\"><img alt=\"Alberto Fern\u00e1ndez, Sergio Massa y Cristina Kirchner\" src=\"http:\/\/cordobainforma.info\/wp-content\/uploads\/2023\/07\/plan-sobrevivir-la-batalla-del-peronismo-esta-en-el-conurbano-1.jpg\" loading=\"lazy\"><figcaption>Agust\u00edn Rossi, Sergio Massa, Alberto Fern\u00e1ndez y Cristina Kirchner.<\/figcaption><\/figure>\n<\/div>\n<p>Por eso el cristinismo apuesta fuerte en la provincia de Buenos Aires y de hecho todas sus fichas est\u00e1n puestas ah\u00ed en <a target=\"_blank\" href=\"https:\/\/www.perfil.com\/noticias\/politica\/maximo-kirchner-massa-y-kicillof-pueden-impulsar-la-titanica-tarea-de-sacar-argentina-adelante.phtml\" rel=\"noopener noreferrer\"><strong>M\u00e1ximo Kirchner y Wado de Pedro<\/strong><\/a> que encabezan una larga lista de kirchneristas repartidos en diversos distritos como Mart\u00edn Rodr\u00edguez (pareja de Luana Volnovich), Margarita Recalde, Emmanuel Gonz\u00e1lez Santalla de Avellaneda, Amira Curi de La C\u00e1mpora, Mar\u00eda Rosa Mart\u00ednez, Facundo Ballesteros, Micaela Olivetto, Jos\u00e9 Ignacio Rossi, Ayel\u00e9n Duran, Mercedes Land\u00edvar, C\u00e9sar Valicenti y en La Plata la postulaci\u00f3n al Senado de la provincia de la controvertida Florencia Saintout.<\/p>\n<p>Porque es la clave de una elecci\u00f3n nacional y por su complejo entramado social que mezcla lo m\u00e1s alto y lo m\u00e1s bajo de la sociedad argentina, el Conurbano ha llamado la atenci\u00f3n de investigadores, acad\u00e9micos, pol\u00edticos y analistas. El conurbano es, al decir de Adri\u00e1n Gorelik (historiador que se dedic\u00f3 en extenso a estudiar este tema) una <em>terra inc\u00f3gnita<\/em> que se destaca por su contraste con sus territorios vecinos de la Ciudad de Buenos Aires y el interior de la misma provincia de la que es parte y que por esto se convierte en \u201c<strong>la madre de todas las batallas<\/strong>\u201d.<\/p>\n<p class=\"destacadoNota\"><a target=\"_blank\" href=\"https:\/\/www.perfil.com\/noticias\/columnistas\/el-narcisismo-encadena-a-los-politicos-lo-que-nos-refleja-es-la-mirada-del-otro-por-eduardo-reina.phtml\" rel=\"noopener noreferrer\">El narcisismo encadena a los pol\u00edticos: lo que nos refleja es la mirada del otro<\/a><\/p>\n<p><strong>Massa se kirchneriza porque necesita los votos duros de Cristina Kirchner y ella guarda la esperanza de conservar algo de m\u00edstica mediante el triunfo de \u00e9l<\/strong>. Por eso el espaldarazo que el d\u00eda 9 de julio la jefa le dio a su nuevo elegido mientras despreciaba al antiguo, Alberto Fern\u00e1ndez: \u201c<a target=\"_blank\" href=\"https:\/\/www.perfil.com\/noticias\/politica\/sergio-massa-casi-llora-cuando-dady-brieva-le-mostro-elogios-de-cristina-kirchner.phtml\" rel=\"noopener noreferrer\">Te hiciste cargo en un momento muy complejo, no arrugaste y segu\u00eds para adelante<\/a>\u201d.<\/p>\n<p><strong>Hoy Sergio es el mejor delf\u00edn de Cristina y el primer militante de La C\u00e1mpora, pero la pregunta es si gana el transformista \u00bfseguir\u00e1 siendo fiel a su nueva piel o ser\u00e1 una nueva versi\u00f3n?<\/strong><\/p>\n<p><em>El Diablo paga con traici\u00f3n a quien le sirve con lealtad (Luis Pineda Castellanos).<\/em><\/p>\n<div class=\"article__tags\">\n<p>En esta Nota<\/p>\n<\/p><\/div>\n","protected":false},"excerpt":{"rendered":"<p>La batalla del peronismo est\u00e1 en el Conurbano y ah\u00ed se ve algo similar a lo que se vio hasta ahora en las provincias gobernadas por integrantes del oficialismo donde se eligi\u00f3 ir separados de la nacional para preservar el cargo. Los barones del Conurbano ya est\u00e1n trabajando m\u00e1s para mantener su poder local que [&hellip;]<\/p>\n","protected":false},"author":1,"featured_media":80846,"comment_status":"closed","ping_status":"closed","sticky":false,"template":"","format":"standard","meta":[],"categories":[2],"tags":[],"_links":{"self":[{"href":"http:\/\/cordobainforma.info\/index.php\/wp-json\/wp\/v2\/posts\/80845"}],"collection":[{"href":"http:\/\/cordobainforma.info\/index.php\/wp-json\/wp\/v2\/posts"}],"about":[{"href":"http:\/\/cordobainforma.info\/index.php\/wp-json\/wp\/v2\/types\/post"}],"author":[{"embeddable":true,"href":"http:\/\/cordobainforma.info\/index.php\/wp-json\/wp\/v2\/users\/1"}],"replies":[{"embeddable":true,"href":"http:\/\/cordobainforma.info\/index.php\/wp-json\/wp\/v2\/comments?post=80845"}],"version-history":[{"count":0,"href":"http:\/\/cordobainforma.info\/index.php\/wp-json\/wp\/v2\/posts\/80845\/revisions"}],"wp:featuredmedia":[{"embeddable":true,"href":"http:\/\/cordobainforma.info\/index.php\/wp-json\/wp\/v2\/media\/80846"}],"wp:attachment":[{"href":"http:\/\/cordobainforma.info\/index.php\/wp-json\/wp\/v2\/media?parent=80845"}],"wp:term":[{"taxonomy":"category","embeddable":true,"href":"http:\/\/cordobainforma.info\/index.php\/wp-json\/wp\/v2\/categories?post=80845"},{"taxonomy":"post_tag","embeddable":true,"href":"http:\/\/cordobainforma.info\/index.php\/wp-json\/wp\/v2\/tags?post=80845"}],"curies":[{"name":"wp","href":"https:\/\/api.w.org\/{rel}","templated":true}]}}