{"id":79629,"date":"2023-07-01T04:03:52","date_gmt":"2023-07-01T04:03:52","guid":{"rendered":"http:\/\/cordobainforma.info\/index.php\/2023\/07\/01\/sera-muy-muy-sangrienta-el-estado-mayor-de-ee-uu-admite-que-la-contraofensiva-de-kiev-va-mas-lento-de-lo-previsto\/"},"modified":"2023-07-01T04:03:52","modified_gmt":"2023-07-01T04:03:52","slug":"sera-muy-muy-sangrienta-el-estado-mayor-de-ee-uu-admite-que-la-contraofensiva-de-kiev-va-mas-lento-de-lo-previsto","status":"publish","type":"post","link":"http:\/\/cordobainforma.info\/index.php\/2023\/07\/01\/sera-muy-muy-sangrienta-el-estado-mayor-de-ee-uu-admite-que-la-contraofensiva-de-kiev-va-mas-lento-de-lo-previsto\/","title":{"rendered":"\u00abSer\u00e1 muy, muy sangrienta\u00bb: el Estado Mayor de EE.UU. admite que la contraofensiva de Kiev va m\u00e1s lento de lo previsto"},"content":{"rendered":"<p><img src=\"http:\/\/cordobainforma.info\/wp-content\/uploads\/2023\/07\/sera-muy-muy-sangrienta-el-estado-mayor-de-ee-uu-admite-que-la-contraofensiva-de-kiev-va-mas-lento-de-lo-previsto.jpg\"><\/p>\n<div readability=\"32\">\n<p><span>Publicado:<\/span><time class=\"Timestamp-root Timestamp-isBlackColor \" datetime=\"2023-07-01T04:03:52+00:00\"> 1 jul 2023 04:03 GMT <\/time><\/p>\n<\/div>\n<div readability=\"33\">\n<p> Las declaraciones de Mark Milley tienen lugar en un contexto de reportes medi\u00e1ticos que mencionan los problemas que enfrentan las tropas de Kiev ante la buena preparaci\u00f3n de las defensas rusas. <\/p>\n<\/div>\n<div readability=\"103.63610619469\">\n<p>La contraofensiva de las tropas ucranianas ser\u00e1 \u00abmuy sangrienta\u00bb, <a href=\"https:\/\/www.youtube.com\/watch?v=1sYHAThVXLQ\" target=\"_blank\" rel=\"noopener noreferrer\">afirm\u00f3<\/a> este viernes&nbsp;el&nbsp;jefe del Estado Mayor Conjunto de EE.UU., el general Mark Milley, al intervenir en el Club Nacional de Prensa.<\/p>\n<p>La contraofensiva ucraniana ser\u00e1 \u00abmuy dif\u00edcil, muy larga y muy, muy sangrienta\u00bb, y \u00abnadie debe abrigar ilusiones sobre todo eso\u00bb, dijo Milley. \u00ab[Los ucranianos] luchan contra un pa\u00eds muy considerable con 140 millones [de personas] de poblaci\u00f3n, nueve&nbsp;husos horarios, un gran Ej\u00e9rcito, muchas municiones y as\u00ed sucesivamente\u00bb, afirm\u00f3.<\/p>\n<p>Adem\u00e1s, Milley constat\u00f3 que la contraofensiva se realiza m\u00e1s lentamente de lo pronosticado, pero dijo que esto no le sorprende. \u00abEs parte de la naturaleza de guerra\u00bb, explic\u00f3. \u00ab\u00bfSucede m\u00e1s lentamente que lo que ordenadores pudieron haber dicho u otras personas&nbsp;pudieron haber dicho? S\u00ed, y lo que yo&nbsp;dije es que tardar\u00eda seis, ocho o diez semanas\u00bb, sostuvo.<\/p>\n<h3>Medios occidentales sobre la contraofensiva<\/h3>\n<p>Las&nbsp;declaraciones de Milley tienen lugar en un&nbsp;contexto de&nbsp;reportes medi\u00e1ticos que mencionan los problemas que enfrentan las tropas de Kiev ante la buena preparaci\u00f3n de las defensas rusas. El lunes,&nbsp;Politico&nbsp;<a href=\"https:\/\/actualidad.rt.com\/actualidad\/471495-politico-aviacion-rusia-campos-minados-obstaculizar-contraofensiva-ucrania\" target=\"_blank\" rel=\"noopener noreferrer\">report\u00f3<\/a>,&nbsp;citando a&nbsp;funcionarios ucranianos, que la&nbsp;actividad de la aviaci\u00f3n rusa, los campos minados y el mal tiempo obstaculizan el avance de las tropas ucranianas en el marco de su contraofensiva. Forbes tambi\u00e9n&nbsp;<a href=\"https:\/\/actualidad.rt.com\/actualidad\/471742-forbes-kiev-sufre-desastre-contraofensiva\" target=\"_blank\" rel=\"noopener noreferrer\">calific\u00f3<\/a>&nbsp;este martes la \u00abampliamente anticipada\u00bb contraofensiva ucraniana como un \u00abdesastre\u00bb por las p\u00e9rdidas de&nbsp;veh\u00edculos de combate y tanques de fabricaci\u00f3n occidental, as\u00ed como una cantidad significativa de efectivos.<\/p>\n<div class=\"ReadMore-root Section-root Section-is1to3-xs_is1to1\" data-widgets=\"ReadMore\">\n<div class=\"Section-container Section-isRow-isTop-isWrap\">\n<article class=\"Card-root Card-is1to1 \">\n<div class=\"Card-imageWrap\">\n<div class=\"Card-picture\"> <picture class=\"Picture-root Picture-default\"><!--[if IE 9]><video style=\"display: none;\"><![endif]--><source media=\"(-webkit-min-device-pixel-ratio: 2) and (min-resolution: 120dpi)\" srcset=\"http:\/\/cordobainforma.info\/wp-content\/uploads\/2023\/07\/sera-muy-muy-sangrienta-el-estado-mayor-de-ee-uu-admite-que-la-contraofensiva-de-kiev-va-mas-lento-de-lo-previsto-2.jpg 850w, http:\/\/cordobainforma.info\/wp-content\/uploads\/2023\/07\/sera-muy-muy-sangrienta-el-estado-mayor-de-ee-uu-admite-que-la-contraofensiva-de-kiev-va-mas-lento-de-lo-previsto-3.jpg 1960w\"><source srcset=\"http:\/\/cordobainforma.info\/wp-content\/uploads\/2023\/07\/sera-muy-muy-sangrienta-el-estado-mayor-de-ee-uu-admite-que-la-contraofensiva-de-kiev-va-mas-lento-de-lo-previsto-2.jpg 460w, http:\/\/cordobainforma.info\/wp-content\/uploads\/2023\/07\/sera-muy-muy-sangrienta-el-estado-mayor-de-ee-uu-admite-que-la-contraofensiva-de-kiev-va-mas-lento-de-lo-previsto-3.jpg 980w\"><!--[if IE 9]><\/video><![endif]--><img data-sizes=\"auto\" src=\"http:\/\/cordobainforma.info\/wp-content\/uploads\/2023\/07\/sera-muy-muy-sangrienta-el-estado-mayor-de-ee-uu-admite-que-la-contraofensiva-de-kiev-va-mas-lento-de-lo-previsto-2.jpg\" class=\"Picture-root Picture-default lazyload\" alt=\"&quot;Es c\u00ednico y siniestro que se permita seguir con estos asaltos suicidas&quot;: corresponsal de RT eval\u00faa la contraofensiva ucraniana ante la ONU\"><\/picture><!-- noscript pattern --><noscript><img src=\"http:\/\/cordobainforma.info\/wp-content\/uploads\/2023\/07\/sera-muy-muy-sangrienta-el-estado-mayor-de-ee-uu-admite-que-la-contraofensiva-de-kiev-va-mas-lento-de-lo-previsto-3.jpg\" alt=\"&quot;Es c\u00ednico y siniestro que se permita seguir con estos asaltos suicidas&quot;: corresponsal de RT eval\u00faa la contraofensiva ucraniana ante la ONU\"><\/noscript> <\/div><\/div>\n<\/article><\/div><\/div>\n<p>Adem\u00e1s, seg\u00fan funcionarios estadounidenses an\u00f3nimos,&nbsp;<a href=\"https:\/\/www.nytimes.com\/2023\/06\/26\/world\/europe\/ukraine-counteroffensive.html\" target=\"_blank\" rel=\"noopener noreferrer\">citados<\/a>&nbsp;este lunes por The New York Times, al menos 17 de los 113 de los mencionados carros de combate (es decir, m\u00e1s de un 15 %) han sido da\u00f1ados o destruidos durante la contraofensiva.<\/p>\n<p>Al mismo tiempo, Christopher Cavoli, m\u00e1ximo comandante de la OTAN en Europa, en una reuni\u00f3n privada la semana pasada, <a href=\"https:\/\/actualidad.rt.com\/actualidad\/471669-ft-otan-cree-contraofensiva-ucraniana-no-tenido-exito\" target=\"_blank\" rel=\"noopener noreferrer\">afirm\u00f3<\/a>, citado por Financial Times, que Ucrania a\u00fan no ha logrado \u00e9xitos significativos durante su operaci\u00f3n militar y que estaba esforz\u00e1ndose por sobreponerse a las&nbsp;<a href=\"https:\/\/actualidad.rt.com\/actualidad\/471495-politico-aviacion-rusia-campos-minados-obstaculizar-contraofensiva-ucrania\" target=\"_blank\" rel=\"noopener noreferrer\">defensas rusas<\/a>.<\/p>\n<h3>Reacci\u00f3n de Kiev<\/h3>\n<p>Entre tanto, el presidente ucraniano, Vlad\u00edmir Zelenski, admiti\u00f3 la semana pasada que&nbsp;la contraofensiva de Kiev va \u00abm\u00e1s lenta de lo deseado\u00bb.&nbsp;\u00abAlgunos creen que es&nbsp;una pel\u00edcula de Hollywood&nbsp;y esperan resultados ahora. No lo es. Lo que est\u00e1 en juego es la vida de las personas\u00bb, <a href=\"https:\/\/actualidad.rt.com\/actualidad\/470792-zelenski-admite-contraofensiva-mas-lento-deseado\" target=\"_blank\" rel=\"noopener noreferrer\">dijo<\/a> el mandatario ucraniano y apunt\u00f3 que la contraofensiva se complica por los vastos campos de minas preparados por las fuerzas rusas.<\/p>\n<p>El ministro de Defensa de Ucrania,&nbsp;Alex\u00e9i R\u00e9znikov, <a href=\"https:\/\/actualidad.rt.com\/actualidad\/471298-ministro-defensa-ucrania-expectativas-contraofensiva-sobreestimadas\" target=\"_blank\" rel=\"noopener noreferrer\">afirm\u00f3<\/a> que \u00ablas&nbsp;expectativas sobre el plan de la actual contraofensiva han sido sobreestimadas\u00bb, calficando&nbsp;la fase&nbsp;en curso como \u00aboperaci\u00f3n preparatoria\u00bb.<\/p><figcaption class=\"Video-caption\"><\/figcaption><\/div>\n","protected":false},"excerpt":{"rendered":"<p>Publicado: 1 jul 2023 04:03 GMT Las declaraciones de Mark Milley tienen lugar en un contexto de reportes medi\u00e1ticos que mencionan los problemas que enfrentan las tropas de Kiev ante la buena preparaci\u00f3n de las defensas rusas. La contraofensiva de las tropas ucranianas ser\u00e1 \u00abmuy sangrienta\u00bb, afirm\u00f3 este viernes&nbsp;el&nbsp;jefe del Estado Mayor Conjunto de EE.UU., [&hellip;]<\/p>\n","protected":false},"author":1,"featured_media":79630,"comment_status":"closed","ping_status":"closed","sticky":false,"template":"","format":"standard","meta":[],"categories":[22],"tags":[],"_links":{"self":[{"href":"http:\/\/cordobainforma.info\/index.php\/wp-json\/wp\/v2\/posts\/79629"}],"collection":[{"href":"http:\/\/cordobainforma.info\/index.php\/wp-json\/wp\/v2\/posts"}],"about":[{"href":"http:\/\/cordobainforma.info\/index.php\/wp-json\/wp\/v2\/types\/post"}],"author":[{"embeddable":true,"href":"http:\/\/cordobainforma.info\/index.php\/wp-json\/wp\/v2\/users\/1"}],"replies":[{"embeddable":true,"href":"http:\/\/cordobainforma.info\/index.php\/wp-json\/wp\/v2\/comments?post=79629"}],"version-history":[{"count":0,"href":"http:\/\/cordobainforma.info\/index.php\/wp-json\/wp\/v2\/posts\/79629\/revisions"}],"wp:featuredmedia":[{"embeddable":true,"href":"http:\/\/cordobainforma.info\/index.php\/wp-json\/wp\/v2\/media\/79630"}],"wp:attachment":[{"href":"http:\/\/cordobainforma.info\/index.php\/wp-json\/wp\/v2\/media?parent=79629"}],"wp:term":[{"taxonomy":"category","embeddable":true,"href":"http:\/\/cordobainforma.info\/index.php\/wp-json\/wp\/v2\/categories?post=79629"},{"taxonomy":"post_tag","embeddable":true,"href":"http:\/\/cordobainforma.info\/index.php\/wp-json\/wp\/v2\/tags?post=79629"}],"curies":[{"name":"wp","href":"https:\/\/api.w.org\/{rel}","templated":true}]}}