{"id":79564,"date":"2023-06-30T23:39:19","date_gmt":"2023-06-30T23:39:19","guid":{"rendered":"https:\/\/somoscordobeses.com\/2023\/06\/30\/el-oficialismo-sigue-suturando-heridas-tras-el-cierre-alberto-fernandez-recibio-a-daniel-scioli-y-sergio-massa-se-muestra-con-juan-manzur\/"},"modified":"2023-06-30T23:39:19","modified_gmt":"2023-06-30T23:39:19","slug":"el-oficialismo-sigue-suturando-heridas-tras-el-cierre-alberto-fernandez-recibio-a-daniel-scioli-y-sergio-massa-se-muestra-con-juan-manzur","status":"publish","type":"post","link":"http:\/\/cordobainforma.info\/index.php\/2023\/06\/30\/el-oficialismo-sigue-suturando-heridas-tras-el-cierre-alberto-fernandez-recibio-a-daniel-scioli-y-sergio-massa-se-muestra-con-juan-manzur\/","title":{"rendered":"El oficialismo sigue suturando heridas tras el cierre: Alberto Fern\u00e1ndez recibi\u00f3 a Daniel Scioli y Sergio Massa se muestra con Juan Manzur"},"content":{"rendered":"<p><a href=\"https:\/\/curiosidades.com.ar\" rel=\"dofollow\" onmouseover=\"this.style.color='#fff';\" onmouseout=\"this.style.color='#fff';\">sabias que datos curiosos<\/a><br \/>\n<a href=\"https:\/\/elmonterizo.com\" rel=\"dofollow\" onmouseover=\"this.style.color='#fff';\" onmouseout=\"this.style.color='#fff';\">Ultimas Noticias y datos curiosos<\/a> <\/p>\n<div>\n<h2>El embajador en Brasil se reuni\u00f3 con el Presidente y volvi\u00f3 a verse con el precandidato presidencial, que tambi\u00e9n recibe al gobernador tucumano.<\/h2>\n<p> Son <strong>enemigos \u00edntimos<\/strong>, pero en su af\u00e1n por mostrar unidad, <strong>Sergio Massa<\/strong> volvi\u00f3 a mostrarse por segundo d\u00eda consecutivo con <strong>Daniel Scioli<\/strong>. El precandidato presidencial de Uni\u00f3n por la Patria comparti\u00f3 un acto en el CCK con el embajador en Brasil, que horas despu\u00e9s visit\u00f3 a&nbsp;Alberto Fern\u00e1ndez, tras el traum\u00e1tico cierre del oficialismo. <\/p>\n<p> \u00abHablamos con Daniel Scioli sobre la necesidad de construir unidos el futuro. Su compromiso institucional es muy claro, debemos aprovechar todo su conocimiento y su capital pol\u00edtico. <strong>Nos une una amistad de m\u00e1s de 20 a\u00f1os<\/strong> y la b\u00fasqueda de una sociedad m\u00e1s justa y democr\u00e1tica\u00bb, tuite\u00f3 el jefe de Estado tras su encuentro a solas con el embajador.&nbsp;<\/p>\n<p> En su fuero \u00edntimo el ex gobernador y vicepresidente siempre pens\u00f3 que Fern\u00e1ndez pod\u00eda soltarle la mano, seg\u00fan record\u00f3 un dirigente peronista que habla con Scioli y trabaja por afuera de UP. <\/p>\n<p> El Presidente y el embajador se vieron horas despu\u00e9s del cierre de listas, durante el viaje del primero a Brasil&nbsp;para conmemorar los 200 a\u00f1os de relaciones diplom\u00e1ticas entre los dos pa\u00edses. El ruido continu\u00f3 en los d\u00edas subsiguientes. Volver\u00e1n a encontrarse el martes, en Puerto Iguaz\u00fa en la Cumbre del Mercosur. All\u00ed tambi\u00e9n viajar\u00e1 el lunes Massa.&nbsp;<\/p>\n<p> El peronismo busca dar vuelta la p\u00e1gina despu\u00e9s de las <strong>acusaciones cruzadas entre los diferentes aliados<\/strong> por el cierre que dej\u00f3 a Scioli sin precandidatura presidencial y a <strong>dos referentes pol\u00edticos del jefe de Estado,&nbsp;<\/strong>que trabajaban en la campa\u00f1a del ex motonauta, adentro de la lista.<\/p>\n<p> Como cont\u00f3 el <strong>vicejefe de Gabinete Juan Manuel Olmos<\/strong>, Scioli no acept\u00f3 ser el candidato nacional al Parlasur, una idea que le transmitieron el Presidente y el canciller Santiago Cafiero. \u00ab<strong>Solo quer\u00eda ir de presidente<\/strong>\u00ab, dijo un funcionario que particip\u00f3 de esas negociaciones.<\/p>\n<p> Algunos de los <strong>colaboradores m\u00e1s estrechos de Scioli<\/strong> tambi\u00e9n abonaron las <strong>hip\u00f3tesis de traici\u00f3n<\/strong> que deslizaron desde el kirchnerismo. <\/p>\n<p> <img decoding=\"async\" alt=\"Sergio Massa y Manzur.\" height=\"100\" loading=\"lazy\" src=\"http:\/\/cordobainforma.info\/wp-content\/uploads\/2023\/07\/el-oficialismo-sigue-suturando-heridas-tras-el-cierre-alberto-fernandez-recibio-a-daniel-scioli-y-sergio-massa-se-muestra-con-juan-manzur.jpg\" width=\"100\"> <\/p><figcaption>Sergio Massa y Manzur. <\/figcaption><p>Scioli termin\u00f3 as\u00ed un <strong>raid de reconciliaci\u00f3n pol\u00edtica <\/strong>que arranc\u00f3 el mi\u00e9rcoles, <strong>cuando visit\u00f3 a Cristina Kirchner<\/strong> en el Senado. Hab\u00eda sido la propia vicepresidenta la que el lunes anticip\u00f3 en el acto de aeroparque junto a Massa que hab\u00eda hablado por tel\u00e9fono con el ex gobernador bonaerense. \u00ab<strong>Nunca en mis 20 a\u00f1os de pol\u00edtica me sent\u00ed tan traicionado<\/strong>\u00ab, fue el mensaje que, seg\u00fan trascendidos, el ex gobernador le hab\u00eda transmitido a la ex mandataria por tel\u00e9fono. Lorena Scioli, la hija del embajador que tambi\u00e9n fue parte del fugaz equipo de campa\u00f1a, enfatiz\u00f3 esa lectura con publicaciones en las redes sociales que inclu\u00edan la palabra \u00abtraici\u00f3n\u00bb.<\/p>\n<p> Luego de reunirse con la vicepresidenta, Scioli recibi\u00f3 a Cafiero en sus oficinas&nbsp;de la calle San Mart\u00edn. El canciller hab\u00eda sido&nbsp;apuntado por el kirchnerismo duro. El embajador y Cafiero volvieron a hablar por tel\u00e9fono este viernes por la tarde despu\u00e9s de que Fern\u00e1ndez recibiera a Scioli al mediod\u00eda en Casa Rosada. <\/p>\n<p> Por la ma\u00f1ana, <strong>Scioli comparti\u00f3 un acto en el CCK con Massa<\/strong>, que lo recibi\u00f3 en la puerta del ministerio de Econom\u00eda. \u00ab<strong>Amigo ministro de Econom\u00eda<\/strong>, candidato a presidente Sergio Massa, un reconocimiento por poner en el centro del debate que se viene un ejemplo emblem\u00e1tico, el rol de Aerol\u00edneas Argentinas y su impacto positivo\u00bb, exager\u00f3 Scioli en el acto de la aerol\u00ednea de bandera, donde tambi\u00e9n estuvo el ministro de Turismo <strong>Mat\u00edas Lammens<\/strong>, cuya Cartera le ofrecieron al ahora embajador cuando tuvo que dejar Producci\u00f3n por el desembarco de Massa. <\/p>\n<p> Las escenificaciones de unidad se multiplica por estas horas en el oficialismo, cuando todav\u00eda el cierre dej\u00f3 un tendal de heridos. La Patria es el otro, la agrupaci\u00f3n de Andr\u00e9s Larroque, que se qued\u00f3 afuera de las listas, tard\u00f3 96&nbsp;horas en difundir un escueto comunicado de apoyo a la candidatura de Massa y Agust\u00edn Rossi.&nbsp;<\/p>\n<p> El ministro de Econom\u00eda recib\u00eda el viernes a Juan Manzur, el fallido compa\u00f1ero de f\u00f3rmula de Eduardo de Pedro.<\/p>\n<p> \u00abEn esta etapa hay que mostrar unidad y gesti\u00f3n. Por eso hay una coralidad bancando la unidad, porque ordena y estabiliza a cada eje. En esta l\u00ednea seguir\u00e1n saliendo gobernadores, pol\u00edticos sindicalista y empresarios\u00bb, explicaron cerca del precandidato presidencial. El oficialismo busca poner en valor su unidad frente a la interna de JxC. En el Fren te Renovador, creen que los encuentros con Scioli y Manzur son adem\u00e1s un gesto hacia el centro del electorado al que el ministro pretende seducir.&nbsp;<\/p>\n<p> Hay excepciones, Massa presion\u00f3 para que la junta electoral baje la <strong>candidatura de Julio Zamora,&nbsp;<\/strong>actual intendente de Tigre. La titular de Aysa Malena Galmarini, que busca quedarse con la intendencia y llevar\u00e1 el nombre de su esposo al tope de la boleta, planeaba asistir al lanzamiento de <strong>Dami\u00e1n Contreras<\/strong>, el funcionario de Transporte que competir\u00e1 en las PASO contra la ejecutiva municipal de Moreno, <strong>Mariel Fern\u00e1ndez<\/strong>, vicepresidenta del PJ y referente del Evita.&nbsp;<\/p>\n<p> Scioli regresaba este mismo viernes a Brasilia. A\u00fan no est\u00e1 claro su rol en la campa\u00f1a, aunque en&nbsp;su equipo apuestan que podr\u00eda compartir actos de gesti\u00f3n con Axel Kicillof. \u00abBrasil es el socio comercial m\u00e1s importante del pa\u00eds.&nbsp;Cualquier cosa que se precise o accione lo va a tener a Daniel facilitando, como siempre lo hizo\u00bb, se\u00f1alaron los hombres del Presidente.&nbsp;<\/p>\n<\/div>\n<nav class=\"navigation post-navigation\" aria-label=\"Continue Reading\">\n<h2 class=\"screen-reader-text\">Continue Reading<\/h2>\n<\/nav>\n","protected":false},"excerpt":{"rendered":"<p>sabias que datos curiosos Ultimas Noticias y datos curiosos El embajador en Brasil se reuni\u00f3 con el Presidente y volvi\u00f3 a verse con el precandidato presidencial, que tambi\u00e9n recibe al gobernador tucumano. Son enemigos \u00edntimos, pero en su af\u00e1n por mostrar unidad, Sergio Massa volvi\u00f3 a mostrarse por segundo d\u00eda consecutivo con Daniel Scioli. El [&hellip;]<\/p>\n","protected":false},"author":1,"featured_media":79565,"comment_status":"closed","ping_status":"closed","sticky":false,"template":"","format":"standard","meta":[],"categories":[2],"tags":[],"_links":{"self":[{"href":"http:\/\/cordobainforma.info\/index.php\/wp-json\/wp\/v2\/posts\/79564"}],"collection":[{"href":"http:\/\/cordobainforma.info\/index.php\/wp-json\/wp\/v2\/posts"}],"about":[{"href":"http:\/\/cordobainforma.info\/index.php\/wp-json\/wp\/v2\/types\/post"}],"author":[{"embeddable":true,"href":"http:\/\/cordobainforma.info\/index.php\/wp-json\/wp\/v2\/users\/1"}],"replies":[{"embeddable":true,"href":"http:\/\/cordobainforma.info\/index.php\/wp-json\/wp\/v2\/comments?post=79564"}],"version-history":[{"count":0,"href":"http:\/\/cordobainforma.info\/index.php\/wp-json\/wp\/v2\/posts\/79564\/revisions"}],"wp:featuredmedia":[{"embeddable":true,"href":"http:\/\/cordobainforma.info\/index.php\/wp-json\/wp\/v2\/media\/79565"}],"wp:attachment":[{"href":"http:\/\/cordobainforma.info\/index.php\/wp-json\/wp\/v2\/media?parent=79564"}],"wp:term":[{"taxonomy":"category","embeddable":true,"href":"http:\/\/cordobainforma.info\/index.php\/wp-json\/wp\/v2\/categories?post=79564"},{"taxonomy":"post_tag","embeddable":true,"href":"http:\/\/cordobainforma.info\/index.php\/wp-json\/wp\/v2\/tags?post=79564"}],"curies":[{"name":"wp","href":"https:\/\/api.w.org\/{rel}","templated":true}]}}