{"id":79562,"date":"2023-06-30T23:39:33","date_gmt":"2023-06-30T23:39:33","guid":{"rendered":"https:\/\/somoscordobeses.com\/2023\/06\/30\/la-gallega-zendal-fabricara-vacunas-para-europa-en-caso-de-emergencia-sanitaria\/"},"modified":"2023-06-30T23:39:33","modified_gmt":"2023-06-30T23:39:33","slug":"la-gallega-zendal-fabricara-vacunas-para-europa-en-caso-de-emergencia-sanitaria","status":"publish","type":"post","link":"http:\/\/cordobainforma.info\/index.php\/2023\/06\/30\/la-gallega-zendal-fabricara-vacunas-para-europa-en-caso-de-emergencia-sanitaria\/","title":{"rendered":"La gallega Zendal fabricar\u00e1 vacunas para Europa en caso de emergencia sanitaria"},"content":{"rendered":"<p><a href=\"https:\/\/curiosidades.com.ar\" rel=\"dofollow\" onmouseover=\"this.style.color='#fff';\" onmouseout=\"this.style.color='#fff';\">sabias que datos curiosos<\/a><br \/>\n<a href=\"https:\/\/elmonterizo.com\" rel=\"dofollow\" onmouseover=\"this.style.color='#fff';\" onmouseout=\"this.style.color='#fff';\">Ultimas Noticias y datos curiosos<\/a> <\/p>\n<div>\n<p> La farmac\u00e9utica Reig Jofre y la biotecnol\u00f3gica CZ Vaccines, del grupo Zendal, han cerrado un acuerdo con la agencia europea en el \u00e1mbito de la salud, HaDEA, para<strong>&nbsp;garantizar la capacidad de producci\u00f3n de vacunas en Europa y un acceso r\u00e1pido a \u00e9stas en el caso de una nueva emergencia sanitaria.<\/strong> <\/p>\n<p> El acuerdo, suscrito por cuatro a\u00f1os, se enmarca en el proceso iniciado por la Comisi\u00f3n Europea para&nbsp;<strong>asegurar una red de fabricaci\u00f3n y suministro en toda la <\/strong>Uni\u00f3n Europea, seg\u00fan ha destacado este viernes en un comunicado ambas compa\u00f1\u00edas. <\/p>\n<p> El consorcio formado por la farmac\u00e9utica y CZ Vaccines ha sido uno de los cuatro adjudicatarios finales en este proceso. <\/p>\n<p> La agencia HaDEA se reserva la posibilidad de extender este acuerdo de fabricaci\u00f3n en dos pr\u00f3rrogas hasta una duraci\u00f3n m\u00e1xima de ocho a\u00f1os. <\/p>\n<p> Las capacidades combinadas de las dos firmas,<strong>&nbsp;Zendal desde O Porri\u00f1o (Pontevedra) y Reig Jofre desde Barcelona, aseguran un proceso de fabricaci\u00f3n integrado, desde el ant\u00edgeno hasta la forma final de dosificaci\u00f3n de la <\/strong><strong>vacuna<\/strong><strong>.<\/strong> <\/p>\n<p> El acuerdo contempla el compromiso de las dos compa\u00f1\u00edas de producir y entregar dentro del territorio de la UE las dosis de vacunas asignadas en el contrato, en un periodo de doce meses desde la activaci\u00f3n de una situaci\u00f3n de emergencia. <\/p>\n<p> Reig Jofre ha apuntado que&nbsp;<strong>reservar\u00e1 hasta el 30 % de la capacidad m\u00e1xima anual de su nueva planta de inyectables ubicada en Barcelona para satisfacer las necesidades del programa.<\/strong> <\/p>\n<p> En caso de emergencia, ambas compa\u00f1\u00edas se comprometen a asegurar la cadena de suministro, llevar a cabo la transferencia tecnol\u00f3gica de la vacuna elegida y asignar los equipos t\u00e9cnicos en el proceso para satisfacer la demanda. <\/p>\n<\/div>\n<nav class=\"navigation post-navigation\" aria-label=\"Continue Reading\">\n<h2 class=\"screen-reader-text\">Continue Reading<\/h2>\n<\/nav>\n","protected":false},"excerpt":{"rendered":"<p>sabias que datos curiosos Ultimas Noticias y datos curiosos La farmac\u00e9utica Reig Jofre y la biotecnol\u00f3gica CZ Vaccines, del grupo Zendal, han cerrado un acuerdo con la agencia europea en el \u00e1mbito de la salud, HaDEA, para&nbsp;garantizar la capacidad de producci\u00f3n de vacunas en Europa y un acceso r\u00e1pido a \u00e9stas en el caso de [&hellip;]<\/p>\n","protected":false},"author":1,"featured_media":79563,"comment_status":"closed","ping_status":"closed","sticky":false,"template":"","format":"standard","meta":[],"categories":[2],"tags":[],"_links":{"self":[{"href":"http:\/\/cordobainforma.info\/index.php\/wp-json\/wp\/v2\/posts\/79562"}],"collection":[{"href":"http:\/\/cordobainforma.info\/index.php\/wp-json\/wp\/v2\/posts"}],"about":[{"href":"http:\/\/cordobainforma.info\/index.php\/wp-json\/wp\/v2\/types\/post"}],"author":[{"embeddable":true,"href":"http:\/\/cordobainforma.info\/index.php\/wp-json\/wp\/v2\/users\/1"}],"replies":[{"embeddable":true,"href":"http:\/\/cordobainforma.info\/index.php\/wp-json\/wp\/v2\/comments?post=79562"}],"version-history":[{"count":0,"href":"http:\/\/cordobainforma.info\/index.php\/wp-json\/wp\/v2\/posts\/79562\/revisions"}],"wp:featuredmedia":[{"embeddable":true,"href":"http:\/\/cordobainforma.info\/index.php\/wp-json\/wp\/v2\/media\/79563"}],"wp:attachment":[{"href":"http:\/\/cordobainforma.info\/index.php\/wp-json\/wp\/v2\/media?parent=79562"}],"wp:term":[{"taxonomy":"category","embeddable":true,"href":"http:\/\/cordobainforma.info\/index.php\/wp-json\/wp\/v2\/categories?post=79562"},{"taxonomy":"post_tag","embeddable":true,"href":"http:\/\/cordobainforma.info\/index.php\/wp-json\/wp\/v2\/tags?post=79562"}],"curies":[{"name":"wp","href":"https:\/\/api.w.org\/{rel}","templated":true}]}}