{"id":79515,"date":"2023-06-30T03:57:00","date_gmt":"2023-06-30T03:57:00","guid":{"rendered":"http:\/\/cordobainforma.info\/index.php\/2023\/06\/30\/es-preciso-incluir-a-africa-america-latina-y-paises-de-asia-lula-aboga-por-reformas-en-la-onu\/"},"modified":"2023-06-30T03:57:00","modified_gmt":"2023-06-30T03:57:00","slug":"es-preciso-incluir-a-africa-america-latina-y-paises-de-asia-lula-aboga-por-reformas-en-la-onu","status":"publish","type":"post","link":"http:\/\/cordobainforma.info\/index.php\/2023\/06\/30\/es-preciso-incluir-a-africa-america-latina-y-paises-de-asia-lula-aboga-por-reformas-en-la-onu\/","title":{"rendered":"\u00abEs preciso incluir a \u00c1frica, Am\u00e9rica Latina y pa\u00edses de Asia\u00bb: Lula aboga por reformas en la ONU"},"content":{"rendered":"<p><img src=\"http:\/\/cordobainforma.info\/wp-content\/uploads\/2023\/06\/es-preciso-incluir-a-africa-america-latina-y-paises-de-asia-lula-aboga-por-reformas-en-la-onu.jpg\"><\/p>\n<div><img src=\"http:\/\/cordobainforma.info\/wp-content\/uploads\/2023\/06\/es-preciso-incluir-a-africa-america-latina-y-paises-de-asia-lula-aboga-por-reformas-en-la-onu-2.jpg\" class=\"ff-og-image-inserted\"><\/div>\n<div readability=\"32\">\n<p><span>Publicado:<\/span><time class=\"Timestamp-root Timestamp-isBlackColor \" datetime=\"2023-06-30T03:57:00+00:00\"> 30 jun 2023 03:57 GMT <\/time><\/p>\n<\/div>\n<div readability=\"34\">\n<p> \u00abLa ONU no puede continuar con el mismo tama\u00f1o que ten\u00eda en 1945\u00bb, afirm\u00f3 el mandatario brasile\u00f1o. <\/p>\n<\/div>\n<div readability=\"53.581800580833\">\n<p>El Consejo de Seguridad de la ONU tiene que ser reformado para&nbsp;dar voz a m\u00e1s naciones, <a href=\"https:\/\/www.correiobraziliense.com.br\/politica\/2023\/06\/5105643-lula-pede-reforma-no-conselho-de-seguranca-da-onu-sao-eles-que-fazem-guerra.html\" target=\"_blank\" rel=\"noopener noreferrer\">se\u00f1al\u00f3<\/a> este jueves el presidente de Brasil, Luiz In\u00e1cio Lula da Silva, citado por medios locales. As\u00ed lo declar\u00f3 al intervenir&nbsp;en la inauguraci\u00f3n del Foro de San Pablo, una plataforma que re\u00fane a la izquierda pol\u00edtica de Am\u00e9rica Latina.<\/p>\n<p>\u00abLa ONU no puede continuar con&nbsp;el mismo tama\u00f1o que ten\u00eda en 1945. Es preciso aumentar los miembros de la ONU con \u00c1frica, Am\u00e9rica Latina y los pa\u00edses asi\u00e1ticos. Es esencial cambiar a los miembros permanentes del Consejo de Seguridad. Porque son ellos los que producen las armas y hacen la guerra. Y sin pasar por la decisi\u00f3n del Consejo de Seguridad, estamos en una trinchera\u00bb, afirm\u00f3 el mandatario.<\/p>\n<p>Asimismo, asever\u00f3 que \u00abadem\u00e1s de cuidar nuestro pa\u00eds, tenemos que&nbsp;ocuparnos de reforzar&nbsp;el papel de los sectores progresistas y democr\u00e1ticos de la sociedad en este mundo porque la derecha fascista ha crecido en muchos lugares, y en lugares que nunca imaginamos que volver\u00eda a crecer\u00bb.<\/p>\n<\/div>\n","protected":false},"excerpt":{"rendered":"<p>Publicado: 30 jun 2023 03:57 GMT \u00abLa ONU no puede continuar con el mismo tama\u00f1o que ten\u00eda en 1945\u00bb, afirm\u00f3 el mandatario brasile\u00f1o. El Consejo de Seguridad de la ONU tiene que ser reformado para&nbsp;dar voz a m\u00e1s naciones, se\u00f1al\u00f3 este jueves el presidente de Brasil, Luiz In\u00e1cio Lula da Silva, citado por medios locales. [&hellip;]<\/p>\n","protected":false},"author":1,"featured_media":79516,"comment_status":"closed","ping_status":"closed","sticky":false,"template":"","format":"standard","meta":[],"categories":[22],"tags":[],"_links":{"self":[{"href":"http:\/\/cordobainforma.info\/index.php\/wp-json\/wp\/v2\/posts\/79515"}],"collection":[{"href":"http:\/\/cordobainforma.info\/index.php\/wp-json\/wp\/v2\/posts"}],"about":[{"href":"http:\/\/cordobainforma.info\/index.php\/wp-json\/wp\/v2\/types\/post"}],"author":[{"embeddable":true,"href":"http:\/\/cordobainforma.info\/index.php\/wp-json\/wp\/v2\/users\/1"}],"replies":[{"embeddable":true,"href":"http:\/\/cordobainforma.info\/index.php\/wp-json\/wp\/v2\/comments?post=79515"}],"version-history":[{"count":0,"href":"http:\/\/cordobainforma.info\/index.php\/wp-json\/wp\/v2\/posts\/79515\/revisions"}],"wp:featuredmedia":[{"embeddable":true,"href":"http:\/\/cordobainforma.info\/index.php\/wp-json\/wp\/v2\/media\/79516"}],"wp:attachment":[{"href":"http:\/\/cordobainforma.info\/index.php\/wp-json\/wp\/v2\/media?parent=79515"}],"wp:term":[{"taxonomy":"category","embeddable":true,"href":"http:\/\/cordobainforma.info\/index.php\/wp-json\/wp\/v2\/categories?post=79515"},{"taxonomy":"post_tag","embeddable":true,"href":"http:\/\/cordobainforma.info\/index.php\/wp-json\/wp\/v2\/tags?post=79515"}],"curies":[{"name":"wp","href":"https:\/\/api.w.org\/{rel}","templated":true}]}}