{"id":79130,"date":"2023-06-27T01:26:26","date_gmt":"2023-06-27T01:26:26","guid":{"rendered":"https:\/\/www.clarin.com\/deportes\/belgrano-homenaje-cuti-romero_0_asP00govJ5.html"},"modified":"2023-06-27T01:26:26","modified_gmt":"2023-06-27T01:26:26","slug":"el-homenaje-de-belgrano-al-cuti-romero","status":"publish","type":"post","link":"http:\/\/cordobainforma.info\/index.php\/2023\/06\/27\/el-homenaje-de-belgrano-al-cuti-romero\/","title":{"rendered":"El homenaje de Belgrano al Cuti Romero"},"content":{"rendered":"<p><img src=\"http:\/\/cordobainforma.info\/wp-content\/uploads\/2023\/06\/el-homenaje-de-belgrano-al-cuti-romero.jpg\"><\/p>\n<div readability=\"32\">\n<div class=\"title check-space\" data-color=\"style='background-color:'\" readability=\"9\">\n<p><h2>El presidente de Belgrano le entreg\u00f3 una camiseta al defensor, campe\u00f3n del mundo.<\/h2>\n<\/p>\n<\/div><\/div>\n<div id=\"entry-body\">\n<p><strong><a href=\"https:\/\/www.clarin.com\/tema\/cristian-romero.html\" target=\"_blank\" title=\"Cristian Romero\" alt=\"Cristian Romero\" class=\"slug\" rel=\"noopener noreferrer\">Cristian Romero <\/a><\/strong>recibi\u00f3 su primer homenaje en Belgrano como campe\u00f3n del mundo. Antes del <a href=\"https:\/\/www.ole.com.ar\/belgrano\/belgrano-banfield_0_YxWsqxcxi3.html\" target=\"_blank\" rel=\"noopener noreferrer\">partido ante Banfield<\/a>, el defensor del Tottenham recibi\u00f3 una camiseta del Pirata con el n\u00famero 13, el que lo identifica, con su apodo, Cuti, de parte del presidente del club, Luis Fabi\u00e1n Artime.<\/p>\n<p>El futbolista respondi\u00f3 a los aplausos, se tap\u00f3 un ojo en el festejo t\u00edpico del equipo, mientras escuchaba a la hinchada cantar \u00abdale campe\u00f3n\u00bb. <\/p>\n<p>\u00abEs hermoso, no me esperaba esto. Le agradezco a la dirigencia, a la hinchada. Muchas gracias a todos los Piratas\u00bb, dijo el Cuti.<\/p>\n<div class=\"sp__Normal embed-box embed-body-photo\" data-index=\"1\">\n<picture class=\"pointer\">\n<img class=\"img-expand\" width=\"100\" height=\"100\" loading=\"lazy\" src=\"http:\/\/cordobainforma.info\/wp-content\/uploads\/2023\/06\/el-homenaje-de-belgrano-al-cuti-romero-2.jpg\" alt=\"El homenaje al Cuti Romero.\"><br \/>\n<span class=\"bt-expand\"><br \/>\n<svg class=\"ico white_mod\">\n<use class=\"use-expand\" xlink:href=\"#icon-expand\" \/>\n<\/svg><br \/>\n<\/span>\n<\/picture><figcaption>El homenaje al Cuti Romero. <\/figcaption><\/div>\n<p>Cristian surgi\u00f3 de Belgrano y en 2018 el club lo transfiri\u00f3 en m\u00e1s de cuatro millones de euros al Genoa. Al a\u00f1o lo compr\u00f3 la Juventus, que lo dej\u00f3 un a\u00f1o en el club genov\u00e9s. Despu\u00e9s, los Spurs compraron el pase en 31 millones y luego el Atalanta pag\u00f3 17 palos por hacerse de sus servicios. El club ingl\u00e9s abon\u00f3 50 millones por incorporarlo.<\/p>\n<p>Cristian apenas jug\u00f3 19 partidos en Belgrano, luego de debutar bajo la conducci\u00f3n de Tet\u00e9 Gonz\u00e1lez como entrenador. <\/p>\n<\/p><\/div>\n","protected":false},"excerpt":{"rendered":"<p>El presidente de Belgrano le entreg\u00f3 una camiseta al defensor, campe\u00f3n del mundo. Cristian Romero recibi\u00f3 su primer homenaje en Belgrano como campe\u00f3n del mundo. Antes del partido ante Banfield, el defensor del Tottenham recibi\u00f3 una camiseta del Pirata con el n\u00famero 13, el que lo identifica, con su apodo, Cuti, de parte del presidente [&hellip;]<\/p>\n","protected":false},"author":1,"featured_media":79131,"comment_status":"closed","ping_status":"closed","sticky":false,"template":"","format":"standard","meta":[],"categories":[20],"tags":[],"_links":{"self":[{"href":"http:\/\/cordobainforma.info\/index.php\/wp-json\/wp\/v2\/posts\/79130"}],"collection":[{"href":"http:\/\/cordobainforma.info\/index.php\/wp-json\/wp\/v2\/posts"}],"about":[{"href":"http:\/\/cordobainforma.info\/index.php\/wp-json\/wp\/v2\/types\/post"}],"author":[{"embeddable":true,"href":"http:\/\/cordobainforma.info\/index.php\/wp-json\/wp\/v2\/users\/1"}],"replies":[{"embeddable":true,"href":"http:\/\/cordobainforma.info\/index.php\/wp-json\/wp\/v2\/comments?post=79130"}],"version-history":[{"count":0,"href":"http:\/\/cordobainforma.info\/index.php\/wp-json\/wp\/v2\/posts\/79130\/revisions"}],"wp:featuredmedia":[{"embeddable":true,"href":"http:\/\/cordobainforma.info\/index.php\/wp-json\/wp\/v2\/media\/79131"}],"wp:attachment":[{"href":"http:\/\/cordobainforma.info\/index.php\/wp-json\/wp\/v2\/media?parent=79130"}],"wp:term":[{"taxonomy":"category","embeddable":true,"href":"http:\/\/cordobainforma.info\/index.php\/wp-json\/wp\/v2\/categories?post=79130"},{"taxonomy":"post_tag","embeddable":true,"href":"http:\/\/cordobainforma.info\/index.php\/wp-json\/wp\/v2\/tags?post=79130"}],"curies":[{"name":"wp","href":"https:\/\/api.w.org\/{rel}","templated":true}]}}