{"id":78582,"date":"2023-06-21T01:31:00","date_gmt":"2023-06-21T01:31:00","guid":{"rendered":"http:\/\/cordobainforma.info\/index.php\/2023\/06\/21\/los-disturbios-en-jujuy-provocaron-medio-centenar-de-heridos-y-al-menos-17-detenidos\/"},"modified":"2023-06-21T01:31:00","modified_gmt":"2023-06-21T01:31:00","slug":"los-disturbios-en-jujuy-provocaron-medio-centenar-de-heridos-y-al-menos-17-detenidos","status":"publish","type":"post","link":"http:\/\/cordobainforma.info\/index.php\/2023\/06\/21\/los-disturbios-en-jujuy-provocaron-medio-centenar-de-heridos-y-al-menos-17-detenidos\/","title":{"rendered":"Los disturbios en Jujuy provocaron medio centenar de heridos y al menos 17 detenidos"},"content":{"rendered":"<div class=\"media_block\"><\/div>\n<p>Alrededor de medio centenar de heridos, uno de gravedad, y al menos 17 detenidos fue el preocupante<strong> saldo tras los incidentes<\/strong> que se produjeron este martes&nbsp;en las inmediaciones de la <a target=\"_blank\" href=\"https:\/\/www.perfil.com\/noticias\/actualidad\/protestas-en-jujuy-manifestantes-atacan-la-legislatura-y-se-enfrentan-a-la-policia-por-la-reforma-constitucional.phtml\" rel=\"noopener noreferrer\"><strong>Legislatura en la provincia de Jujuy<\/strong><\/a>.<\/p>\n<p>El gobernador <a target=\"_blank\" href=\"https:\/\/www.perfil.com\/noticias\/actualidad\/wado-de-pedro-y-gerardo-morales-se-cruzaron-por-las-protestas-en-jujuy.phtml\" rel=\"noopener noreferrer\"><strong>Gerardo Morales<\/strong><\/a> aprob\u00f3 la citada reforma, pero, minutos antes a la declaraci\u00f3n de la nueva Constituci\u00f3n, se produjo una lluvia de balas de goma, gas pimienta, piedrazos, palos y vallas ca\u00eddas.<\/p>\n<div>\n<figure class=\"image\"><img alt=\"Incidentes en Jujuy 20230620\" src=\"http:\/\/cordobainforma.info\/wp-content\/uploads\/2023\/06\/los-disturbios-en-jujuy-provocaron-medio-centenar-de-heridos-y-al-menos-17-detenidos-1.jpg\" loading=\"lazy\"><figcaption>Incidentes en Jujuy. Fotos: T\u00e9lam<\/figcaption><\/figure>\n<\/div>\n<p>En simult\u00e1neo, el funcionario juje\u00f1o jur\u00f3 frente al parlamento y, en menos de un minuto, <strong>aprob\u00f3 la reforma<\/strong>.<\/p>\n<p>Ante el conocimiento de lo declarado por el mandatario provincial, los manifestantes<strong> decidieron ingresar por la fuerza a la Legislatura <\/strong>y hasta prendieron fuego algunos sectores y autos que estaban estacionados en las cercan\u00edas del lugar y que, previamente, usaron como escudos.<\/p>\n<p>Casi cincuenta heridos, <strong>uno de gravedad por traumatismo de cr\u00e1neo<\/strong>, y unos <strong>17 detenidos<\/strong> fue el saldo de las casi cuatro horas de enfrentamientos entre la Polic\u00eda de Jujuy y los manifestantes que protestaron contra la reforma de la Constituci\u00f3n provincial, indicaron medios juje\u00f1os.<\/p>\n<p>Los<strong> reclamos y protestas<\/strong> comenzaron a las 11 de la ma\u00f1ana de este martes y tras el avance de la Polic\u00eda, se trasladaron desde la Legislatura hacia la zona de la vieja terminal.<\/p>\n<p><img alt=\"Incidentes en Jujuy 20230620\" src=\"http:\/\/cordobainforma.info\/wp-content\/uploads\/2023\/06\/los-disturbios-en-jujuy-provocaron-medio-centenar-de-heridos-y-al-menos-17-detenidos-2.jpg\" loading=\"lazy\"><\/p>\n<p>Por otra parte, gremios se dirigieron a la Plaza para diferenciarse de la columna de manifestantes violentos que llegaron hasta <strong>incendiar y dar vuelta autos<\/strong> que estaban estacionados en cercan\u00edas a la Casa de Piedra.<\/p>\n<p>Los manifestantes lograron romper vidrios y <strong>avanzar sobre la Legislatura<\/strong>. Prendieron fuego elementos y los arrojaron en el interior del edificio.<\/p>\n<p>Por su parte, efectivos de infanter\u00eda de la polic\u00eda juje\u00f1a <strong>se enfrentaron con los manifestantes, arrojando balas de goma y gases lacrim\u00f3genos.<\/strong><\/p>\n<p><img alt=\"Incidentes en Jujuy 20230620\" src=\"http:\/\/cordobainforma.info\/wp-content\/uploads\/2023\/06\/los-disturbios-en-jujuy-provocaron-medio-centenar-de-heridos-y-al-menos-17-detenidos-3.jpg\" loading=\"lazy\"><\/p>\n<h2><strong>Un herido &#8216;de gravedad&#8217; tras el choque entre la polic\u00eda y los manifestantes<\/strong><\/h2>\n<p>Uno de los manifestantes -perteneciente al Movimiento Argentina Rebelde (MAR), identificado como Nelson Maman\u00ed- fue <strong>herido gravemente en la cabeza<\/strong> y trasladado en ambulancia al hospital Pablo Soria de la capital juje\u00f1a.<\/p>\n<p>La Polic\u00eda local no pudo contener a los manifestantes, algunos de los cuales ingresaron a las oficinas de la parte posterior de la Legislatura provincial luego de <strong>avanzar contra las vallas de contenci\u00f3n<\/strong> emplazadas en calles cercanas del recinto.<\/p>\n<p>En ese mismo momento, los convencionales dieron por aprobada y jurada la reforma parcial de la Constituci\u00f3n, la cual quedar\u00e1 en vigencia tras su publicaci\u00f3n.<\/p>\n<p><img alt=\"Incidentes en Jujuy 20230620\" src=\"http:\/\/cordobainforma.info\/wp-content\/uploads\/2023\/06\/los-disturbios-en-jujuy-provocaron-medio-centenar-de-heridos-y-al-menos-17-detenidos-4.jpg\" loading=\"lazy\"><\/p>\n<h2><strong>La CGT juje\u00f1a convoc\u00f3 a un paro<\/strong><\/h2>\n<p>En tanto, la CGT regional Jujuy emiti\u00f3 un comunicado para repudiar lo hechos de violencia suscitados y <a target=\"_blank\" href=\"https:\/\/www.perfil.com\/noticias\/economia\/la-cgt-jujuy-convoco-a-un-paro-general-para-el-21-y-22-de-junio.phtml\" rel=\"noopener noreferrer\"><strong>convoc\u00f3 a un paro general por 48 horas para este mi\u00e9rcoles 21 y jueves 22<\/strong><\/a>.<\/p>\n<p>La central obrera local apel\u00f3 a que se vuelva al di\u00e1logo como \u00fanico camino al consenso.<\/p>\n<p>Tambi\u00e9n determinaron en <strong>suspender la conferencia de prensa que estaba prevista para el mi\u00e9rcoles a cargo de Pablo Moyano <\/strong>que iba a visitar la provincia.<\/p>\n<p class=\"destacadoNota\"><a target=\"_blank\" href=\"https:\/\/www.perfil.com\/noticias\/politica\/cristina-kirchner-contra-morales-la-locura-represiva-es-responsabilidad-suya.phtml\" rel=\"noopener noreferrer\">Cristina Kirchner contra Morales: \u00abLa locura represiva es responsabilidad suya\u00bb<\/a><\/p>\n<p>Por otra parte, el aeropuerto de Jujuy estaba cerrado debido a un corte de ruta en la localidad de Perico, y a los aviones que ten\u00edan previsto aterrizar all\u00ed los desviaron a Salta.<\/p>\n<p>Adem\u00e1s, los colectivos dejaron de funcionar por los incidentes y no se descartaba se mantuviera esa medida de fuerza preventiva, por falta de seguridad.<\/p>\n<p class=\"destacadoNota\"><a target=\"_blank\" href=\"https:\/\/www.perfil.com\/noticias\/politica\/conflicto-en-jujuy-horacio-rodriguez-larreta-y-patricia-bullrich-se-reunen-para-apoyar-a-gerardo-morales.phtml\" rel=\"noopener noreferrer\">JXC denunci\u00f3 el accionar del gobierno Nacional en la crisis de Jujuy: \u00abManifestamos el rotundo apoyo al gobierno de Morales\u00bb<\/a><\/p>\n<h2><strong>\u00abFuera Morales\u00bb:&nbsp;organizaciones de izquierda marcharon en Buenos Aires<\/strong><\/h2>\n<p>Por su parte, <strong>partidos y agrupaciones de izquierda realizaron este martes 20 una marcha en el centro porte\u00f1o<\/strong>, que culmin\u00f3 en la Casa de Jujuy en Buenos Aires, para manifestar su repudio a lo acontecido en dicha provincia.<\/p>\n<p>El Partido Obrero y otras organizaciones sociales cortaron desde el mediod\u00eda parte de la Avenida 9 de Julio, incluido el Metrob\u00fas, y exhibieron&nbsp;carteles con mensajes como \u00abFuera Morales\u00bb y \u00abBasta de represi\u00f3n en Jujuy\u00bb.<\/p>\n<p>Fuente: NA<\/p>\n<p><em>CA\/CP<\/em><\/p>\n<div class=\"article__tags\">\n<p>En esta Nota<\/p>\n<\/p><\/div>\n","protected":false},"excerpt":{"rendered":"<p>Alrededor de medio centenar de heridos, uno de gravedad, y al menos 17 detenidos fue el preocupante saldo tras los incidentes que se produjeron este martes&nbsp;en las inmediaciones de la Legislatura en la provincia de Jujuy. El gobernador Gerardo Morales aprob\u00f3 la citada reforma, pero, minutos antes a la declaraci\u00f3n de la nueva Constituci\u00f3n, se [&hellip;]<\/p>\n","protected":false},"author":1,"featured_media":78583,"comment_status":"closed","ping_status":"closed","sticky":false,"template":"","format":"standard","meta":[],"categories":[2],"tags":[],"_links":{"self":[{"href":"http:\/\/cordobainforma.info\/index.php\/wp-json\/wp\/v2\/posts\/78582"}],"collection":[{"href":"http:\/\/cordobainforma.info\/index.php\/wp-json\/wp\/v2\/posts"}],"about":[{"href":"http:\/\/cordobainforma.info\/index.php\/wp-json\/wp\/v2\/types\/post"}],"author":[{"embeddable":true,"href":"http:\/\/cordobainforma.info\/index.php\/wp-json\/wp\/v2\/users\/1"}],"replies":[{"embeddable":true,"href":"http:\/\/cordobainforma.info\/index.php\/wp-json\/wp\/v2\/comments?post=78582"}],"version-history":[{"count":0,"href":"http:\/\/cordobainforma.info\/index.php\/wp-json\/wp\/v2\/posts\/78582\/revisions"}],"wp:featuredmedia":[{"embeddable":true,"href":"http:\/\/cordobainforma.info\/index.php\/wp-json\/wp\/v2\/media\/78583"}],"wp:attachment":[{"href":"http:\/\/cordobainforma.info\/index.php\/wp-json\/wp\/v2\/media?parent=78582"}],"wp:term":[{"taxonomy":"category","embeddable":true,"href":"http:\/\/cordobainforma.info\/index.php\/wp-json\/wp\/v2\/categories?post=78582"},{"taxonomy":"post_tag","embeddable":true,"href":"http:\/\/cordobainforma.info\/index.php\/wp-json\/wp\/v2\/tags?post=78582"}],"curies":[{"name":"wp","href":"https:\/\/api.w.org\/{rel}","templated":true}]}}