{"id":78571,"date":"2023-06-21T02:10:48","date_gmt":"2023-06-21T02:10:48","guid":{"rendered":"http:\/\/cordobainforma.info\/index.php\/2023\/06\/21\/paro-de-colectivos-cuando-se-define-si-hay-una-nueva-medida-de-fuerza-que-dice-la-uta\/"},"modified":"2023-06-21T02:10:48","modified_gmt":"2023-06-21T02:10:48","slug":"paro-de-colectivos-cuando-se-define-si-hay-una-nueva-medida-de-fuerza-que-dice-la-uta","status":"publish","type":"post","link":"http:\/\/cordobainforma.info\/index.php\/2023\/06\/21\/paro-de-colectivos-cuando-se-define-si-hay-una-nueva-medida-de-fuerza-que-dice-la-uta\/","title":{"rendered":"Paro de colectivos: cu\u00e1ndo se define si hay una <b>nueva<\/b> medida de fuerza | Qu\u00e9 dice la UTA"},"content":{"rendered":"<p>Las c\u00e1maras empresarias reclaman m\u00e1s subsidios para conceder los aumentos salariales a los choferes. 20 de junio de 2023 &#8211; 00:01. <\/p>\n","protected":false},"excerpt":{"rendered":"<p>Las c\u00e1maras empresarias reclaman m\u00e1s subsidios para conceder los aumentos salariales a los choferes. 20 de junio de 2023 &#8211; 00:01.<\/p>\n","protected":false},"author":1,"featured_media":0,"comment_status":"closed","ping_status":"closed","sticky":false,"template":"","format":"standard","meta":[],"categories":[23],"tags":[],"_links":{"self":[{"href":"http:\/\/cordobainforma.info\/index.php\/wp-json\/wp\/v2\/posts\/78571"}],"collection":[{"href":"http:\/\/cordobainforma.info\/index.php\/wp-json\/wp\/v2\/posts"}],"about":[{"href":"http:\/\/cordobainforma.info\/index.php\/wp-json\/wp\/v2\/types\/post"}],"author":[{"embeddable":true,"href":"http:\/\/cordobainforma.info\/index.php\/wp-json\/wp\/v2\/users\/1"}],"replies":[{"embeddable":true,"href":"http:\/\/cordobainforma.info\/index.php\/wp-json\/wp\/v2\/comments?post=78571"}],"version-history":[{"count":0,"href":"http:\/\/cordobainforma.info\/index.php\/wp-json\/wp\/v2\/posts\/78571\/revisions"}],"wp:attachment":[{"href":"http:\/\/cordobainforma.info\/index.php\/wp-json\/wp\/v2\/media?parent=78571"}],"wp:term":[{"taxonomy":"category","embeddable":true,"href":"http:\/\/cordobainforma.info\/index.php\/wp-json\/wp\/v2\/categories?post=78571"},{"taxonomy":"post_tag","embeddable":true,"href":"http:\/\/cordobainforma.info\/index.php\/wp-json\/wp\/v2\/tags?post=78571"}],"curies":[{"name":"wp","href":"https:\/\/api.w.org\/{rel}","templated":true}]}}