{"id":78537,"date":"2023-06-21T04:03:34","date_gmt":"2023-06-21T04:03:34","guid":{"rendered":"http:\/\/cordobainforma.info\/index.php\/2023\/06\/21\/vox-y-pp-acuerdan-prohibir-las-banderas-lgbti-en-edificios-oficiales-de-un-municipio-espanol\/"},"modified":"2023-06-21T04:03:34","modified_gmt":"2023-06-21T04:03:34","slug":"vox-y-pp-acuerdan-prohibir-las-banderas-lgbti-en-edificios-oficiales-de-un-municipio-espanol","status":"publish","type":"post","link":"http:\/\/cordobainforma.info\/index.php\/2023\/06\/21\/vox-y-pp-acuerdan-prohibir-las-banderas-lgbti-en-edificios-oficiales-de-un-municipio-espanol\/","title":{"rendered":"Vox y PP acuerdan prohibir las banderas LGBTI en edificios oficiales de un municipio espa\u00f1ol"},"content":{"rendered":"<p><img src=\"http:\/\/cordobainforma.info\/wp-content\/uploads\/2023\/06\/vox-y-pp-acuerdan-prohibir-las-banderas-lgbti-en-edificios-oficiales-de-un-municipio-espanol.jpg\"><\/p>\n<div readability=\"32\">\n<p><span>Publicado:<\/span><time class=\"Timestamp-root Timestamp-isBlackColor \" datetime=\"2023-06-21T04:03:34+00:00\"> 21 jun 2023 04:03 GMT <\/time><\/p>\n<\/div>\n<div readability=\"34\">\n<p> Seg\u00fan explican ambos partidos, el objetivo es promover \u00ablos valores constitucionales\u00bb y cumplir con \u00abla ley de las banderas\u00bb. <\/p>\n<\/div>\n<div readability=\"53.330380868025\">\n<p>El pacto de gobierno alcanzado por el partido ultraderechista Vox y el conservador Partido Popular&nbsp;en el Ayuntamiento de N\u00e1quera (Comunidad Valenciana, Espa\u00f1a)&nbsp;ha generado pol\u00e9mica despu\u00e9s de que se revelara que entre las&nbsp;<strong>20 medidas<\/strong>&nbsp;acordadas se encuentra&nbsp;<strong>la prohibici\u00f3n de colocar banderas LGTBI<\/strong>&nbsp;en&nbsp;los balcones y fachadas de edificios oficiales, <a href=\"https:\/\/www.levante-emv.com\/comunitat-valenciana\/camp-de-turia\/2023\/06\/20\/vox-pp-acuerdan-prohibir-banderas-88918650.html\" target=\"_blank\" rel=\"nofollow noopener noreferrer\">informan<\/a> medios locales.<\/p>\n<p>La prohibici\u00f3n se refleja en el <strong>punto n\u00famero 15<\/strong> pactado por los partidos, que explican que el objetivo es promover \u00ablos valores constitucionales\u00bb y cumplir con \u00abla ley de las banderas\u00bb.&nbsp;<\/p>\n<div class=\"ReadMore-root Section-root Section-is1to3-xs_is1to1\" data-widgets=\"ReadMore\">\n<div class=\"Section-container Section-isRow-isTop-isWrap\">\n<article class=\"Card-root Card-is1to1 \">\n<div class=\"Card-imageWrap\">\n<div class=\"Card-picture\"> <picture class=\"Picture-root Picture-default\"><!--[if IE 9]><video style=\"display: none;\"><![endif]--><source media=\"(-webkit-min-device-pixel-ratio: 2) and (min-resolution: 120dpi)\" srcset=\"http:\/\/cordobainforma.info\/wp-content\/uploads\/2023\/06\/vox-y-pp-acuerdan-prohibir-las-banderas-lgbti-en-edificios-oficiales-de-un-municipio-espanol-2.jpg 850w, http:\/\/cordobainforma.info\/wp-content\/uploads\/2023\/06\/vox-y-pp-acuerdan-prohibir-las-banderas-lgbti-en-edificios-oficiales-de-un-municipio-espanol-3.jpg 1960w\"><source srcset=\"http:\/\/cordobainforma.info\/wp-content\/uploads\/2023\/06\/vox-y-pp-acuerdan-prohibir-las-banderas-lgbti-en-edificios-oficiales-de-un-municipio-espanol-2.jpg 460w, http:\/\/cordobainforma.info\/wp-content\/uploads\/2023\/06\/vox-y-pp-acuerdan-prohibir-las-banderas-lgbti-en-edificios-oficiales-de-un-municipio-espanol-3.jpg 980w\"><!--[if IE 9]><\/video><![endif]--><img data-sizes=\"auto\" src=\"http:\/\/cordobainforma.info\/wp-content\/uploads\/2023\/06\/vox-y-pp-acuerdan-prohibir-las-banderas-lgbti-en-edificios-oficiales-de-un-municipio-espanol-2.jpg\" class=\"Picture-root Picture-default lazyload\" alt=\"El feminismo y la violencia de g\u00e9nero se cuelan con pol\u00e9mica en la campa\u00f1a electoral de Espa\u00f1a\"><\/picture><!-- noscript pattern --><noscript><img src=\"http:\/\/cordobainforma.info\/wp-content\/uploads\/2023\/06\/vox-y-pp-acuerdan-prohibir-las-banderas-lgbti-en-edificios-oficiales-de-un-municipio-espanol-3.jpg\" alt=\"El feminismo y la violencia de g\u00e9nero se cuelan con pol\u00e9mica en la campa\u00f1a electoral de Espa\u00f1a\"><\/noscript> <\/div><\/div>\n<\/article><\/div><\/div>\n<p>El acuerdo ha recibido duras cr\u00edticas desde Partido Socialista del Pa\u00eds Valenciano-PSOE de N\u00e1quera, que lo calific\u00f3 como un&nbsp;\u00ab<strong>pacto de la verg\u00fcenza y del odio<\/strong>\u00ab, fruto de \u00abla dupla de la derecha y la extrema derecha\u00bb, que convierte al municipio \u00aben laboratorio de las pol\u00edticas de discriminaci\u00f3n hacia los colectivos v\u00edctimas de mayor violencia\u00bb, <a href=\"https:\/\/www.ultimahora.es\/noticias\/elecciones-28m\/2023\/06\/20\/1960763\/valencia-vox-retiran-naquera-banderas-lgtbi-actos-contra-violencia-machista.html\" target=\"_blank\" rel=\"nofollow noopener noreferrer\">recoge<\/a> \u00daltima Hora.<\/p>\n<p>Asimismo, los socialistas invitaron a los vecinos de la localidad a colocar banderas arco\u00edris en sus balcones y ventanas para reivindicar \u00ablos colores que el nuevo gobierno niega\u00bb.<\/p>\n<\/div>\n","protected":false},"excerpt":{"rendered":"<p>Publicado: 21 jun 2023 04:03 GMT Seg\u00fan explican ambos partidos, el objetivo es promover \u00ablos valores constitucionales\u00bb y cumplir con \u00abla ley de las banderas\u00bb. El pacto de gobierno alcanzado por el partido ultraderechista Vox y el conservador Partido Popular&nbsp;en el Ayuntamiento de N\u00e1quera (Comunidad Valenciana, Espa\u00f1a)&nbsp;ha generado pol\u00e9mica despu\u00e9s de que se revelara que [&hellip;]<\/p>\n","protected":false},"author":1,"featured_media":78538,"comment_status":"closed","ping_status":"closed","sticky":false,"template":"","format":"standard","meta":[],"categories":[22],"tags":[],"_links":{"self":[{"href":"http:\/\/cordobainforma.info\/index.php\/wp-json\/wp\/v2\/posts\/78537"}],"collection":[{"href":"http:\/\/cordobainforma.info\/index.php\/wp-json\/wp\/v2\/posts"}],"about":[{"href":"http:\/\/cordobainforma.info\/index.php\/wp-json\/wp\/v2\/types\/post"}],"author":[{"embeddable":true,"href":"http:\/\/cordobainforma.info\/index.php\/wp-json\/wp\/v2\/users\/1"}],"replies":[{"embeddable":true,"href":"http:\/\/cordobainforma.info\/index.php\/wp-json\/wp\/v2\/comments?post=78537"}],"version-history":[{"count":0,"href":"http:\/\/cordobainforma.info\/index.php\/wp-json\/wp\/v2\/posts\/78537\/revisions"}],"wp:featuredmedia":[{"embeddable":true,"href":"http:\/\/cordobainforma.info\/index.php\/wp-json\/wp\/v2\/media\/78538"}],"wp:attachment":[{"href":"http:\/\/cordobainforma.info\/index.php\/wp-json\/wp\/v2\/media?parent=78537"}],"wp:term":[{"taxonomy":"category","embeddable":true,"href":"http:\/\/cordobainforma.info\/index.php\/wp-json\/wp\/v2\/categories?post=78537"},{"taxonomy":"post_tag","embeddable":true,"href":"http:\/\/cordobainforma.info\/index.php\/wp-json\/wp\/v2\/tags?post=78537"}],"curies":[{"name":"wp","href":"https:\/\/api.w.org\/{rel}","templated":true}]}}