{"id":78531,"date":"2023-06-20T18:02:32","date_gmt":"2023-06-20T18:02:32","guid":{"rendered":"https:\/\/www.mujerhoy.com\/moda\/no-te-pierdas\/reina-sofia-blusa-el-corte-ingles-barata-look-elegante-comodo-20230620194423-nt.html"},"modified":"2023-06-20T18:02:32","modified_gmt":"2023-06-20T18:02:32","slug":"la-reina-sofia-combina-una-americana-de-cuello-esmoquin-con-su-blusa-mas-elegante-que-puedes-comprar-en-el-corte-ingles-por-menos-de-30-euros","status":"publish","type":"post","link":"http:\/\/cordobainforma.info\/index.php\/2023\/06\/20\/la-reina-sofia-combina-una-americana-de-cuello-esmoquin-con-su-blusa-mas-elegante-que-puedes-comprar-en-el-corte-ingles-por-menos-de-30-euros\/","title":{"rendered":"La reina Sof\u00eda combina una americana de cuello esmoquin con su blusa m\u00e1s elegante (que puedes comprar en El Corte Ingl\u00e9s por menos de 30 euros)"},"content":{"rendered":"<p><!-- AUTHOR --><\/p>\n<div class=\"voc-author-timesocial \"><!-- AUTHOR --><\/p>\n<div class=\"voc-author-timesocial__signature\"><!-- IMAGE AUTHOR --><picture class=\"voc-image-signature\"><img class=\"voc-image-signature__img\" src=\"http:\/\/cordobainforma.info\/wp-content\/uploads\/2023\/06\/la-reina-sofia-combina-una-americana-de-cuello-esmoquin-con-su-blusa-mas-elegante-que-puedes-comprar-en-el-corte-ingles-por-menos-de-30-euros.jpg\" alt=\"Raquel Rodr\u00edguez\"><\/picture><!-- INFO AUTHOR --><\/div>\n<\/div>\n<p><!-- COMPONENTS --><\/p>\n<p class=\"voc-paragraph\">Que levante a mano quien no es fan del estilo de <a data-voc-vtm-id=\"in-text-traffic\" href=\"https:\/\/www.mujerhoy.com\/temas\/personajes\/dona-sofia-de-grecia.html\" title=\"www.mujerhoy.com\">la reina Sof\u00eda<\/a>. Da igual la edad, la ocasi\u00f3n o en qu\u00e9 momento se encuentre, la em\u00e9rita siempre acierta con sus <strong>looks <\/strong>y en sus dos \u00faltimas apariciones p\u00fablicas han vuelto a confirmar por qu\u00e9 sigue siendo considerada como una de <strong>las royals m\u00e1s elegantes <\/strong>del mundo.\n<\/p>\n<p class=\"voc-paragraph\">Hablamos del <a data-voc-vtm-id=\"in-text-traffic\" href=\"https:\/\/www.mujerhoy.com\/moda\/no-te-pierdas\/reina-sofia-conjunto-pijamero-elegante-copia-zara-20230617094833-nt.html\" title=\"www.mujerhoy.com\">conjunto pijamero que llev\u00f3 en Ginebra<\/a> y con el que hizo la competencia al <a data-voc-vtm-id=\"in-text-traffic\" href=\"https:\/\/www.mujerhoy.com\/moda\/no-te-pierdas\/irene-urdangarin-conjunto-zara-graduacion-transformacion-fisica-20230617095546-nt.html\" title=\"www.mujerhoy.com\">look de Zara de Irene Urdangarin<\/a>, su nieta, y el que ha llevado hoy en un acto celebrado en el <strong>Museo Nacional Centro de Arte Reina Sof\u00eda<\/strong>, en Madrid.\n<\/p>\n<p class=\"voc-paragraph\">Do\u00f1a Sof\u00eda, como Presidenta de Honor de la Escuela Superior de M\u00fasica Reina Sof\u00eda, ha presidido esta tarde la<br \/>\n<strong> ceremonia y el concierto de clausura<\/strong> del curso acad\u00e9mico 2022-2023. Una cita en la que tambi\u00e9n ha entregado personalmente los diplomas a los alumnos m\u00e1s sobresalientes de cada especialidad.\n<\/p>\n<p class=\"voc-paragraph\">Un acto muy especial al que la em\u00e9rita no ha querido faltar y en el que tambi\u00e9n le hemos visto distinguir a algunos de los profesores y mecenas de la Escuela que por su dedicaci\u00f3n, esfuerzo e implicaci\u00f3n, ya que son parte muy activa de este centro de referencia internacional para la <strong>ense\u00f1anza de j\u00f3venes m\u00fasicos<\/strong>.\n<\/p>\n<div class=\"voc-detail__cmp\">\n<div class=\"voc-article-container\">\n<article class=\"voc-article voc-article--cmp-photo-text\" readability=\"26\">\n<div class=\"voc-img-container\" readability=\"7\"><picture>\n<div class=\"voc-horizontal voc-img-icon-link\"><img class=\"lazy\" loading=\"lazy\" data-original=\"\/\/static2.mujerhoy.com\/www\/multimedia\/202306\/20\/media\/cortadas\/reina-sofia-look-elegante-kZIE--624x624@MujerHoy.JPG\" alt=\"La reina Sof\u00eda en la entrega de diplomas.\"><\/div>\n<\/picture>\n<p class=\"figure-caption \"> La reina Sof\u00eda en la entrega de diplomas. \/ <span class=\"voc-photo-author\"> limited pictures <\/span><\/p>\n<\/div>\n<\/article>\n<\/div>\n<\/div>\n<p class=\"voc-paragraph\">Para la cita, do\u00f1a Sof\u00eda se decant\u00f3 por el look con el que nunca se falla: un <strong>traje de chaqueta en color blanco<\/strong>. La monarca no quiso arriesgar demasiado y opt\u00f3 por esta opci\u00f3n f\u00e1cil que no le pod\u00eda quedar m\u00e1s elegante y con la que iba muy apropiada para la celebraci\u00f3n.\n<\/p>\n<p class=\"voc-paragraph\">Era un dos piezas de <strong>chaqueta estructurada<\/strong> y de dise\u00f1o cruzado y unos pantalones rectos, de tiro alto y corte full-lenght, es decir, que le tapaba toda la pierna y cubr\u00eda tambi\u00e9n sus pies. Y aunque era un look muy b\u00e1sico, la reina supo c\u00f3mo darle una vuelta de 180\u00ba combin\u00e1ndolo de una manera muy especial.\n<\/p>\n<div class=\"voc-detail__cmp\">\n<div class=\"voc-article-container\">\n<article class=\"voc-article voc-article--cmp-photo-text\" readability=\"26\">\n<div class=\"voc-img-container\" readability=\"7\"><picture>\n<div class=\"voc-horizontal voc-img-icon-link\"><img class=\"lazy\" loading=\"lazy\" data-original=\"\/\/static3.mujerhoy.com\/www\/multimedia\/202306\/20\/media\/cortadas\/camisa-estampada-el-corte-ingles-kJWC--624x624@MujerHoy.jpg\" alt=\"La blusa estampada de El Corte Ingl\u00e9s.\"><\/div>\n<\/picture>\n<p class=\"figure-caption \"> La blusa estampada de El Corte Ingl\u00e9s. <span class=\"voc-photo-author\"><\/span><\/p>\n<\/div>\n<\/article>\n<\/div>\n<\/div>\n<p class=\"voc-paragraph\">Levant\u00f3 el estilismo con una blusa estampada en color blanco y negro. Un modelo con lazada al cuello que llev\u00f3 suelta y que se convert\u00eda en la absoluta protagonista del outfit. Y, \u00bfsabes qu\u00e9 es lo mejor de todo? Que la hemos encontrado id\u00e9ntica en <strong>El Corte Ingl\u00e9s<\/strong>.\n<\/p>\n<p class=\"voc-paragraph\">En la firma Woman de los grandes almacenes, se encuentra disponible un dise\u00f1o que poco tiene que envidiarle. Se trata de una camisa de mujer animal print, con manga larga, cuello solapa y cierre de botones que se encuentra rebajada ahora mismo a<br \/>\n<strong> 29,99 euros<\/strong>. \u00a1No est\u00e1 nada mal!\n<\/p>\n<p class=\"voc-paragraph\">Si consigues hacerte con ella, haz como do\u00f1a Sof\u00eda y comb\u00ednala con un traje blanco -aunque tambi\u00e9n quedar\u00e1 ideal con jeans para algo m\u00e1s informal-. Y si quieres copiar el look entero, debes saber que la monarca complet\u00f3 el estilismo con unos <strong>zapatos de tac\u00f3n en color negro <\/strong>y un bolso peque\u00f1o de asa corta de Loewe. \u00a1Estaba muy elegante!\n<\/p>\n<p><!-- TOPICS --><\/p>\n","protected":false},"excerpt":{"rendered":"<p>Que levante a mano quien no es fan del estilo de la reina Sof\u00eda. Da igual la edad, la ocasi\u00f3n o en qu\u00e9 momento se encuentre, la em\u00e9rita siempre acierta con sus looks y en sus dos \u00faltimas apariciones p\u00fablicas han vuelto a confirmar por qu\u00e9 sigue siendo considerada como una de las royals m\u00e1s [&hellip;]<\/p>\n","protected":false},"author":1,"featured_media":78532,"comment_status":"closed","ping_status":"closed","sticky":false,"template":"","format":"standard","meta":[],"categories":[24],"tags":[],"_links":{"self":[{"href":"http:\/\/cordobainforma.info\/index.php\/wp-json\/wp\/v2\/posts\/78531"}],"collection":[{"href":"http:\/\/cordobainforma.info\/index.php\/wp-json\/wp\/v2\/posts"}],"about":[{"href":"http:\/\/cordobainforma.info\/index.php\/wp-json\/wp\/v2\/types\/post"}],"author":[{"embeddable":true,"href":"http:\/\/cordobainforma.info\/index.php\/wp-json\/wp\/v2\/users\/1"}],"replies":[{"embeddable":true,"href":"http:\/\/cordobainforma.info\/index.php\/wp-json\/wp\/v2\/comments?post=78531"}],"version-history":[{"count":0,"href":"http:\/\/cordobainforma.info\/index.php\/wp-json\/wp\/v2\/posts\/78531\/revisions"}],"wp:featuredmedia":[{"embeddable":true,"href":"http:\/\/cordobainforma.info\/index.php\/wp-json\/wp\/v2\/media\/78532"}],"wp:attachment":[{"href":"http:\/\/cordobainforma.info\/index.php\/wp-json\/wp\/v2\/media?parent=78531"}],"wp:term":[{"taxonomy":"category","embeddable":true,"href":"http:\/\/cordobainforma.info\/index.php\/wp-json\/wp\/v2\/categories?post=78531"},{"taxonomy":"post_tag","embeddable":true,"href":"http:\/\/cordobainforma.info\/index.php\/wp-json\/wp\/v2\/tags?post=78531"}],"curies":[{"name":"wp","href":"https:\/\/api.w.org\/{rel}","templated":true}]}}