{"id":78485,"date":"2023-06-20T23:31:15","date_gmt":"2023-06-20T23:31:15","guid":{"rendered":"https:\/\/www.clarin.com\/deportes\/despedida-juan-roman-riquelme-definieron-precio-entradas-venderan-horario-tv-vivo_0_TKFJnZqDzE.html"},"modified":"2023-06-20T23:31:15","modified_gmt":"2023-06-20T23:31:15","slug":"la-despedida-de-juan-roman-riquelme-definieron-el-precio-de-las-entradas-como-se-venderan-horario-y-tv-en-vivo","status":"publish","type":"post","link":"http:\/\/cordobainforma.info\/index.php\/2023\/06\/20\/la-despedida-de-juan-roman-riquelme-definieron-el-precio-de-las-entradas-como-se-venderan-horario-y-tv-en-vivo\/","title":{"rendered":"La despedida de Juan Rom\u00e1n Riquelme: definieron el precio de las entradas, c\u00f3mo se vender\u00e1n, horario y TV en vivo"},"content":{"rendered":"<p><img src=\"http:\/\/cordobainforma.info\/wp-content\/uploads\/2023\/06\/la-despedida-de-juan-roman-riquelme-definieron-el-precio-de-las-entradas-como-se-venderan-horario-y-tv-en-vivo.jpg\"><\/p>\n<div readability=\"34\">\n<div class=\"title check-space\" data-color=\"style='background-color:'\" readability=\"13\">\n<p><h2>Fue en una reuni\u00f3n de Comisi\u00f3n Directiva que se realiz\u00f3 este martes por la tarde. \u00danicamente podr\u00e1n adquirir tickets los socios del Xeneize. Todos los detalles, en exclusiva en Clar\u00edn.<\/h2>\n<\/p>\n<\/div><\/div>\n<div id=\"entry-body\">\n<p><strong>Son horas especiales en Boca<\/strong>. Justo este martes, a 16 a\u00f1os de la gesta hist\u00f3rica en Porto Alegre, la \u00faltima Copa Libertadores que gan\u00f3 el club de la mano de <strong>Juan Rom\u00e1n Riquelme<\/strong>, todos preguntaban por el vicepresidente-\u00eddolo. Pero poco ten\u00eda que ver con ese aniversario, claro. <a data-cke-saved-href=\"https:\/\/www.clarin.com\/deportes\/juan-roman-riquelme-anuncio-partido-despedida-boca-messi-va-sueno-_0_n6t45N7Dul.html\" target=\"_blank\" href=\"https:\/\/www.clarin.com\/deportes\/juan-roman-riquelme-anuncio-partido-despedida-boca-messi-va-sueno-_0_n6t45N7Dul.html\" rel=\"noopener noreferrer\">Lo que los hinchas y dirigentes esperaban eran <strong>las coordenadas de la despedida que se desarrollar\u00e1 el domingo en la Bombonera<\/strong><\/a>.<\/p>\n<p>En la tarde de este martes, la Comisi\u00f3n Directiva llevaba a cabo&nbsp;una reuni\u00f3n para finiquitar todo lo relacionado al partido homenaje. <strong>Clar\u00edn <\/strong>accedi\u00f3 a los detalles en exclusiva: el puntapi\u00e9 inicial ser\u00e1 a las <strong>16:00<\/strong>, la televisaci\u00f3n estar\u00e1 a cargo de&nbsp;la <strong>TV P\u00fablica <\/strong>-teniendo en cuenta la masividad del evento y que mucha gente no podr\u00e1 venir a Buenos Aires desde el interior- y las entradas se vender\u00e1n \u00fanicamente para socios a trav\u00e9s de la p\u00e1gina donde habitualmente se reservan los tickets, <em>soysocio.bocajuniors.com.ar<\/em>, <strong>con un rango de precios que estar\u00e1 entre los 15 mil y 70 mil pesos<\/strong>. Se informar\u00e1 oficialmente en las pr\u00f3ximas horas, a trav\u00e9s de un comunicado de prensa. Primero se expender\u00e1n las plateas; despu\u00e9s, las populares.<\/p>\n<p>La platea m\u00e1s cara costar\u00e1 70 mil pesos. Se trata de la preferencial. Las medias y bajas se podr\u00e1n adquirir por 50 mil. Las altas, por 30 mil. Y las generales, a 15 mil.<\/p>\n<div class=\"sp__Normal embed-box embed-body-photo\" data-index=\"1\">\n<picture class=\"pointer\">\n<img class=\"img-expand\" width=\"100\" height=\"100\" loading=\"lazy\" src=\"http:\/\/cordobainforma.info\/wp-content\/uploads\/2023\/06\/la-despedida-de-juan-roman-riquelme-definieron-el-precio-de-las-entradas-como-se-venderan-horario-y-tv-en-vivo-2.jpg\" alt=\"Anuncio de partido homenaje de Juan Rom\u00e1n Riquelme\nFoto T\u00e9lam\"><br \/>\n<span class=\"bt-expand\"><br \/>\n<svg class=\"ico white_mod\">\n<use class=\"use-expand\" xlink:href=\"#icon-expand\" \/>\n<\/svg><br \/>\n<\/span>\n<\/picture><figcaption>Anuncio de partido homenaje de Juan Rom\u00e1n Riquelme<br \/>\nFoto T\u00e9lam <\/figcaption><\/div>\n<p><strong>\u201cQueremos que el socio tenga prioridad\u201d<\/strong>, le dijeron a <strong>Clar\u00edn<\/strong> desde el entorno del vicepresidente. Y ya est\u00e1n confirmadas las presencias de varias glorias de Boca y de la Selecci\u00f3n Argentina, todos compa\u00f1eros de Rom\u00e1n en sus tiempos de futbolista.<\/p>\n<p>La estrella ser\u00e1 el\u201d 10\u201d azul y oro, est\u00e1 claro;pero las luces le apuntar\u00e1n a <strong>Lionel Messi<\/strong>. Adem\u00e1s, confirm\u00f3 su presencia <strong>Angel Di Mar\u00eda<\/strong>. Estar\u00e1 <strong>Lucho Gonz\u00e1lez<\/strong>, ex River, quien comparti\u00f3 la camiseta albiceleste con Riquelme. <strong>Sergio Romero -actualmente en el plantel xeneize-<\/strong>, <strong>Lionel Scaloni<\/strong>, <strong>Roberto Ayala<\/strong>, <strong>Walter Samuel<\/strong>, <strong>Pablo Aimar <\/strong>y <strong>Javier Saviola <\/strong>tambi\u00e9n ser\u00e1n de la partida.<\/p>\n<p>Entre los ex Boca estar\u00e1n sus compa\u00f1eros del Consejo de F\u00fatbol (<strong>Marcelo Delgado<\/strong>, <strong>Ra\u00fal Cascini<\/strong>, <strong>Jorge Berm\u00fadez <\/strong>y <strong>Mauricio Serna<\/strong>), <strong>Rodrigo Palacio<\/strong>, <strong>Oscar C\u00f3rdoba<\/strong>, <strong>Hugo Ibarra<\/strong>, <strong>Pablo Ledesma<\/strong>, <strong>Clemente Rodr\u00edguez<\/strong>, <strong>Leandro Paredes <\/strong>y <strong>Guillermo Barros Schelotto<\/strong>, entre otros.<\/p>\n<div class=\"sp__Normal embed-box embed-body-photo\" data-index=\"2\">\n<picture class=\"pointer\">\n<img class=\"img-expand\" width=\"100\" height=\"100\" loading=\"lazy\" src=\"http:\/\/cordobainforma.info\/wp-content\/uploads\/2023\/06\/la-despedida-de-juan-roman-riquelme-definieron-el-precio-de-las-entradas-como-se-venderan-horario-y-tv-en-vivo-3.jpg\" alt=\"26-03-2022. Deportes. Rom\u00e1n Riquelme y Lionel Messi en la Bombonera, con la camiseta 10 de Boca. Foto @todosobreroman10\"><br \/>\n<span class=\"bt-expand\"><br \/>\n<svg class=\"ico white_mod\">\n<use class=\"use-expand\" xlink:href=\"#icon-expand\" \/>\n<\/svg><br \/>\n<\/span>\n<\/picture><figcaption>26-03-2022. Deportes. Rom\u00e1n Riquelme y Lionel Messi en la Bombonera, con la camiseta 10 de Boca. Foto @todosobreroman10 <\/figcaption><\/div>\n<p>Los t\u00e9cnicos ser\u00e1n <strong>Carlos Bianchi <\/strong>y <strong>Alfio Basile<\/strong>\u200b, que finalmente le atendi\u00f3 el tel\u00e9fono a Riquelme, tal como el mismo &#8217;10&#8217; revel\u00f3 en la conferencia de prensa donde anunci\u00f3 este postergado homenaje.<\/p>\n<p>Habr\u00e1 m\u00fasica en vivo tambi\u00e9n. Uno de los que estar\u00e1,&nbsp;entre otros, ser\u00e1 <strong>Pablo Lescano y sus Damas Gratis<\/strong>. La idea de comenzar el partido en horario vespertino tiene que ver con prolongar el espect\u00e1culo para el cierre musical. <strong>Riquelme hablar\u00e1 ante su gente. Ser\u00e1 un domingo inolvidable<\/strong>.<\/p>\n<p> <span class=\"title-related\">Mir\u00e1 tambi\u00e9n<\/span> <\/div>\n","protected":false},"excerpt":{"rendered":"<p>Fue en una reuni\u00f3n de Comisi\u00f3n Directiva que se realiz\u00f3 este martes por la tarde. \u00danicamente podr\u00e1n adquirir tickets los socios del Xeneize. Todos los detalles, en exclusiva en Clar\u00edn. Son horas especiales en Boca. Justo este martes, a 16 a\u00f1os de la gesta hist\u00f3rica en Porto Alegre, la \u00faltima Copa Libertadores que gan\u00f3 el [&hellip;]<\/p>\n","protected":false},"author":1,"featured_media":78486,"comment_status":"closed","ping_status":"closed","sticky":false,"template":"","format":"standard","meta":[],"categories":[20],"tags":[],"_links":{"self":[{"href":"http:\/\/cordobainforma.info\/index.php\/wp-json\/wp\/v2\/posts\/78485"}],"collection":[{"href":"http:\/\/cordobainforma.info\/index.php\/wp-json\/wp\/v2\/posts"}],"about":[{"href":"http:\/\/cordobainforma.info\/index.php\/wp-json\/wp\/v2\/types\/post"}],"author":[{"embeddable":true,"href":"http:\/\/cordobainforma.info\/index.php\/wp-json\/wp\/v2\/users\/1"}],"replies":[{"embeddable":true,"href":"http:\/\/cordobainforma.info\/index.php\/wp-json\/wp\/v2\/comments?post=78485"}],"version-history":[{"count":0,"href":"http:\/\/cordobainforma.info\/index.php\/wp-json\/wp\/v2\/posts\/78485\/revisions"}],"wp:featuredmedia":[{"embeddable":true,"href":"http:\/\/cordobainforma.info\/index.php\/wp-json\/wp\/v2\/media\/78486"}],"wp:attachment":[{"href":"http:\/\/cordobainforma.info\/index.php\/wp-json\/wp\/v2\/media?parent=78485"}],"wp:term":[{"taxonomy":"category","embeddable":true,"href":"http:\/\/cordobainforma.info\/index.php\/wp-json\/wp\/v2\/categories?post=78485"},{"taxonomy":"post_tag","embeddable":true,"href":"http:\/\/cordobainforma.info\/index.php\/wp-json\/wp\/v2\/tags?post=78485"}],"curies":[{"name":"wp","href":"https:\/\/api.w.org\/{rel}","templated":true}]}}