{"id":78483,"date":"2023-06-21T00:24:18","date_gmt":"2023-06-21T00:24:18","guid":{"rendered":"https:\/\/www.clarin.com\/deportes\/angel-di-maria-definio-futuro-solo-restan-detalles-cerrar-vuelta-benfica-junio-2024_0_9JZKhoV8oX.html"},"modified":"2023-06-21T00:24:18","modified_gmt":"2023-06-21T00:24:18","slug":"angel-di-maria-definio-su-futuro-y-solo-restan-detalles-para-cerrar-su-vuelta-al-benfica-hasta-junio-de-2024","status":"publish","type":"post","link":"http:\/\/cordobainforma.info\/index.php\/2023\/06\/21\/angel-di-maria-definio-su-futuro-y-solo-restan-detalles-para-cerrar-su-vuelta-al-benfica-hasta-junio-de-2024\/","title":{"rendered":"\u00c1ngel Di Mar\u00eda defini\u00f3 su futuro y solo restan detalles para cerrar su vuelta al Benfica hasta junio de 2024"},"content":{"rendered":"<p><img src=\"http:\/\/cordobainforma.info\/wp-content\/uploads\/2023\/06\/angel-di-maria-definio-su-futuro-y-solo-restan-detalles-para-cerrar-su-vuelta-al-benfica-hasta-junio-de-2024.jpg\"><\/p>\n<div readability=\"34\">\n<div class=\"title check-space\" data-color=\"style='background-color:'\" readability=\"13\">\n<p><h2>El rosarino, campe\u00f3n del mundo con Argentina, tiene casi todo acordado con las \u00c1guilas de Portugal, su primer club en Europa. Los hinchas de Rosario Central deber\u00e1n seguir esperando para volver a verlo en el club.<\/h2>\n<\/p>\n<\/div><\/div>\n<div id=\"entry-body\">\n<p><strong>S\u00f3lo falta la firma<\/strong>. De a poco, el futuro de los campeones del mundo con la <strong>Selecci\u00f3n Argentina <\/strong>empieza a definir y, <a href=\"https:\/\/www.clarin.com\/deportes\/dueno-inter-miami-rompio-silencio-puso-fecha-debut-lionel-messi-unidos_0_jp2SgfeqW7.html\" target=\"_blank\" rel=\"noopener noreferrer\">embanderados detr\u00e1s del capit\u00e1n <strong>Lionel Messi <\/strong>que ir\u00e1 al <strong>Inter Miami<\/strong><\/a>, los m\u00e1s experimentados van cerrando la continuidad de sus carreras. Uno de los que son\u00f3 para acompa\u00f1arlo en ese periplo en la MLS era su inseparable compa\u00f1ero <strong>\u00c1ngel Di Mar\u00eda<\/strong>, pero no: &#8216;Fideo&#8217; est\u00e1 en los <strong>detalles finales <\/strong>para cerrar su retorno al <strong>Benfica de Portugal<\/strong>, el primer club en el que desembarc\u00f3 en Europa.<\/p>\n<p><strong>\u00abLas negociaciones est\u00e1 en la etapa final. Solo restan detalles y suceder\u00e1 en los pr\u00f3ximos d\u00edas si todo marcha seg\u00fan el plan. El contrato hasta junio de 2024 fue aceptado y est\u00e1 a la espera de la firma\u00bb<\/strong>, public\u00f3 el periodista especializado en mercado mundial, Fabrizio Romano.<\/p>\n<p>El lunes, el peri\u00f3dico <strong>&#8216;A Bola&#8217;<\/strong>, uno de los m\u00e1s prestigiosos de Portugal, hab\u00eda colocado en su tapa el plan de \u00abseducci\u00f3n\u00bb que el Benfica planeaba para Di Mar\u00eda, que tiene una muy buena relaci\u00f3n con el presidente Rui Costa y una amistad con Nico Otamendi, el actual capit\u00e1n del club y su compa\u00f1ero en la conquista de Qatar 2022.<\/p>\n<div class=\"sp__Normal embed-box embed-body-photo\" data-index=\"1\">\n<picture class=\"pointer\">\n<img class=\"img-expand\" width=\"100\" height=\"100\" loading=\"lazy\" src=\"http:\/\/cordobainforma.info\/wp-content\/uploads\/2023\/06\/angel-di-maria-definio-su-futuro-y-solo-restan-detalles-para-cerrar-su-vuelta-al-benfica-hasta-junio-de-2024-2.jpg\" alt=\"La tapa del diario A Bola de Portugal, con Di Mar\u00eda como noticia destacada, el pasado lunes.\"><br \/>\n<span class=\"bt-expand\"><br \/>\n<svg class=\"ico white_mod\">\n<use class=\"use-expand\" xlink:href=\"#icon-expand\" \/>\n<\/svg><br \/>\n<\/span>\n<\/picture><figcaption>La tapa del diario A Bola de Portugal, con Di Mar\u00eda como noticia destacada, el pasado lunes. <\/figcaption><\/div>\n<p>Un detalle no menor que indic\u00f3 el peri\u00f3dico portugu\u00e9s: <strong>Jorgelina Cardoso<\/strong>, la esposa de &#8216;Fideo&#8217;, tuvo recuerdos imborrables de su estad\u00eda en Lisboa. Los hinchas de <strong>Rosario Central<\/strong>, entonces, deber\u00e1n esperar al menos un a\u00f1o m\u00e1s para cumplir su sue\u00f1o de volver a verlo en el estadio Gigante de Arroyito.<\/p>\n<p>Di Mar\u00eda lleg\u00f3 a Lisboa para el inicio de la temporada 2007\/08, con apenas 19 a\u00f1os y por unos <strong>8 millones de d\u00f3lares<\/strong>. Con la camiseta de las &#8216;Aguilas&#8217; jug\u00f3 121 partidos, convirti\u00f3 15 goles y brind\u00f3 28 asistencias. Fueron tres t\u00edtulos en el club (una Liga y dos Copas de Portugal), pero lo que realmente import\u00f3 fue c\u00f3mo lo potenci\u00f3 <strong>Jorge Jes\u00fas<\/strong>, el DT de aquel entonces y a quien siempre le agradeci\u00f3 haber confiado en \u00e9l.<\/p>\n<p>En julio de 2010, lo vendi\u00f3 por<strong> 33.000.000 de euros al Real Madrid<\/strong>, donde continu\u00f3 un recorrido en clubes de elite que la \u00faltima temporada lo llev\u00f3 a la Juventus de Italia, donde decidi\u00f3 no renovar su contrato.<\/p>\n<div class=\"sp__Normal embed-box embed-body-photo\" data-index=\"2\">\n<picture class=\"pointer\">\n<img class=\"img-expand\" width=\"100\" height=\"100\" loading=\"lazy\" src=\"http:\/\/cordobainforma.info\/wp-content\/uploads\/2023\/06\/angel-di-maria-definio-su-futuro-y-solo-restan-detalles-para-cerrar-su-vuelta-al-benfica-hasta-junio-de-2024-3.jpg\" alt=\"Foto: Pedro PARDO \/ AFP.\"><br \/>\n<span class=\"bt-expand\"><br \/>\n<svg class=\"ico white_mod\">\n<use class=\"use-expand\" xlink:href=\"#icon-expand\" \/>\n<\/svg><br \/>\n<\/span>\n<\/picture><figcaption>Foto: Pedro PARDO \/ AFP. <\/figcaption><\/div>\n<p><strong>\u00abLlego el final de una etapa dif\u00edcil y complicada\u00bb<\/strong>, encabez\u00f3 el texto que acompa\u00f1\u00f3 una imagen con un festejo del Fideo con la camiseta de la Vecchia Signora.<\/p>\n<p>Tras su salida del Par\u00eds Saint-Germain, Di Mar\u00eda recal\u00f3 en Juventus. Su fichaje se confirm\u00f3 en julio de 2022 y casi un a\u00f1o despu\u00e9s se hace efectiva su salida. No fue una buena temporada para el equipo de Tur\u00edn en l\u00edneas generales.<\/p>\n<p>En la Serie A, termin\u00f3 en el s\u00e9ptimo lugar (Conference League) por un descuento de 10 puntos que se le aplic\u00f3 como castigo por \u00abirregularidades\u00bb en el mercado de pases. En la Champions, no logr\u00f3 acceder a octavos: termin\u00f3 en el tercer puesto del Grupo H, muy lejos del PSG y de Benfica.<\/p>\n<p>En Europa League pas\u00f3 al Friburgo y al Sporting de Lisboa, pero cay\u00f3 en semis con Sevilla en una serie que se le hab\u00eda presentado favorable tras empatar en Tur\u00edn y empezar 1-0 en Andaluc\u00eda. Pero se lo empataron y Erik Lamela estamp\u00f3 el 2-1 en el primer tiempo del alargue. Para esa llave, Di Mar\u00eda lleg\u00f3 con lo justo por culpa de una lesi\u00f3n.<\/p>\n<p> Lo que termin\u00f3 de romper la relaci\u00f3n entre Di Mar\u00eda y los dirigentes de Juventus fue una dolencia del Fideo en uno de sus tobillos a fines de abril. El argentino se hab\u00eda mostrado trabajando con normalidad en las redes sociales, pero cuando el entrenador, Massimiliano Allegri, hab\u00eda decidido que fuera al banco en el duelo ante Bologna, por la fecha 32 de la Serie A, Di Mar\u00eda acus\u00f3 dolor. En la prensa italiana comunicaron que se trataba de una lesi\u00f3n \u00absospechosa\u00bb, algo que habr\u00edan filtrado desde el club.<\/p>\n<p> Di Mar\u00eda se fue de la Juve tras disputar 40 partidos oficiales con 8 goles y 7 asistencias. Y ser\u00e1 recordado como el club que le dio cobijo mientras Angelito fue campe\u00f3n del mundo con la Selecci\u00f3n Argentina en el Mundial de Qatar 2022.<\/p>\n<p> <span class=\"title-related\">Mir\u00e1 tambi\u00e9n<\/span> <\/div>\n","protected":false},"excerpt":{"rendered":"<p>El rosarino, campe\u00f3n del mundo con Argentina, tiene casi todo acordado con las \u00c1guilas de Portugal, su primer club en Europa. Los hinchas de Rosario Central deber\u00e1n seguir esperando para volver a verlo en el club. S\u00f3lo falta la firma. De a poco, el futuro de los campeones del mundo con la Selecci\u00f3n Argentina empieza [&hellip;]<\/p>\n","protected":false},"author":1,"featured_media":78484,"comment_status":"closed","ping_status":"closed","sticky":false,"template":"","format":"standard","meta":[],"categories":[20],"tags":[],"_links":{"self":[{"href":"http:\/\/cordobainforma.info\/index.php\/wp-json\/wp\/v2\/posts\/78483"}],"collection":[{"href":"http:\/\/cordobainforma.info\/index.php\/wp-json\/wp\/v2\/posts"}],"about":[{"href":"http:\/\/cordobainforma.info\/index.php\/wp-json\/wp\/v2\/types\/post"}],"author":[{"embeddable":true,"href":"http:\/\/cordobainforma.info\/index.php\/wp-json\/wp\/v2\/users\/1"}],"replies":[{"embeddable":true,"href":"http:\/\/cordobainforma.info\/index.php\/wp-json\/wp\/v2\/comments?post=78483"}],"version-history":[{"count":0,"href":"http:\/\/cordobainforma.info\/index.php\/wp-json\/wp\/v2\/posts\/78483\/revisions"}],"wp:featuredmedia":[{"embeddable":true,"href":"http:\/\/cordobainforma.info\/index.php\/wp-json\/wp\/v2\/media\/78484"}],"wp:attachment":[{"href":"http:\/\/cordobainforma.info\/index.php\/wp-json\/wp\/v2\/media?parent=78483"}],"wp:term":[{"taxonomy":"category","embeddable":true,"href":"http:\/\/cordobainforma.info\/index.php\/wp-json\/wp\/v2\/categories?post=78483"},{"taxonomy":"post_tag","embeddable":true,"href":"http:\/\/cordobainforma.info\/index.php\/wp-json\/wp\/v2\/tags?post=78483"}],"curies":[{"name":"wp","href":"https:\/\/api.w.org\/{rel}","templated":true}]}}